{"id":4356,"date":"2024-04-01T14:26:48","date_gmt":"2024-04-01T13:26:48","guid":{"rendered":"https:\/\/sites.ac-nancy-metz.fr\/biochimie\/?p=4356"},"modified":"2024-04-01T14:43:52","modified_gmt":"2024-04-01T13:43:52","slug":"a-la-rencontre-du-monde-professionnel-journee-dintegration-professionnelle-des-etudiants-et-jeunes-chercheurs-au-lycee-stanislas","status":"publish","type":"post","link":"https:\/\/sites.ac-nancy-metz.fr\/biochimie\/a-la-rencontre-du-monde-professionnel-journee-dintegration-professionnelle-des-etudiants-et-jeunes-chercheurs-au-lycee-stanislas\/","title":{"rendered":"A la rencontre du monde professionnel\u2026 Journ\u00e9e d\u2019int\u00e9gration professionnelle des \u00e9tudiants et jeunes chercheurs au lyc\u00e9e Stanislas"},"content":{"rendered":"\n<p class=\"has-medium-font-size\"><strong>Comment ancrer la formation de nos \u00e9tudiants dans la r\u00e9alit\u00e9 des exigences professionnelles des m\u00e9tiers de la fili\u00e8re&nbsp;des Biotechnologies ?<\/strong><\/p>\n\n\n\n<p>L\u2019accompagnement des \u00e9tudiants \u00e0 la construction de leur projet professionnel, r\u00e9aliste et ambitieux, est un imp\u00e9ratif \u00e0 la r\u00e9ussite de leur insertion dans le monde du travail. C\u2019est pourquoi, nous avons propos\u00e9 \u00e0 nos \u00e9tudiants d\u2019\u00eatre acteurs dans l\u2019organisation et l\u2019animation de rencontres professionnelles avec un temps fort \u00ab&nbsp;La journ\u00e9e des biotechnologies&nbsp;\u00bb qui a eu lieu&nbsp;<strong>le 23 novembre 2024.&nbsp;<\/strong><\/p>\n\n\n\n<p>L\u2019imp\u00e9ratif a \u00e9t\u00e9 d\u2019\u00e9viter la forme de conf\u00e9rence passive des \u00e9tudiants mais bien au contraire chaque atelier a \u00e9t\u00e9 organis\u00e9 de mani\u00e8re tr\u00e8s interactive sous forme de d\u00e9fis relev\u00e9s par les \u00e9tudiants et les professionnels du secteur. (<strong><a href=\"https:\/\/sites.ac-nancy-metz.fr\/biochimie\/wp-content\/uploads\/Action_Journee_biotechnologies_2023.pdf\" data-type=\"URL\" data-id=\"https:\/\/sites.ac-nancy-metz.fr\/biochimie\/wp-content\/uploads\/Action_Journee_biotechnologies_2023.pdf\" target=\"_blank\" rel=\"noreferrer noopener\">D\u00e9couvrez le programme<\/a><\/strong>).<\/p>\n\n\n\n<p>Tous les domaines des biotechnologies ont \u00e9t\u00e9 repr\u00e9sent\u00e9s par nos partenaires aux profils vari\u00e9s, avec des parcours parfois atypiques&nbsp;: Chercheurs, responsables d\u2019entreprises, cheffe de laboratoires, ing\u00e9nieurs, techniciens ou encore ma\u00eetres de conf\u00e9rences enseignants universitaires et responsable recrutement.&nbsp;<\/p>\n\n\n\n<p>Pour compl\u00e9ter l\u2019\u00e9v\u00e8nement, les \u00e9tudiants ont visit\u00e9 les laboratoires et environnements de travail de nos partenaires. (<strong><a rel=\"noreferrer noopener\" href=\"https:\/\/sites.ac-nancy-metz.fr\/biochimie\/wp-content\/uploads\/Livret_Journee_Biotechnologies_Lycee_Stanislas_2023.pdf\" data-type=\"URL\" data-id=\"https:\/\/sites.ac-nancy-metz.fr\/biochimie\/wp-content\/uploads\/Livret_Journee_Biotechnologies_Lycee_Stanislas_2023.pdf\" target=\"_blank\">D\u00e9couvrez le livret<\/a><\/strong>).<\/p>\n\n\n<div class=\"wp-block-image\">\n<figure class=\"aligncenter size-large is-resized\"><img loading=\"lazy\" decoding=\"async\" src=\"https:\/\/sites.ac-nancy-metz.fr\/biochimie\/wp-content\/uploads\/Capture-decran-2024-04-01-a-15.23.44-1024x377.png\" alt=\"\" class=\"wp-image-4361\" width=\"1153\" height=\"424\" srcset=\"https:\/\/sites.ac-nancy-metz.fr\/biochimie\/wp-content\/uploads\/Capture-decran-2024-04-01-a-15.23.44-1024x377.png 1024w, https:\/\/sites.ac-nancy-metz.fr\/biochimie\/wp-content\/uploads\/Capture-decran-2024-04-01-a-15.23.44-300x110.png 300w, https:\/\/sites.ac-nancy-metz.fr\/biochimie\/wp-content\/uploads\/Capture-decran-2024-04-01-a-15.23.44-768x283.png 768w, https:\/\/sites.ac-nancy-metz.fr\/biochimie\/wp-content\/uploads\/Capture-decran-2024-04-01-a-15.23.44.png 1484w\" sizes=\"auto, (max-width: 1153px) 100vw, 1153px\" \/><\/figure><\/div>\n\n\n<p><strong>Un \u00e9v\u00e8nement exceptionnel et une belle r\u00e9ussite.<\/strong><\/p>\n\n\n\n<p><strong>Rendez-vous \u00e0 tous pour la prochaine \u00e9dition au Lyc\u00e9e Arthur Varoquaux de Tomblaine, qui accueille la formation du BTS Biotechnologie en Recherche et en Production \u00e0 la rentr\u00e9e 2024.<\/strong><\/p>\n","protected":false},"excerpt":{"rendered":"<p>Comment ancrer la formation de nos \u00e9tudiants dans la r\u00e9alit\u00e9 des exigences professionnelles des m\u00e9tiers de la fili\u00e8re&nbsp;des Biotechnologies ? L\u2019accompagnement des \u00e9tudiants \u00e0 la construction&#8230;<\/p>\n","protected":false},"author":13,"featured_media":4360,"comment_status":"closed","ping_status":"closed","sticky":false,"template":"","format":"standard","meta":{"footnotes":""},"categories":[111,119],"tags":[],"class_list":["post-4356","post","type-post","status-publish","format-standard","has-post-thumbnail","hentry","category-actualites","category-bts"],"aioseo_notices":[],"_links":{"self":[{"href":"https:\/\/sites.ac-nancy-metz.fr\/biochimie\/wp-json\/wp\/v2\/posts\/4356","targetHints":{"allow":["GET"]}}],"collection":[{"href":"https:\/\/sites.ac-nancy-metz.fr\/biochimie\/wp-json\/wp\/v2\/posts"}],"about":[{"href":"https:\/\/sites.ac-nancy-metz.fr\/biochimie\/wp-json\/wp\/v2\/types\/post"}],"author":[{"embeddable":true,"href":"https:\/\/sites.ac-nancy-metz.fr\/biochimie\/wp-json\/wp\/v2\/users\/13"}],"replies":[{"embeddable":true,"href":"https:\/\/sites.ac-nancy-metz.fr\/biochimie\/wp-json\/wp\/v2\/comments?post=4356"}],"version-history":[{"count":3,"href":"https:\/\/sites.ac-nancy-metz.fr\/biochimie\/wp-json\/wp\/v2\/posts\/4356\/revisions"}],"predecessor-version":[{"id":4379,"href":"https:\/\/sites.ac-nancy-metz.fr\/biochimie\/wp-json\/wp\/v2\/posts\/4356\/revisions\/4379"}],"wp:featuredmedia":[{"embeddable":true,"href":"https:\/\/sites.ac-nancy-metz.fr\/biochimie\/wp-json\/wp\/v2\/media\/4360"}],"wp:attachment":[{"href":"https:\/\/sites.ac-nancy-metz.fr\/biochimie\/wp-json\/wp\/v2\/media?parent=4356"}],"wp:term":[{"taxonomy":"category","embeddable":true,"href":"https:\/\/sites.ac-nancy-metz.fr\/biochimie\/wp-json\/wp\/v2\/categories?post=4356"},{"taxonomy":"post_tag","embeddable":true,"href":"https:\/\/sites.ac-nancy-metz.fr\/biochimie\/wp-json\/wp\/v2\/tags?post=4356"}],"curies":[{"name":"wp","href":"https:\/\/api.w.org\/{rel}","templated":true}]}}