{"id":4554,"date":"2026-04-27T11:24:12","date_gmt":"2026-04-27T09:24:12","guid":{"rendered":"https:\/\/sites.ac-nancy-metz.fr\/ctf57\/?p=4554"},"modified":"2026-04-27T11:25:03","modified_gmt":"2026-04-27T09:25:03","slug":"la-faites-de-lallemand-souffle-ses-10-bougies","status":"publish","type":"post","link":"https:\/\/sites.ac-nancy-metz.fr\/ctf57\/2026\/04\/27\/la-faites-de-lallemand-souffle-ses-10-bougies\/","title":{"rendered":"La Faites de l\u2019allemand souffle ses 10 bougies !"},"content":{"rendered":"\n<p><em>Dans le cadre de sa politique en faveur de l\u2019apprentissage de l\u2019allemand et des actions transfrontali\u00e8res en Grande R\u00e9gion, le D\u00e9partement de la Moselle&nbsp;<strong>c\u00e9l\u00e8bre cette ann\u00e9e le 10<sup>\u00e8me<\/sup>&nbsp;anniversaire<\/strong>&nbsp;de la \u00ab&nbsp;<strong><u>Faites de l\u2019allemand<\/u><\/strong>&nbsp;\u00bb&nbsp;<strong>du 18 au 22 mai 2026<\/strong>&nbsp;dans toute la Moselle <\/em><\/p>\n\n\n\n<p><em>Cette semaine festive propose de valoriser les actions que vous initierez pour mettre \u00e0 l\u2019honneur l\u2019allemand dans votre \u00e9cole.<\/em><\/p>\n\n\n\n<p><em>Les coll\u00e8ges et les \u00e9coles de Moselle sont chaque ann\u00e9e plus nombreux \u00e0 c\u00e9l\u00e9brer la \u00ab Faites de l\u2019allemand \u00bb en pr\u00e9sentant des animations vari\u00e9es&nbsp;:<\/em><\/p>\n\n\n\n<ul class=\"wp-block-list\">\n<li><em>chants, spectacles, lectures en allemand,<\/em><\/li>\n\n\n\n<li><em>expositions d\u2019affiches, d\u00e9coration aux couleurs de l\u2019Allemagne,<\/em><\/li>\n\n\n\n<li><em>jeux, sayn\u00e8tes, quizz,<\/em><\/li>\n\n\n\n<li><em>ateliers th\u00e9matiques (sport avec consignes en allemand, \u2026),<\/em><\/li>\n\n\n\n<li><em>questionnaires sur les habitudes culinaires en France et en Allemagne avec vos correspondants allemands,<\/em><\/li>\n\n\n\n<li><em>d\u00e9gustations de produits aux saveurs des L\u00e4nder allemands et d\u2019Autriche.<\/em><\/li>\n<\/ul>\n\n\n\n<p><em>Nous sommes certains que vous avez une \u00ab&nbsp;bl\u00fchende Fantasie&nbsp;\u00bb et que vos \u00e9quipes et vos \u00e9l\u00e8ves auront plein d\u2019id\u00e9es&nbsp;!&nbsp;Nous vous incitons&nbsp;\u00e0 valoriser les animations de votre \u00e9cole&nbsp;en invitant la presse locale&nbsp;et \u00e0 nous transmettre vos photos.&nbsp;<\/em><\/p>\n\n\n\n<p><em>Un kit de d\u00e9coration&nbsp;(affiches&nbsp;en&nbsp;version PDF jointe&nbsp;et drapeaux)&nbsp;pourra \u00e9galement vous \u00eatre transmis sur demande accompagn\u00e9e d\u2019un bref descriptif de votre projet \u00e0&nbsp;:&nbsp;<a href=\"mailto:engagement_gr@moselle.fr\">engagement_gr@moselle.fr<\/a><\/em><\/p>\n\n\n\n<p><\/p>\n\n\n\n<p><em>Nous vous proposons un spectacle\u00a0grand-public\u00a0le jeudi \u00a021\u00a0<\/em><em>mai \u00e0 Mondelange \u00a0<a href=\"https:\/\/secure-web.cisco.com\/1WfsTdOdTgysTq6dPRgrUmIXjNnT9GYKEjE78LrQYB3YM89WnKQfmr2-OCTDAIU0tcHnoXEOyd8KItFzpkzCzP5d_crYvuJ5GlT-6bQksKJN5EBbu0wNHA6YOiHCRBva285Q51m5JCpAfE9B2DgnZS-dbDVAmSYAWUiRxiULge5UrCBGepkpAXAFR4iDkAizL8zvfloyxEPmiSOlzr61WVNGUbTuNf7fkSEC1M7w8j6_te--R31nvgVu7AN6ZXdJ1Ia6fRkz2WG6mXCEn6OsuFtNylLSTVaAH0_hUqadoUqNf7UcwZq-whPzXswMl0pUwzD5YBXpn-i_A3Gql-4gBIGO5_5rLlw8uTsOUBbu3RdkSDyZSJ2cHStEbS4MITxjw3gsnvyb4fx1zurFCHH7EDsCdXc_Jr3uyjctjhyOEQymfLkyU4CPs-N7OFcq-WMp3tx8k6vJrsNkRYUyl7UbXbbQS8wDe2VhWYBcMVLMLDzMpjUJ7ZucqMFZqGtw578SF\/https%3A%2F%2Fdoctransfert57.moselle.fr%2Findex.php%2Fs%2FaJiJ6CtDRsZ9KQ6\" target=\"_blank\" rel=\"noreferrer noopener\">https:\/\/doctransfert57.moselle.fr\/index.php\/s\/aJiJ6CtDRsZ9KQ6<\/a> <\/em><em>que vous pourrez diffuser aux familles sur vos ENT et r\u00e9seaux sociaux.<\/em><\/p>\n\n\n\n<p><\/p>\n","protected":false},"excerpt":{"rendered":"<p>Dans le cadre de sa politique en faveur de l\u2019apprentissage de l\u2019allemand et des actions transfrontali\u00e8res en Grande R\u00e9gion, le D\u00e9partement de la Moselle&nbsp;c\u00e9l\u00e8bre cette ann\u00e9e le 10\u00e8me&nbsp;anniversaire&nbsp;de la \u00ab&nbsp;Faites de l\u2019allemand&nbsp;\u00bb&nbsp;du 18 au 22 mai 2026&nbsp;dans toute la Moselle Cette semaine festive propose de valoriser les actions que vous initierez pour mettre \u00e0 l\u2019honneur [&hellip;]<\/p>\n","protected":false},"author":8,"featured_media":4555,"comment_status":"closed","ping_status":"","sticky":false,"template":"","format":"standard","meta":{"site-container-style":"default","site-container-layout":"default","site-sidebar-layout":"default","disable-article-header":"default","disable-site-header":"default","disable-site-footer":"default","disable-content-area-spacing":"default","footnotes":""},"categories":[22,139],"tags":[],"class_list":["post-4554","post","type-post","status-publish","format-standard","has-post-thumbnail","hentry","category-culture","category-faits-culturels"],"_links":{"self":[{"href":"https:\/\/sites.ac-nancy-metz.fr\/ctf57\/wp-json\/wp\/v2\/posts\/4554","targetHints":{"allow":["GET"]}}],"collection":[{"href":"https:\/\/sites.ac-nancy-metz.fr\/ctf57\/wp-json\/wp\/v2\/posts"}],"about":[{"href":"https:\/\/sites.ac-nancy-metz.fr\/ctf57\/wp-json\/wp\/v2\/types\/post"}],"author":[{"embeddable":true,"href":"https:\/\/sites.ac-nancy-metz.fr\/ctf57\/wp-json\/wp\/v2\/users\/8"}],"replies":[{"embeddable":true,"href":"https:\/\/sites.ac-nancy-metz.fr\/ctf57\/wp-json\/wp\/v2\/comments?post=4554"}],"version-history":[{"count":2,"href":"https:\/\/sites.ac-nancy-metz.fr\/ctf57\/wp-json\/wp\/v2\/posts\/4554\/revisions"}],"predecessor-version":[{"id":4557,"href":"https:\/\/sites.ac-nancy-metz.fr\/ctf57\/wp-json\/wp\/v2\/posts\/4554\/revisions\/4557"}],"wp:featuredmedia":[{"embeddable":true,"href":"https:\/\/sites.ac-nancy-metz.fr\/ctf57\/wp-json\/wp\/v2\/media\/4555"}],"wp:attachment":[{"href":"https:\/\/sites.ac-nancy-metz.fr\/ctf57\/wp-json\/wp\/v2\/media?parent=4554"}],"wp:term":[{"taxonomy":"category","embeddable":true,"href":"https:\/\/sites.ac-nancy-metz.fr\/ctf57\/wp-json\/wp\/v2\/categories?post=4554"},{"taxonomy":"post_tag","embeddable":true,"href":"https:\/\/sites.ac-nancy-metz.fr\/ctf57\/wp-json\/wp\/v2\/tags?post=4554"}],"curies":[{"name":"wp","href":"https:\/\/api.w.org\/{rel}","templated":true}]}}