{"id":4558,"date":"2026-04-27T11:46:16","date_gmt":"2026-04-27T09:46:16","guid":{"rendered":"https:\/\/sites.ac-nancy-metz.fr\/ctf57\/?p=4558"},"modified":"2026-04-27T11:48:12","modified_gmt":"2026-04-27T09:48:12","slug":"stage-intensif-en-micro-residence-au-goethe-institut","status":"publish","type":"post","link":"https:\/\/sites.ac-nancy-metz.fr\/ctf57\/2026\/04\/27\/stage-intensif-en-micro-residence-au-goethe-institut\/","title":{"rendered":"Stage intensif en micro-r\u00e9sidence au Goethe Institut"},"content":{"rendered":"\n<p>Vous enseignez l\u2019allemand \u00e0 des \u00e9l\u00e8ves de 5 \u00e0 10 ans et vous souhaitez am\u00e9liorer vos comp\u00e9tences tout en \u00e9changeant avec des coll\u00e8gues passionn\u00e9s ? Le <strong>Goethe-Institut<\/strong> propose une bourse exclusive pour une micro-r\u00e9sidence exceptionnelle \u00e0 <strong>Nancy<\/strong>, m\u00ealant formation linguistique et immersion professionnelle.<\/p>\n\n\n\n<h2 class=\"wp-block-heading\">Pourquoi participer ?<\/h2>\n\n\n\n<p>Cette micro-r\u00e9sidence n&rsquo;est pas qu&rsquo;une simple formation, c&rsquo;est une exp\u00e9rience immersive de 5 jours con\u00e7ue pour :<\/p>\n\n\n\n<ul class=\"wp-block-list\">\n<li><strong>Renforcer votre allemand<\/strong> (objectif niveau B1) pour \u00eatre plus \u00e0 l&rsquo;aise en classe.<\/li>\n\n\n\n<li><strong>Innover dans vos pratiques<\/strong> avec des ateliers sur l&rsquo;EMILE (CLIL), l&rsquo;EDD et le travail par projets.<\/li>\n\n\n\n<li><strong>S&rsquo;inspirer sur le terrain<\/strong> lors d&rsquo;une journ\u00e9e d&rsquo;excursion en Allemagne avec observation dans une \u00e9cole primaire.<\/li>\n<\/ul>\n\n\n\n<h2 class=\"wp-block-heading\">\ud83d\udccb Quelques infos en un coup d&rsquo;\u0153il<\/h2>\n\n\n\n<p>Le stage du 19 au 23 octobre 2026 est limit\u00e9 \u00e0 <strong>18 participants<\/strong> du niveau A2 valid\u00e9 (test en ligne pr\u00e9vu) maximum pour garantir une qualit\u00e9 d&rsquo;\u00e9change optimale. Les <strong>frais p\u00e9dagogiques<\/strong> sont int\u00e9gralement couverts (valeur 554 \u20ac). L&rsquo;<strong>h\u00e9bergement est pr\u00e9vu en h\u00f4tel<\/strong> (chambre individuelle) \u00e0 Nancy. Le<strong> transport<\/strong> aller-retour en train (2nde classe) est pris en charge. Pour la<strong> restauration<\/strong>, les petits-d\u00e9jeuners et d\u00e9jeuners sont inclus ainsi que le voyage en bus vers l&rsquo;Allemagne, un programme culturel et le visites d&rsquo;\u00e9coles. <\/p>\n\n\n\n<h2 class=\"wp-block-heading\">\ud83d\udcc5 Calendrier <\/h2>\n\n\n\n<ul class=\"wp-block-list\">\n<li><strong>Arriv\u00e9e :<\/strong> Dimanche 18 octobre 2026<\/li>\n\n\n\n<li><strong>Formation :<\/strong> Lundi, mardi, jeudi et vendredi (9h-17h)<\/li>\n\n\n\n<li><strong>Immersion en Allemagne :<\/strong> Mercredi 21 octobre 2026<\/li>\n\n\n\n<li><strong>D\u00e9part :<\/strong> Vendredi 23 octobre soir<\/li>\n\n\n\n<li>contact : <a href=\"mailto:stipendien-nancy@goethe.de\">stipendien-nancy@goethe.de<\/a><\/li>\n<\/ul>\n\n\n\n<blockquote class=\"wp-block-quote is-layout-flow wp-block-quote-is-layout-flow\">\n<p><strong>Date limite de candidature : 31 mai 2026<\/strong> &gt; Les candidats seront inform\u00e9s de la d\u00e9cision du jury avant les vacances d&rsquo;\u00e9t\u00e9.<\/p>\n<\/blockquote>\n\n\n\n<h2 class=\"wp-block-heading\">\ud83d\ude80 Pr\u00eat\u00b7e \u00e0 postuler ?<\/h2>\n\n\n\n<p>Ne manquez pas cette chance unique de d\u00e9velopper votre r\u00e9seau et vos comp\u00e9tences dans un cadre franco-allemand stimulant.<\/p>\n\n\n\n<p><strong><a href=\"https:\/\/www.google.com\/search?q=Lien_%C3%A0_ins%C3%A9rer_ici\" target=\"_blank\" rel=\"noreferrer noopener\">\ud83d\udc49 Cliquez ici <\/a><\/strong>: <a href=\"https:\/\/www.goethe.de\/ins\/fr\/fr\/spr\/unt\/frb\/exz.html\">Bourse pour micro-r\u00e9sidence &#8211; stage intensif pour professeur\u00b7e\u00b7s des \u00e9coles (B1) &#8211; Goethe-Institut France<\/a><\/p>\n\n\n\n<p><\/p>\n","protected":false},"excerpt":{"rendered":"<p>Vous enseignez l\u2019allemand \u00e0 des \u00e9l\u00e8ves de 5 \u00e0 10 ans et vous souhaitez am\u00e9liorer vos comp\u00e9tences tout en \u00e9changeant avec des coll\u00e8gues passionn\u00e9s ? Le Goethe-Institut propose une bourse exclusive pour une micro-r\u00e9sidence exceptionnelle \u00e0 Nancy, m\u00ealant formation linguistique et immersion professionnelle. Pourquoi participer ? Cette micro-r\u00e9sidence n&rsquo;est pas qu&rsquo;une simple formation, c&rsquo;est une [&hellip;]<\/p>\n","protected":false},"author":8,"featured_media":4559,"comment_status":"closed","ping_status":"","sticky":false,"template":"","format":"standard","meta":{"site-container-style":"default","site-container-layout":"default","site-sidebar-layout":"default","disable-article-header":"default","disable-site-header":"default","disable-site-footer":"default","disable-content-area-spacing":"default","footnotes":""},"categories":[22,13],"tags":[287],"class_list":["post-4558","post","type-post","status-publish","format-standard","has-post-thumbnail","hentry","category-culture","category-projets","tag-stages-linguistiques"],"_links":{"self":[{"href":"https:\/\/sites.ac-nancy-metz.fr\/ctf57\/wp-json\/wp\/v2\/posts\/4558","targetHints":{"allow":["GET"]}}],"collection":[{"href":"https:\/\/sites.ac-nancy-metz.fr\/ctf57\/wp-json\/wp\/v2\/posts"}],"about":[{"href":"https:\/\/sites.ac-nancy-metz.fr\/ctf57\/wp-json\/wp\/v2\/types\/post"}],"author":[{"embeddable":true,"href":"https:\/\/sites.ac-nancy-metz.fr\/ctf57\/wp-json\/wp\/v2\/users\/8"}],"replies":[{"embeddable":true,"href":"https:\/\/sites.ac-nancy-metz.fr\/ctf57\/wp-json\/wp\/v2\/comments?post=4558"}],"version-history":[{"count":3,"href":"https:\/\/sites.ac-nancy-metz.fr\/ctf57\/wp-json\/wp\/v2\/posts\/4558\/revisions"}],"predecessor-version":[{"id":4562,"href":"https:\/\/sites.ac-nancy-metz.fr\/ctf57\/wp-json\/wp\/v2\/posts\/4558\/revisions\/4562"}],"wp:featuredmedia":[{"embeddable":true,"href":"https:\/\/sites.ac-nancy-metz.fr\/ctf57\/wp-json\/wp\/v2\/media\/4559"}],"wp:attachment":[{"href":"https:\/\/sites.ac-nancy-metz.fr\/ctf57\/wp-json\/wp\/v2\/media?parent=4558"}],"wp:term":[{"taxonomy":"category","embeddable":true,"href":"https:\/\/sites.ac-nancy-metz.fr\/ctf57\/wp-json\/wp\/v2\/categories?post=4558"},{"taxonomy":"post_tag","embeddable":true,"href":"https:\/\/sites.ac-nancy-metz.fr\/ctf57\/wp-json\/wp\/v2\/tags?post=4558"}],"curies":[{"name":"wp","href":"https:\/\/api.w.org\/{rel}","templated":true}]}}