{"id":1061,"date":"2022-03-08T09:20:00","date_gmt":"2022-03-08T08:20:00","guid":{"rendered":"https:\/\/sites.ac-nancy-metz.fr\/dsden55\/?p=1061"},"modified":"2022-03-11T10:06:40","modified_gmt":"2022-03-11T09:06:40","slug":"programmes-denseignements-a-lecole","status":"publish","type":"post","link":"https:\/\/sites.ac-nancy-metz.fr\/dsden55\/?p=1061","title":{"rendered":"Programmes d\u2019enseignements \u00e0 L\u2019\u00e9cole"},"content":{"rendered":"\n<p><strong>Cycle 1<\/strong>\u00a0: En 2015, les programmes de la maternelle ont \u00e9t\u00e9 modifi\u00e9s.<br><a href=\"https:\/\/www.education.gouv.fr\/bo\/15\/Special2\/MENE1504759A.htm\" target=\"_blank\" rel=\"noreferrer noopener\">https:\/\/www.education.gouv.fr\/bo\/15\/Special2\/MENE1504759A.htm<\/a><\/p>\n\n\n\n<p>Depuis la rentr\u00e9e 2018, des ajustements ont \u00e9t\u00e9 apport\u00e9s aux programmes scolaires de <strong>math\u00e9matiques<\/strong> afin de prendre en compte les r\u00e9sultats obtenus par la France lors des grandes enqu\u00eates internationales en mati\u00e8re \u00e9ducative et de renforcer la ma\u00eetrise des savoirs fondamentaux&nbsp;: lire, \u00e9crire, compter, respecter autrui.<\/p>\n\n\n\n<p>MEN &#8211; BO du 26 juillet 2018<\/p>\n\n\n\n<p><strong>cycle 2\u00a0: pour les math\u00e9matiques pages 22-30<br><\/strong><br><a href=\"http:\/\/cache.media.education.gouv.fr\/file\/30\/62\/2\/ensel169_annexe1_985622.pdf\" target=\"_blank\" rel=\"noreferrer noopener\">http:\/\/cache.media.education.gouv.fr\/file\/30\/62\/2\/ensel169_annexe1_985622.pdf<\/a><\/p>\n\n\n\n<p><strong>cycle 3\u00a0: pour les math\u00e9matiques pages 27-35<br><\/strong><br><a href=\"http:\/\/cache.media.education.gouv.fr\/file\/30\/05\/0\/ensel169_annexe2V2_986050.pdf\" target=\"_blank\" rel=\"noreferrer noopener\">http:\/\/cache.media.education.gouv.fr\/file\/30\/05\/0\/ensel169_annexe2V2_986050.pdf<\/a><\/p>\n\n\n\n<p><a href=\"https:\/\/cache.media.eduscol.education.fr\/file\/Cycle_2\/34\/6\/2019_reco_pedago_primaire_bdef_1173346.pdf\" target=\"_blank\" rel=\"noreferrer noopener\">Circulaire de septembre 2019 sur les priorit\u00e9s \u00e0 l\u2019\u00e9cole primaire<\/a><br><em>Lire la partie 2 pour l\u2019enseignement des math\u00e9matiques<\/em><\/p>\n\n\n\n<p>Documents joints :<\/p>\n\n\n\n<div class=\"wp-block-file\"><a id=\"wp-block-file--media-8ad81066-1e59-4e88-b802-4f23bd5ee436\" href=\"https:\/\/sites.ac-nancy-metz.fr\/dsden55\/wp-content\/uploads\/2022\/03\/programmes_maths_cycles_2_.pdf\" target=\"_blank\" rel=\"noreferrer noopener\">programmes_maths_cycles_2_<\/a><a href=\"https:\/\/sites.ac-nancy-metz.fr\/dsden55\/wp-content\/uploads\/2022\/03\/programmes_maths_cycles_2_.pdf\" class=\"wp-block-file__button\" download aria-describedby=\"wp-block-file--media-8ad81066-1e59-4e88-b802-4f23bd5ee436\">T\u00e9l\u00e9charger<\/a><\/div>\n\n\n\n<div class=\"wp-block-file\"><a id=\"wp-block-file--media-568f2806-346e-40e4-8809-dd165a765577\" href=\"https:\/\/sites.ac-nancy-metz.fr\/dsden55\/wp-content\/uploads\/2022\/03\/programmes_maths_cycle_3.pdf\" target=\"_blank\" rel=\"noreferrer noopener\">programmes_maths_cycle_3<\/a><a href=\"https:\/\/sites.ac-nancy-metz.fr\/dsden55\/wp-content\/uploads\/2022\/03\/programmes_maths_cycle_3.pdf\" class=\"wp-block-file__button\" download aria-describedby=\"wp-block-file--media-568f2806-346e-40e4-8809-dd165a765577\">T\u00e9l\u00e9charger<\/a><\/div>\n\n\n\n<div class=\"wp-block-file\"><a id=\"wp-block-file--media-0429d5e2-8f44-4ca1-a9cf-ac1102d61bea\" href=\"https:\/\/sites.ac-nancy-metz.fr\/dsden55\/wp-content\/uploads\/2022\/03\/bo_programmes_maternelle_26_mars_2015.pdf\" target=\"_blank\" rel=\"noreferrer noopener\">bo_programmes_maternelle_26_mars_2015<\/a><a href=\"https:\/\/sites.ac-nancy-metz.fr\/dsden55\/wp-content\/uploads\/2022\/03\/bo_programmes_maternelle_26_mars_2015.pdf\" class=\"wp-block-file__button\" download aria-describedby=\"wp-block-file--media-0429d5e2-8f44-4ca1-a9cf-ac1102d61bea\">T\u00e9l\u00e9charger<\/a><\/div>\n","protected":false},"excerpt":{"rendered":"<div class=\"mh-excerpt\"><p>Cycle 1\u00a0: En 2015, les programmes de la maternelle ont \u00e9t\u00e9 modifi\u00e9s.https:\/\/www.education.gouv.fr\/bo\/15\/Special2\/MENE1504759A.htm Depuis la rentr\u00e9e 2018, des ajustements ont \u00e9t\u00e9 apport\u00e9s aux programmes scolaires de <a class=\"mh-excerpt-more\" href=\"https:\/\/sites.ac-nancy-metz.fr\/dsden55\/?p=1061\" title=\"Programmes d\u2019enseignements \u00e0 L\u2019\u00e9cole\">[&#8230;]<\/a><\/p>\n<\/div>","protected":false},"author":1,"featured_media":973,"comment_status":"closed","ping_status":"closed","sticky":false,"template":"","format":"standard","meta":{"_acf_changed":false,"_vp_format_video_url":"","_vp_image_focal_point":[],"_jetpack_memberships_contains_paid_content":false,"footnotes":""},"categories":[21,16],"tags":[],"class_list":["post-1061","post","type-post","status-publish","format-standard","has-post-thumbnail","hentry","category-docs-officiels","category-mathematiques"],"acf":[],"jetpack_featured_media_url":"https:\/\/sites.ac-nancy-metz.fr\/dsden55\/wp-content\/uploads\/2022\/03\/rubon67-fbd04.jpg","jetpack_sharing_enabled":true,"_links":{"self":[{"href":"https:\/\/sites.ac-nancy-metz.fr\/dsden55\/index.php?rest_route=\/wp\/v2\/posts\/1061","targetHints":{"allow":["GET"]}}],"collection":[{"href":"https:\/\/sites.ac-nancy-metz.fr\/dsden55\/index.php?rest_route=\/wp\/v2\/posts"}],"about":[{"href":"https:\/\/sites.ac-nancy-metz.fr\/dsden55\/index.php?rest_route=\/wp\/v2\/types\/post"}],"author":[{"embeddable":true,"href":"https:\/\/sites.ac-nancy-metz.fr\/dsden55\/index.php?rest_route=\/wp\/v2\/users\/1"}],"replies":[{"embeddable":true,"href":"https:\/\/sites.ac-nancy-metz.fr\/dsden55\/index.php?rest_route=%2Fwp%2Fv2%2Fcomments&post=1061"}],"version-history":[{"count":2,"href":"https:\/\/sites.ac-nancy-metz.fr\/dsden55\/index.php?rest_route=\/wp\/v2\/posts\/1061\/revisions"}],"predecessor-version":[{"id":1066,"href":"https:\/\/sites.ac-nancy-metz.fr\/dsden55\/index.php?rest_route=\/wp\/v2\/posts\/1061\/revisions\/1066"}],"wp:featuredmedia":[{"embeddable":true,"href":"https:\/\/sites.ac-nancy-metz.fr\/dsden55\/index.php?rest_route=\/wp\/v2\/media\/973"}],"wp:attachment":[{"href":"https:\/\/sites.ac-nancy-metz.fr\/dsden55\/index.php?rest_route=%2Fwp%2Fv2%2Fmedia&parent=1061"}],"wp:term":[{"taxonomy":"category","embeddable":true,"href":"https:\/\/sites.ac-nancy-metz.fr\/dsden55\/index.php?rest_route=%2Fwp%2Fv2%2Fcategories&post=1061"},{"taxonomy":"post_tag","embeddable":true,"href":"https:\/\/sites.ac-nancy-metz.fr\/dsden55\/index.php?rest_route=%2Fwp%2Fv2%2Ftags&post=1061"}],"curies":[{"name":"wp","href":"https:\/\/api.w.org\/{rel}","templated":true}]}}