{"id":1187,"date":"2022-03-06T13:03:00","date_gmt":"2022-03-06T12:03:00","guid":{"rendered":"https:\/\/sites.ac-nancy-metz.fr\/dsden55\/?p=1187"},"modified":"2022-03-14T15:06:55","modified_gmt":"2022-03-14T14:06:55","slug":"des-albums-mathematiques","status":"publish","type":"post","link":"https:\/\/sites.ac-nancy-metz.fr\/dsden55\/?p=1187","title":{"rendered":"Des albums math\u00e9matiques"},"content":{"rendered":"\n<p>Vous trouverez ci-dessous des liens vers des r\u00e9f\u00e9rences bibliographiques ainsi que des exploitations p\u00e9dagogiques d\u2019albums en lien avec les math\u00e9matiques&nbsp;:<\/p>\n\n\n\n<p><strong><a href=\"https:\/\/maths-rhone.enseigne.ac-lyon.fr\/spip\/spip.php?article54\" target=\"_blank\" rel=\"noreferrer noopener\">ALBUMS A COMPTER<\/a><\/strong> du GTD maths du Rh\u00f4ne<\/p>\n\n\n\n<p>D\u2019autres albums \u00e0 compter <strong><a href=\"http:\/\/groupes-premier-degre-36.tice.ac-orleans-tours.fr\/eva\/spip.php?article139\" target=\"_blank\" rel=\"noreferrer noopener\">ici<\/a><\/strong> des Groupes d\u00e9partementaux 36<\/p>\n\n\n\n<p>Merci \u00e0 eux pour cette contribution<\/p>\n","protected":false},"excerpt":{"rendered":"<div class=\"mh-excerpt\"><p>Vous trouverez ci-dessous des liens vers des r\u00e9f\u00e9rences bibliographiques ainsi que des exploitations p\u00e9dagogiques d\u2019albums en lien avec les math\u00e9matiques&nbsp;: ALBUMS A COMPTER du GTD <a class=\"mh-excerpt-more\" href=\"https:\/\/sites.ac-nancy-metz.fr\/dsden55\/?p=1187\" title=\"Des albums math\u00e9matiques\">[&#8230;]<\/a><\/p>\n<\/div>","protected":false},"author":1,"featured_media":973,"comment_status":"closed","ping_status":"closed","sticky":false,"template":"","format":"standard","meta":{"_acf_changed":false,"_vp_format_video_url":"","_vp_image_focal_point":[],"_jetpack_memberships_contains_paid_content":false,"footnotes":""},"categories":[16,29],"tags":[],"class_list":["post-1187","post","type-post","status-publish","format-standard","has-post-thumbnail","hentry","category-mathematiques","category-scenarios-outils-veille-pedagogique"],"acf":[],"jetpack_featured_media_url":"https:\/\/sites.ac-nancy-metz.fr\/dsden55\/wp-content\/uploads\/2022\/03\/rubon67-fbd04.jpg","jetpack_sharing_enabled":true,"_links":{"self":[{"href":"https:\/\/sites.ac-nancy-metz.fr\/dsden55\/index.php?rest_route=\/wp\/v2\/posts\/1187","targetHints":{"allow":["GET"]}}],"collection":[{"href":"https:\/\/sites.ac-nancy-metz.fr\/dsden55\/index.php?rest_route=\/wp\/v2\/posts"}],"about":[{"href":"https:\/\/sites.ac-nancy-metz.fr\/dsden55\/index.php?rest_route=\/wp\/v2\/types\/post"}],"author":[{"embeddable":true,"href":"https:\/\/sites.ac-nancy-metz.fr\/dsden55\/index.php?rest_route=\/wp\/v2\/users\/1"}],"replies":[{"embeddable":true,"href":"https:\/\/sites.ac-nancy-metz.fr\/dsden55\/index.php?rest_route=%2Fwp%2Fv2%2Fcomments&post=1187"}],"version-history":[{"count":3,"href":"https:\/\/sites.ac-nancy-metz.fr\/dsden55\/index.php?rest_route=\/wp\/v2\/posts\/1187\/revisions"}],"predecessor-version":[{"id":1190,"href":"https:\/\/sites.ac-nancy-metz.fr\/dsden55\/index.php?rest_route=\/wp\/v2\/posts\/1187\/revisions\/1190"}],"wp:featuredmedia":[{"embeddable":true,"href":"https:\/\/sites.ac-nancy-metz.fr\/dsden55\/index.php?rest_route=\/wp\/v2\/media\/973"}],"wp:attachment":[{"href":"https:\/\/sites.ac-nancy-metz.fr\/dsden55\/index.php?rest_route=%2Fwp%2Fv2%2Fmedia&parent=1187"}],"wp:term":[{"taxonomy":"category","embeddable":true,"href":"https:\/\/sites.ac-nancy-metz.fr\/dsden55\/index.php?rest_route=%2Fwp%2Fv2%2Fcategories&post=1187"},{"taxonomy":"post_tag","embeddable":true,"href":"https:\/\/sites.ac-nancy-metz.fr\/dsden55\/index.php?rest_route=%2Fwp%2Fv2%2Ftags&post=1187"}],"curies":[{"name":"wp","href":"https:\/\/api.w.org\/{rel}","templated":true}]}}