{"id":1191,"date":"2022-03-06T12:08:00","date_gmt":"2022-03-06T11:08:00","guid":{"rendered":"https:\/\/sites.ac-nancy-metz.fr\/dsden55\/?p=1191"},"modified":"2022-03-14T15:14:00","modified_gmt":"2022-03-14T14:14:00","slug":"jouons-avec-les-formes-et-les-volumes","status":"publish","type":"post","link":"https:\/\/sites.ac-nancy-metz.fr\/dsden55\/?p=1191","title":{"rendered":"JOUONS AVEC LES FORMES ET LES VOLUMES"},"content":{"rendered":"\n<p>Les CPD Maths et Arts Plastiques proposent un projet, pour les <strong>\u00e9l\u00e8ves de cycles 2 et 3<\/strong>, liant les arts (architecture) et la g\u00e9om\u00e9trie (figures et solides)&nbsp;:<strong> JOUONS AVEC LES FORMES ET LES VOLUMES<\/strong><br>\u2014&nbsp;&gt; Observation d\u2019architectures, trac\u00e9s, fabrication de figures et de solides, assemblage&#8230;<br><strong>Une s\u00e9quence<\/strong> est propos\u00e9e pour \u00eatre men\u00e9e dans le cadre de la <strong>semaine des maths<\/strong>. Vous trouverez ci-dessous l\u2019ensemble des documents dont vous aurez besoin pour r\u00e9aliser les s\u00e9ances dans votre classe&nbsp;:<br><noscript><img loading=\"lazy\" decoding=\"async\" data-skip-lazy src=\"https:\/\/www4.ac-nancy-metz.fr\/ia55\/local\/cache-vignettes\/L8xH11\/puce-32883.gif?1645610082\" alt=\"-\" width=\"8\" height=\"11\"><\/noscript><img loading=\"eager\" decoding=\"async\" src=\"data:image\/svg+xml;base64,PHN2ZyB3aWR0aD0iOCIgaGVpZ2h0PSIxMSIgdmlld0JveD0iMCAwIDggMTEiIGZpbGw9Im5vbmUiIHhtbG5zPSJodHRwOi8vd3d3LnczLm9yZy8yMDAwL3N2ZyI+PC9zdmc+\" alt=\"-\" width=\"8\" height=\"11\" data-src=\"https:\/\/www4.ac-nancy-metz.fr\/ia55\/local\/cache-vignettes\/L8xH11\/puce-32883.gif?1645610082\" data-sizes=\"auto\" class=\"vp-lazyload\">&nbsp;la fiche projet et le d\u00e9roul\u00e9 des s\u00e9ances<br><noscript><img loading=\"lazy\" decoding=\"async\" data-skip-lazy src=\"https:\/\/www4.ac-nancy-metz.fr\/ia55\/local\/cache-vignettes\/L8xH11\/puce-32883.gif?1645610082\" alt=\"-\" width=\"8\" height=\"11\"><\/noscript><img loading=\"eager\" decoding=\"async\" src=\"data:image\/svg+xml;base64,PHN2ZyB3aWR0aD0iOCIgaGVpZ2h0PSIxMSIgdmlld0JveD0iMCAwIDggMTEiIGZpbGw9Im5vbmUiIHhtbG5zPSJodHRwOi8vd3d3LnczLm9yZy8yMDAwL3N2ZyI+PC9zdmc+\" alt=\"-\" width=\"8\" height=\"11\" data-src=\"https:\/\/www4.ac-nancy-metz.fr\/ia55\/local\/cache-vignettes\/L8xH11\/puce-32883.gif?1645610082\" data-sizes=\"auto\" class=\"vp-lazyload\">&nbsp;tous les documents utiles pour les s\u00e9ances 1 \u00e0 5<\/p>\n\n\n\n<p>Une r\u00e9alisation collective en jour 4 sera r\u00e9alis\u00e9e\u00a0: cr\u00e9er une ville \u00e0 partir des productions en volume des \u00e9l\u00e8ves.<br>Des photos des r\u00e9alisations pourront \u00eatre envoy\u00e9es \u00e0\u00a0: <strong><a href=\"mailto:dsden55-cpdmath@ac-nancy-metz.fr\" target=\"_blank\" rel=\"noreferrer noopener\">dsden55-cpdmath@ac-nancy-metz.fr<\/a><\/strong><\/p>\n\n\n\n<p>Contacts\u00a0:<br>Claire GRANDGIRARD CPD Maths\u00a0: <a href=\"mailto:claire.grandgirard@ac-nancy-metz.fr\" target=\"_blank\" rel=\"noreferrer noopener\">claire.grandgirard@ac-nancy-metz.fr<\/a><br>Isabelle CHIODO CPD Arts\u00a0: <a href=\"mailto:isabelle.chiodo@ac-nancy-metz.fr\" target=\"_blank\" rel=\"noreferrer noopener\">isabelle.chiodo@ac-nancy-metz.fr<\/a><\/p>\n\n\n\n<div class=\"wp-block-file\"><a id=\"wp-block-file--media-bbcb2ef5-0bca-47c2-aa0c-fd748c34ad2b\" href=\"https:\/\/sites.ac-nancy-metz.fr\/dsden55\/wp-content\/uploads\/2022\/03\/jour_1_arts_et_maths.zip\">jour_1_arts_et_maths<\/a><a href=\"https:\/\/sites.ac-nancy-metz.fr\/dsden55\/wp-content\/uploads\/2022\/03\/jour_1_arts_et_maths.zip\" class=\"wp-block-file__button\" download aria-describedby=\"wp-block-file--media-bbcb2ef5-0bca-47c2-aa0c-fd748c34ad2b\">T\u00e9l\u00e9charger<\/a><\/div>\n\n\n\n<div class=\"wp-block-file\"><a id=\"wp-block-file--media-ca79b55c-c03e-4427-b7dc-d8b73a7e8c3f\" href=\"https:\/\/sites.ac-nancy-metz.fr\/dsden55\/wp-content\/uploads\/2022\/03\/jour_2_arts_et_maths.zip\">jour_2_arts_et_maths<\/a><a href=\"https:\/\/sites.ac-nancy-metz.fr\/dsden55\/wp-content\/uploads\/2022\/03\/jour_2_arts_et_maths.zip\" class=\"wp-block-file__button\" download aria-describedby=\"wp-block-file--media-ca79b55c-c03e-4427-b7dc-d8b73a7e8c3f\">T\u00e9l\u00e9charger<\/a><\/div>\n\n\n\n<div class=\"wp-block-file\"><a id=\"wp-block-file--media-1c1e81e9-6b45-446a-8b53-6119eb4d57f1\" href=\"https:\/\/sites.ac-nancy-metz.fr\/dsden55\/wp-content\/uploads\/2022\/03\/jour_3_arts_et_maths.zip\">jour_3_arts_et_maths<\/a><a href=\"https:\/\/sites.ac-nancy-metz.fr\/dsden55\/wp-content\/uploads\/2022\/03\/jour_3_arts_et_maths.zip\" class=\"wp-block-file__button\" download aria-describedby=\"wp-block-file--media-1c1e81e9-6b45-446a-8b53-6119eb4d57f1\">T\u00e9l\u00e9charger<\/a><\/div>\n\n\n\n<div class=\"wp-block-file\"><a id=\"wp-block-file--media-5ed23ffb-88a7-42af-a674-49738db1dce5\" href=\"https:\/\/sites.ac-nancy-metz.fr\/dsden55\/wp-content\/uploads\/2022\/03\/jour_5_arts_et_maths.zip\">jour_5_arts_et_maths<\/a><a href=\"https:\/\/sites.ac-nancy-metz.fr\/dsden55\/wp-content\/uploads\/2022\/03\/jour_5_arts_et_maths.zip\" class=\"wp-block-file__button\" download aria-describedby=\"wp-block-file--media-5ed23ffb-88a7-42af-a674-49738db1dce5\">T\u00e9l\u00e9charger<\/a><\/div>\n\n\n\n<div class=\"wp-block-file\"><a id=\"wp-block-file--media-81bb78d2-8d76-4660-a1da-e5f1fd52fe10\" href=\"https:\/\/sites.ac-nancy-metz.fr\/dsden55\/wp-content\/uploads\/2022\/03\/document_accompagnement_et_deroule_maths_et_arts.pdf\" target=\"_blank\" rel=\"noreferrer noopener\">document_accompagnement_et_deroule_maths_et_arts<\/a><a href=\"https:\/\/sites.ac-nancy-metz.fr\/dsden55\/wp-content\/uploads\/2022\/03\/document_accompagnement_et_deroule_maths_et_arts.pdf\" class=\"wp-block-file__button\" download aria-describedby=\"wp-block-file--media-81bb78d2-8d76-4660-a1da-e5f1fd52fe10\">T\u00e9l\u00e9charger<\/a><\/div>\n","protected":false},"excerpt":{"rendered":"<div class=\"mh-excerpt\"><p>Les CPD Maths et Arts Plastiques proposent un projet, pour les \u00e9l\u00e8ves de cycles 2 et 3, liant les arts (architecture) et la g\u00e9om\u00e9trie (figures <a class=\"mh-excerpt-more\" href=\"https:\/\/sites.ac-nancy-metz.fr\/dsden55\/?p=1191\" title=\"JOUONS AVEC LES FORMES ET LES VOLUMES\">[&#8230;]<\/a><\/p>\n<\/div>","protected":false},"author":1,"featured_media":973,"comment_status":"closed","ping_status":"closed","sticky":false,"template":"","format":"standard","meta":{"_acf_changed":false,"_vp_format_video_url":"","_vp_image_focal_point":[],"_jetpack_memberships_contains_paid_content":false,"footnotes":""},"categories":[16,29],"tags":[],"class_list":["post-1191","post","type-post","status-publish","format-standard","has-post-thumbnail","hentry","category-mathematiques","category-scenarios-outils-veille-pedagogique"],"acf":[],"jetpack_featured_media_url":"https:\/\/sites.ac-nancy-metz.fr\/dsden55\/wp-content\/uploads\/2022\/03\/rubon67-fbd04.jpg","jetpack_sharing_enabled":true,"_links":{"self":[{"href":"https:\/\/sites.ac-nancy-metz.fr\/dsden55\/index.php?rest_route=\/wp\/v2\/posts\/1191","targetHints":{"allow":["GET"]}}],"collection":[{"href":"https:\/\/sites.ac-nancy-metz.fr\/dsden55\/index.php?rest_route=\/wp\/v2\/posts"}],"about":[{"href":"https:\/\/sites.ac-nancy-metz.fr\/dsden55\/index.php?rest_route=\/wp\/v2\/types\/post"}],"author":[{"embeddable":true,"href":"https:\/\/sites.ac-nancy-metz.fr\/dsden55\/index.php?rest_route=\/wp\/v2\/users\/1"}],"replies":[{"embeddable":true,"href":"https:\/\/sites.ac-nancy-metz.fr\/dsden55\/index.php?rest_route=%2Fwp%2Fv2%2Fcomments&post=1191"}],"version-history":[{"count":2,"href":"https:\/\/sites.ac-nancy-metz.fr\/dsden55\/index.php?rest_route=\/wp\/v2\/posts\/1191\/revisions"}],"predecessor-version":[{"id":1198,"href":"https:\/\/sites.ac-nancy-metz.fr\/dsden55\/index.php?rest_route=\/wp\/v2\/posts\/1191\/revisions\/1198"}],"wp:featuredmedia":[{"embeddable":true,"href":"https:\/\/sites.ac-nancy-metz.fr\/dsden55\/index.php?rest_route=\/wp\/v2\/media\/973"}],"wp:attachment":[{"href":"https:\/\/sites.ac-nancy-metz.fr\/dsden55\/index.php?rest_route=%2Fwp%2Fv2%2Fmedia&parent=1191"}],"wp:term":[{"taxonomy":"category","embeddable":true,"href":"https:\/\/sites.ac-nancy-metz.fr\/dsden55\/index.php?rest_route=%2Fwp%2Fv2%2Fcategories&post=1191"},{"taxonomy":"post_tag","embeddable":true,"href":"https:\/\/sites.ac-nancy-metz.fr\/dsden55\/index.php?rest_route=%2Fwp%2Fv2%2Ftags&post=1191"}],"curies":[{"name":"wp","href":"https:\/\/api.w.org\/{rel}","templated":true}]}}