{"id":1267,"date":"2022-03-17T15:24:40","date_gmt":"2022-03-17T14:24:40","guid":{"rendered":"https:\/\/sites.ac-nancy-metz.fr\/dsden55\/?p=1267"},"modified":"2022-03-17T15:24:40","modified_gmt":"2022-03-17T14:24:40","slug":"un-jour-une-activite-maths-cycle-3-2","status":"publish","type":"post","link":"https:\/\/sites.ac-nancy-metz.fr\/dsden55\/?p=1267","title":{"rendered":"UN JOUR, UNE ACTIVIT\u00c9 MATHS CYCLE 3"},"content":{"rendered":"\n<p>Le projet un jour une activit\u00e9 maths cycles 3 revient en 2020\u00a0! GTDMaths55 @dsden55 #maths2020 <strong><strong>dates <\/strong>\u00a0: du 6 janvier au 31 janvier 2020<\/strong> <strong>Objectif <\/strong>\u00a0: d\u00e9velopper la pratique du raisonnement et la mobilisation des connaissances dans des situations probl\u00e8mes et\/ou d\u00e9fis \u00e0 relever Le lien pour acc\u00e9der \u00e0 la semaine 1 du projet sera actif le 1er janvier 2020. <strong>INFOGRAPHIE <\/strong>\u00a0: <a href=\"https:\/\/view.genial.ly\/5df611b267cd900eedcb2556\/vertical-infographic-timeline-un-jour-une-activite-maths-c2-c3\" target=\"_blank\" rel=\"noreferrer noopener\">https:\/\/view.genial.ly\/5df611b267cd900eedcb2556\/vertical-infographic-timeline-un-jour-une-activite-maths-c2-c3<\/a> <\/p>\n\n\n\n<p>A bient\u00f4t\u00a0!<\/p>\n\n\n\n<div style=\"width: 100%;\"><div style=\"position: relative; padding-bottom: 47.23404255319149%; padding-top: 0; height: 0;\"><iframe loading=\"lazy\" frameborder=\"0\" width=\"2350px\" height=\"1110px\" style=\"position: absolute; top: 0; left: 0; width: 100%; height: 100%;\" src=\"https:\/\/view.genial.ly\/5dc02a141ac0cd5ae8cdb48f\" type=\"text\/html\" allowscriptaccess=\"always\" allowfullscreen=\"true\" scrolling=\"yes\" allownetworking=\"all\"><\/iframe> <\/div> <\/div>\n\n\n\n<p><\/p>\n\n\n\n<div class=\"wp-block-file\"><a id=\"wp-block-file--media-3f819a08-7a86-42c5-b898-22699675f10e\" href=\"https:\/\/sites.ac-nancy-metz.fr\/dsden55\/wp-content\/uploads\/2022\/03\/competences_travaillees_cycle_3.pdf\" target=\"_blank\" rel=\"noreferrer noopener\">competences_travaillees_cycle_3<\/a><a href=\"https:\/\/sites.ac-nancy-metz.fr\/dsden55\/wp-content\/uploads\/2022\/03\/competences_travaillees_cycle_3.pdf\" class=\"wp-block-file__button\" download aria-describedby=\"wp-block-file--media-3f819a08-7a86-42c5-b898-22699675f10e\">T\u00e9l\u00e9charger<\/a><\/div>\n\n\n\n<div class=\"wp-block-file\"><a id=\"wp-block-file--media-ecb39136-08d7-4219-a7fc-d2945a9fd440\" href=\"https:\/\/sites.ac-nancy-metz.fr\/dsden55\/wp-content\/uploads\/2022\/03\/comment_utiliser_l_outil_de_presentation_du_projet_un_jour-5.pdf\" target=\"_blank\" rel=\"noreferrer noopener\">comment_utiliser_l_outil_de_presentation_du_projet_un_jour-5<\/a><a href=\"https:\/\/sites.ac-nancy-metz.fr\/dsden55\/wp-content\/uploads\/2022\/03\/comment_utiliser_l_outil_de_presentation_du_projet_un_jour-5.pdf\" class=\"wp-block-file__button\" download aria-describedby=\"wp-block-file--media-ecb39136-08d7-4219-a7fc-d2945a9fd440\">T\u00e9l\u00e9charger<\/a><\/div>\n","protected":false},"excerpt":{"rendered":"<div class=\"mh-excerpt\"><p>Le projet un jour une activit\u00e9 maths cycles 3 revient en 2020\u00a0! GTDMaths55 @dsden55 #maths2020 dates \u00a0: du 6 janvier au 31 janvier 2020 Objectif <a class=\"mh-excerpt-more\" href=\"https:\/\/sites.ac-nancy-metz.fr\/dsden55\/?p=1267\" title=\"UN JOUR, UNE ACTIVIT\u00c9 MATHS CYCLE 3\">[&#8230;]<\/a><\/p>\n<\/div>","protected":false},"author":1,"featured_media":973,"comment_status":"closed","ping_status":"closed","sticky":false,"template":"","format":"standard","meta":{"_acf_changed":false,"_vp_format_video_url":"","_vp_image_focal_point":[],"_jetpack_memberships_contains_paid_content":false,"footnotes":""},"categories":[16,24,26],"tags":[],"class_list":["post-1267","post","type-post","status-publish","format-standard","has-post-thumbnail","hentry","category-mathematiques","category-projets-maths-55","category-un-jour-une-activite-maths-2020"],"acf":[],"jetpack_featured_media_url":"https:\/\/sites.ac-nancy-metz.fr\/dsden55\/wp-content\/uploads\/2022\/03\/rubon67-fbd04.jpg","jetpack_sharing_enabled":true,"_links":{"self":[{"href":"https:\/\/sites.ac-nancy-metz.fr\/dsden55\/index.php?rest_route=\/wp\/v2\/posts\/1267","targetHints":{"allow":["GET"]}}],"collection":[{"href":"https:\/\/sites.ac-nancy-metz.fr\/dsden55\/index.php?rest_route=\/wp\/v2\/posts"}],"about":[{"href":"https:\/\/sites.ac-nancy-metz.fr\/dsden55\/index.php?rest_route=\/wp\/v2\/types\/post"}],"author":[{"embeddable":true,"href":"https:\/\/sites.ac-nancy-metz.fr\/dsden55\/index.php?rest_route=\/wp\/v2\/users\/1"}],"replies":[{"embeddable":true,"href":"https:\/\/sites.ac-nancy-metz.fr\/dsden55\/index.php?rest_route=%2Fwp%2Fv2%2Fcomments&post=1267"}],"version-history":[{"count":2,"href":"https:\/\/sites.ac-nancy-metz.fr\/dsden55\/index.php?rest_route=\/wp\/v2\/posts\/1267\/revisions"}],"predecessor-version":[{"id":1271,"href":"https:\/\/sites.ac-nancy-metz.fr\/dsden55\/index.php?rest_route=\/wp\/v2\/posts\/1267\/revisions\/1271"}],"wp:featuredmedia":[{"embeddable":true,"href":"https:\/\/sites.ac-nancy-metz.fr\/dsden55\/index.php?rest_route=\/wp\/v2\/media\/973"}],"wp:attachment":[{"href":"https:\/\/sites.ac-nancy-metz.fr\/dsden55\/index.php?rest_route=%2Fwp%2Fv2%2Fmedia&parent=1267"}],"wp:term":[{"taxonomy":"category","embeddable":true,"href":"https:\/\/sites.ac-nancy-metz.fr\/dsden55\/index.php?rest_route=%2Fwp%2Fv2%2Fcategories&post=1267"},{"taxonomy":"post_tag","embeddable":true,"href":"https:\/\/sites.ac-nancy-metz.fr\/dsden55\/index.php?rest_route=%2Fwp%2Fv2%2Ftags&post=1267"}],"curies":[{"name":"wp","href":"https:\/\/api.w.org\/{rel}","templated":true}]}}