{"id":1273,"date":"2022-03-17T15:28:45","date_gmt":"2022-03-17T14:28:45","guid":{"rendered":"https:\/\/sites.ac-nancy-metz.fr\/dsden55\/?p=1273"},"modified":"2022-03-17T15:28:45","modified_gmt":"2022-03-17T14:28:45","slug":"un-jour-une-activite-maths-cycle-2-2","status":"publish","type":"post","link":"https:\/\/sites.ac-nancy-metz.fr\/dsden55\/?p=1273","title":{"rendered":"UN JOUR, UNE ACTIVIT\u00c9 MATHS CYCLE 2"},"content":{"rendered":"\n<p>Le projet un jour une activit\u00e9 maths cycles 2 revient en 2020\u00a0! GTDMaths55 @dsden55 #maths2020 <strong><strong>dates <\/strong>\u00a0: du 6 janvier au 31 janvier 2020<\/strong> <strong>Objectif <\/strong>\u00a0: d\u00e9velopper la pratique du raisonnement et la mobilisation des connaissances dans des situations probl\u00e8mes et\/ou d\u00e9fis \u00e0 relever Le lien pour acc\u00e9der \u00e0 la semaine 1 du projet sera actif le 1er janvier 2020. <strong>INFOGRAPHIE <\/strong>\u00a0: <a href=\"https:\/\/view.genial.ly\/5df611b267cd900eedcb2556\/vertical-infographic-timeline-un-jour-une-activite-maths-c2-c3\" target=\"_blank\" rel=\"noreferrer noopener\">https:\/\/view.genial.ly\/5df611b267cd900eedcb2556\/vertical-infographic-timeline-un-jour-une-activite-maths-c2-c3<\/a> <\/p>\n\n\n\n<p>A bient\u00f4t\u00a0!<\/p>\n\n\n\n<div style=\"width: 100%;\"><div style=\"position: relative; padding-bottom: 47.23404255319149%; padding-top: 0; height: 0;\"><iframe loading=\"lazy\" frameborder=\"0\" width=\"2350px\" height=\"1110px\" style=\"position: absolute; top: 0; left: 0; width: 100%; height: 100%;\" src=\"https:\/\/view.genial.ly\/5dd790b683e23a0faa4f8a07\" type=\"text\/html\" allowscriptaccess=\"always\" allowfullscreen=\"true\" scrolling=\"yes\" allownetworking=\"all\"><\/iframe> <\/div> <\/div>\n\n\n\n<p><\/p>\n\n\n\n<div class=\"wp-block-file\"><a id=\"wp-block-file--media-3e6689c5-a893-4193-9a10-93acd051a50c\" href=\"https:\/\/sites.ac-nancy-metz.fr\/dsden55\/wp-content\/uploads\/2022\/03\/competences_travaillees_cycle_2.pdf\" target=\"_blank\" rel=\"noreferrer noopener\">competences_travaillees_cycle_2<\/a><a href=\"https:\/\/sites.ac-nancy-metz.fr\/dsden55\/wp-content\/uploads\/2022\/03\/competences_travaillees_cycle_2.pdf\" class=\"wp-block-file__button\" download aria-describedby=\"wp-block-file--media-3e6689c5-a893-4193-9a10-93acd051a50c\">T\u00e9l\u00e9charger<\/a><\/div>\n\n\n\n<div class=\"wp-block-file\"><a id=\"wp-block-file--media-27149c3f-b7d8-414c-8f8a-c71d989b8009\" href=\"https:\/\/sites.ac-nancy-metz.fr\/dsden55\/wp-content\/uploads\/2022\/03\/comment_utiliser_l_outil_de_presentation_du_projet_un_jour-4.pdf\" target=\"_blank\" rel=\"noreferrer noopener\">comment_utiliser_l_outil_de_presentation_du_projet_un_jour-4<\/a><a href=\"https:\/\/sites.ac-nancy-metz.fr\/dsden55\/wp-content\/uploads\/2022\/03\/comment_utiliser_l_outil_de_presentation_du_projet_un_jour-4.pdf\" class=\"wp-block-file__button\" download aria-describedby=\"wp-block-file--media-27149c3f-b7d8-414c-8f8a-c71d989b8009\">T\u00e9l\u00e9charger<\/a><\/div>\n","protected":false},"excerpt":{"rendered":"<div class=\"mh-excerpt\"><p>Le projet un jour une activit\u00e9 maths cycles 2 revient en 2020\u00a0! GTDMaths55 @dsden55 #maths2020 dates \u00a0: du 6 janvier au 31 janvier 2020 Objectif <a class=\"mh-excerpt-more\" href=\"https:\/\/sites.ac-nancy-metz.fr\/dsden55\/?p=1273\" title=\"UN JOUR, UNE ACTIVIT\u00c9 MATHS CYCLE 2\">[&#8230;]<\/a><\/p>\n<\/div>","protected":false},"author":1,"featured_media":973,"comment_status":"closed","ping_status":"closed","sticky":false,"template":"","format":"standard","meta":{"_acf_changed":false,"_vp_format_video_url":"","_vp_image_focal_point":[],"_jetpack_memberships_contains_paid_content":false,"footnotes":""},"categories":[16,24,26],"tags":[],"class_list":["post-1273","post","type-post","status-publish","format-standard","has-post-thumbnail","hentry","category-mathematiques","category-projets-maths-55","category-un-jour-une-activite-maths-2020"],"acf":[],"jetpack_featured_media_url":"https:\/\/sites.ac-nancy-metz.fr\/dsden55\/wp-content\/uploads\/2022\/03\/rubon67-fbd04.jpg","jetpack_sharing_enabled":true,"_links":{"self":[{"href":"https:\/\/sites.ac-nancy-metz.fr\/dsden55\/index.php?rest_route=\/wp\/v2\/posts\/1273","targetHints":{"allow":["GET"]}}],"collection":[{"href":"https:\/\/sites.ac-nancy-metz.fr\/dsden55\/index.php?rest_route=\/wp\/v2\/posts"}],"about":[{"href":"https:\/\/sites.ac-nancy-metz.fr\/dsden55\/index.php?rest_route=\/wp\/v2\/types\/post"}],"author":[{"embeddable":true,"href":"https:\/\/sites.ac-nancy-metz.fr\/dsden55\/index.php?rest_route=\/wp\/v2\/users\/1"}],"replies":[{"embeddable":true,"href":"https:\/\/sites.ac-nancy-metz.fr\/dsden55\/index.php?rest_route=%2Fwp%2Fv2%2Fcomments&post=1273"}],"version-history":[{"count":2,"href":"https:\/\/sites.ac-nancy-metz.fr\/dsden55\/index.php?rest_route=\/wp\/v2\/posts\/1273\/revisions"}],"predecessor-version":[{"id":1277,"href":"https:\/\/sites.ac-nancy-metz.fr\/dsden55\/index.php?rest_route=\/wp\/v2\/posts\/1273\/revisions\/1277"}],"wp:featuredmedia":[{"embeddable":true,"href":"https:\/\/sites.ac-nancy-metz.fr\/dsden55\/index.php?rest_route=\/wp\/v2\/media\/973"}],"wp:attachment":[{"href":"https:\/\/sites.ac-nancy-metz.fr\/dsden55\/index.php?rest_route=%2Fwp%2Fv2%2Fmedia&parent=1273"}],"wp:term":[{"taxonomy":"category","embeddable":true,"href":"https:\/\/sites.ac-nancy-metz.fr\/dsden55\/index.php?rest_route=%2Fwp%2Fv2%2Fcategories&post=1273"},{"taxonomy":"post_tag","embeddable":true,"href":"https:\/\/sites.ac-nancy-metz.fr\/dsden55\/index.php?rest_route=%2Fwp%2Fv2%2Ftags&post=1273"}],"curies":[{"name":"wp","href":"https:\/\/api.w.org\/{rel}","templated":true}]}}