{"id":1414,"date":"2022-03-17T17:17:33","date_gmt":"2022-03-17T16:17:33","guid":{"rendered":"https:\/\/sites.ac-nancy-metz.fr\/dsden55\/?p=1414"},"modified":"2022-03-17T17:18:28","modified_gmt":"2022-03-17T16:18:28","slug":"semaine-des-maths-2022","status":"publish","type":"post","link":"https:\/\/sites.ac-nancy-metz.fr\/dsden55\/?p=1414","title":{"rendered":"Semaine des maths 2022"},"content":{"rendered":"\n<p>La semaine des maths aura lieu du 7 au 14 mars 2022.<\/p>\n\n\n\n<p>Vous pouvez retrouver des informations au sujet de la semaine des maths 2022 sur <strong><a href=\"https:\/\/www.education.gouv.fr\/la-semaine-des-mathematiques-7241\" target=\"_blank\" rel=\"noreferrer noopener\">le site d\u00e9di\u00e9<\/a>.<\/strong><\/p>\n\n\n\n<p>Un guide national est propos\u00e9 sur le site Eduscol.<br>En t\u00e9l\u00e9chargement ci-dessous.<\/p>\n\n\n\n<p>Le GTD maths 55 ainsi que les CPD Arts et EPS du d\u00e9partement vous proposeront des parcours avec des th\u00e9matiques pour tous les cycles \u00e0 l\u2019occasion de cet \u00e9v\u00e8nement\u00a0: Quelques infos par <strong><a href=\"https:\/\/view.genial.ly\/61dc56bd31b9a00dc998275f\" target=\"_blank\" rel=\"noreferrer noopener\">ici<\/a><\/strong>.<\/p>\n\n\n\n<div style=\"width: 100%;\"><div style=\"position: relative; padding-bottom: 56.25%; padding-top: 0; height: 0;\"><iframe loading=\"lazy\" frameborder=\"0\" width=\"1200px\" height=\"675px\" style=\"position: absolute; top: 0; left: 0; width: 100%; height: 100%;\" src=\"https:\/\/view.genial.ly\/61eac2ff6b85b9001321b81d\" type=\"text\/html\" allowscriptaccess=\"always\" allowfullscreen=\"true\" scrolling=\"yes\" allownetworking=\"all\"><\/iframe> <\/div> <\/div>\n\n\n\n<p><\/p>\n\n\n\n<h4 class=\"wp-block-heading\">Documents joints : <\/h4>\n\n\n\n<div class=\"wp-block-file\"><a id=\"wp-block-file--media-97ddc54e-3c1f-48f8-a71e-2b3595b5a81e\" href=\"https:\/\/sites.ac-nancy-metz.fr\/dsden55\/wp-content\/uploads\/2022\/03\/2022_semaine-maths_affiche.pdf\" target=\"_blank\" rel=\"noreferrer noopener\">2022_semaine-maths_affiche<\/a><a href=\"https:\/\/sites.ac-nancy-metz.fr\/dsden55\/wp-content\/uploads\/2022\/03\/2022_semaine-maths_affiche.pdf\" class=\"wp-block-file__button\" download aria-describedby=\"wp-block-file--media-97ddc54e-3c1f-48f8-a71e-2b3595b5a81e\">T\u00e9l\u00e9charger<\/a><\/div>\n\n\n\n<div class=\"wp-block-file\"><a id=\"wp-block-file--media-3f61a276-4d69-4a7a-b5b5-722e36b4a248\" href=\"https:\/\/sites.ac-nancy-metz.fr\/dsden55\/wp-content\/uploads\/2022\/03\/2022_semaine-maths_guide.pdf\" target=\"_blank\" rel=\"noreferrer noopener\">2022_semaine-maths_guide<\/a><a href=\"https:\/\/sites.ac-nancy-metz.fr\/dsden55\/wp-content\/uploads\/2022\/03\/2022_semaine-maths_guide.pdf\" class=\"wp-block-file__button\" download aria-describedby=\"wp-block-file--media-3f61a276-4d69-4a7a-b5b5-722e36b4a248\">T\u00e9l\u00e9charger<\/a><\/div>\n","protected":false},"excerpt":{"rendered":"<div class=\"mh-excerpt\"><p>La semaine des maths aura lieu du 7 au 14 mars 2022. Vous pouvez retrouver des informations au sujet de la semaine des maths 2022 <a class=\"mh-excerpt-more\" href=\"https:\/\/sites.ac-nancy-metz.fr\/dsden55\/?p=1414\" title=\"Semaine des maths 2022\">[&#8230;]<\/a><\/p>\n<\/div>","protected":false},"author":1,"featured_media":973,"comment_status":"closed","ping_status":"closed","sticky":false,"template":"","format":"standard","meta":{"_acf_changed":false,"_vp_format_video_url":"","_vp_image_focal_point":[],"_jetpack_memberships_contains_paid_content":false,"footnotes":""},"categories":[16,30,82],"tags":[],"class_list":["post-1414","post","type-post","status-publish","format-standard","has-post-thumbnail","hentry","category-mathematiques","category-semaine-des-maths","category-semaine-des-maths-2022"],"acf":[],"jetpack_featured_media_url":"https:\/\/sites.ac-nancy-metz.fr\/dsden55\/wp-content\/uploads\/2022\/03\/rubon67-fbd04.jpg","jetpack_sharing_enabled":true,"_links":{"self":[{"href":"https:\/\/sites.ac-nancy-metz.fr\/dsden55\/index.php?rest_route=\/wp\/v2\/posts\/1414","targetHints":{"allow":["GET"]}}],"collection":[{"href":"https:\/\/sites.ac-nancy-metz.fr\/dsden55\/index.php?rest_route=\/wp\/v2\/posts"}],"about":[{"href":"https:\/\/sites.ac-nancy-metz.fr\/dsden55\/index.php?rest_route=\/wp\/v2\/types\/post"}],"author":[{"embeddable":true,"href":"https:\/\/sites.ac-nancy-metz.fr\/dsden55\/index.php?rest_route=\/wp\/v2\/users\/1"}],"replies":[{"embeddable":true,"href":"https:\/\/sites.ac-nancy-metz.fr\/dsden55\/index.php?rest_route=%2Fwp%2Fv2%2Fcomments&post=1414"}],"version-history":[{"count":4,"href":"https:\/\/sites.ac-nancy-metz.fr\/dsden55\/index.php?rest_route=\/wp\/v2\/posts\/1414\/revisions"}],"predecessor-version":[{"id":1420,"href":"https:\/\/sites.ac-nancy-metz.fr\/dsden55\/index.php?rest_route=\/wp\/v2\/posts\/1414\/revisions\/1420"}],"wp:featuredmedia":[{"embeddable":true,"href":"https:\/\/sites.ac-nancy-metz.fr\/dsden55\/index.php?rest_route=\/wp\/v2\/media\/973"}],"wp:attachment":[{"href":"https:\/\/sites.ac-nancy-metz.fr\/dsden55\/index.php?rest_route=%2Fwp%2Fv2%2Fmedia&parent=1414"}],"wp:term":[{"taxonomy":"category","embeddable":true,"href":"https:\/\/sites.ac-nancy-metz.fr\/dsden55\/index.php?rest_route=%2Fwp%2Fv2%2Fcategories&post=1414"},{"taxonomy":"post_tag","embeddable":true,"href":"https:\/\/sites.ac-nancy-metz.fr\/dsden55\/index.php?rest_route=%2Fwp%2Fv2%2Ftags&post=1414"}],"curies":[{"name":"wp","href":"https:\/\/api.w.org\/{rel}","templated":true}]}}