{"id":1457,"date":"2022-03-17T18:19:13","date_gmt":"2022-03-17T17:19:13","guid":{"rendered":"https:\/\/sites.ac-nancy-metz.fr\/dsden55\/?p=1457"},"modified":"2022-03-17T18:22:15","modified_gmt":"2022-03-17T17:22:15","slug":"1200-eleves-partent-a-la-decouverte-du-patrimoine","status":"publish","type":"post","link":"https:\/\/sites.ac-nancy-metz.fr\/dsden55\/?p=1457","title":{"rendered":"1200 \u00e9l\u00e8ves partent \u00e0 la d\u00e9couverte du patrimoine.."},"content":{"rendered":"\n<p><strong>1200 \u00e9l\u00e8ves partent \u00e0 la d\u00e9couverte du patrimoine historique du Saillant de Saint-Mihiel et publient un livre documentaire<\/strong><\/p>\n\n\n\n<p>Un projet cons\u00e9quent, conduit sur deux ann\u00e9es scolaires, a permis aux \u00e9l\u00e8ves de la circonscription de Commercy dans la Meuse de s\u2019approprier le patrimoine local en partant \u00e0 la d\u00e9couverte des sites et des acteurs locaux du Saillant de Saint-Mihiel, aboutissant \u00e0 la publication d\u2019un <strong>livre documentaire de 60 pages, diffus\u00e9 \u00e0 800 exemplaires.<\/strong><\/p>\n\n\n\n<p>Le d\u00e9partement de la Meuse a cette particularit\u00e9 d\u2019\u00eatre intimement associ\u00e9 \u00e0 la premi\u00e8re guerre mondiale&nbsp;: plac\u00e9 en premi\u00e8re ligne, il a fait l\u2019objet d\u2019une intense activit\u00e9 militaire qui, d\u00e8s avant le conflit, a modifi\u00e9 consid\u00e9rablement le paysage et la d\u00e9mographie locale.<\/p>\n\n\n\n<div style=\"text-align:center;\"><div style=\"margin:8px 0px 4px;\"><a href=\"https:\/\/www.calameo.com\/books\/002763262da307b4420a5\" target=\"_blank\" rel=\"noopener\">Livre documentaire sur les sites du Saillant de Saint-Mihiel<\/a><\/div><iframe loading=\"lazy\" src=\"\/\/v.calameo.com\/?bkcode=002763262da307b4420a5\" scrolling=\"no\" allowtransparency=\"\" allowfullscreen=\"\" style=\"margin:0 auto;\" width=\"1024\" height=\"768\" frameborder=\"0\"><\/iframe><div style=\"margin:4px 0px 8px;\"><a href=\"http:\/\/www.calameo.com\/\">Publish at Calameo<\/a><\/div><\/div>\n","protected":false},"excerpt":{"rendered":"<div class=\"mh-excerpt\"><p>1200 \u00e9l\u00e8ves partent \u00e0 la d\u00e9couverte du patrimoine historique du Saillant de Saint-Mihiel et publient un livre documentaire Un projet cons\u00e9quent, conduit sur deux ann\u00e9es <a class=\"mh-excerpt-more\" href=\"https:\/\/sites.ac-nancy-metz.fr\/dsden55\/?p=1457\" title=\"1200 \u00e9l\u00e8ves partent \u00e0 la d\u00e9couverte du patrimoine..\">[&#8230;]<\/a><\/p>\n<\/div>","protected":false},"author":1,"featured_media":0,"comment_status":"closed","ping_status":"closed","sticky":false,"template":"","format":"standard","meta":{"_acf_changed":false,"_vp_format_video_url":"","_vp_image_focal_point":[],"_jetpack_memberships_contains_paid_content":false,"footnotes":""},"categories":[75,74],"tags":[],"class_list":["post-1457","post","type-post","status-publish","format-standard","hentry","category-centenaire-de-la-bataille-de-verdun","category-histoire-geo-emc"],"acf":[],"jetpack_featured_media_url":"","jetpack_sharing_enabled":true,"_links":{"self":[{"href":"https:\/\/sites.ac-nancy-metz.fr\/dsden55\/index.php?rest_route=\/wp\/v2\/posts\/1457","targetHints":{"allow":["GET"]}}],"collection":[{"href":"https:\/\/sites.ac-nancy-metz.fr\/dsden55\/index.php?rest_route=\/wp\/v2\/posts"}],"about":[{"href":"https:\/\/sites.ac-nancy-metz.fr\/dsden55\/index.php?rest_route=\/wp\/v2\/types\/post"}],"author":[{"embeddable":true,"href":"https:\/\/sites.ac-nancy-metz.fr\/dsden55\/index.php?rest_route=\/wp\/v2\/users\/1"}],"replies":[{"embeddable":true,"href":"https:\/\/sites.ac-nancy-metz.fr\/dsden55\/index.php?rest_route=%2Fwp%2Fv2%2Fcomments&post=1457"}],"version-history":[{"count":4,"href":"https:\/\/sites.ac-nancy-metz.fr\/dsden55\/index.php?rest_route=\/wp\/v2\/posts\/1457\/revisions"}],"predecessor-version":[{"id":1462,"href":"https:\/\/sites.ac-nancy-metz.fr\/dsden55\/index.php?rest_route=\/wp\/v2\/posts\/1457\/revisions\/1462"}],"wp:attachment":[{"href":"https:\/\/sites.ac-nancy-metz.fr\/dsden55\/index.php?rest_route=%2Fwp%2Fv2%2Fmedia&parent=1457"}],"wp:term":[{"taxonomy":"category","embeddable":true,"href":"https:\/\/sites.ac-nancy-metz.fr\/dsden55\/index.php?rest_route=%2Fwp%2Fv2%2Fcategories&post=1457"},{"taxonomy":"post_tag","embeddable":true,"href":"https:\/\/sites.ac-nancy-metz.fr\/dsden55\/index.php?rest_route=%2Fwp%2Fv2%2Ftags&post=1457"}],"curies":[{"name":"wp","href":"https:\/\/api.w.org\/{rel}","templated":true}]}}