{"id":1470,"date":"2022-03-17T18:39:05","date_gmt":"2022-03-17T17:39:05","guid":{"rendered":"https:\/\/sites.ac-nancy-metz.fr\/dsden55\/?p=1470"},"modified":"2022-03-17T18:44:21","modified_gmt":"2022-03-17T17:44:21","slug":"centenaire-verdun-ecoles-poincare-galland-et-caroline-aigle","status":"publish","type":"post","link":"https:\/\/sites.ac-nancy-metz.fr\/dsden55\/?p=1470","title":{"rendered":"Centenaire Verdun\u00a0: \u00e9coles Poincar\u00e9 Galland et Caroline Aigle"},"content":{"rendered":"\n<p>Les \u00e9l\u00e8ves de 2 classes de l\u2019\u00e9cole Caroline Aigle de VERDUN ont d\u00e9couvert les projets r\u00e9alis\u00e9s par les \u00e9l\u00e8ves de l\u2019\u00e9cole Poincar\u00e9 Galland de VERDUN&nbsp;:<\/p>\n\n\n\n<ul class=\"wp-block-list\"><li>pr\u00e9sentation de productions en arts visuels,<\/li><li>reportage-photos expliquant les diff\u00e9rents projets des classes,<\/li><li>productions d\u2019\u00e9crits en rapport avec \u00ab\u00a0Maux d\u2019enfer, Maux de guerre\u00a0\u00bb,<\/li><li>affiches pr\u00e9sentant les documentaires produits pour le livre touristique et objets retrouv\u00e9s \u00e0 Vaux.<\/li><\/ul>\n\n\n\n<div style=\"position:relative;padding-bottom:56.25%;height:0;overflow:hidden;\"> <iframe loading=\"lazy\" style=\"width:100%;height:100%;position:absolute;left:0px;top:0px;overflow:hidden\" frameborder=\"0\" type=\"text\/html\" src=\"https:\/\/www.dailymotion.com\/embed\/video\/x4j2vvl\" width=\"100%\" height=\"100%\" allowfullscreen > <\/iframe> <\/div>\n\n\n\n<p><\/p>\n\n\n\n<p>Les \u00e9l\u00e8ves de Caroline Aigle ont ensuite pr\u00e9sent\u00e9 leur travail \u00e0 ceux de l\u2019\u00e9cole Poincar\u00e9 Galland.<\/p>\n\n\n\n<div style=\"position:relative;padding-bottom:56.25%;height:0;overflow:hidden;\"> <iframe loading=\"lazy\" style=\"width:100%;height:100%;position:absolute;left:0px;top:0px;overflow:hidden\" frameborder=\"0\" type=\"text\/html\" src=\"https:\/\/www.dailymotion.com\/embed\/video\/x4hzb6b\" width=\"100%\" height=\"100%\" allowfullscreen > <\/iframe> <\/div>\n","protected":false},"excerpt":{"rendered":"<div class=\"mh-excerpt\"><p>Les \u00e9l\u00e8ves de 2 classes de l\u2019\u00e9cole Caroline Aigle de VERDUN ont d\u00e9couvert les projets r\u00e9alis\u00e9s par les \u00e9l\u00e8ves de l\u2019\u00e9cole Poincar\u00e9 Galland de VERDUN&nbsp;: <a class=\"mh-excerpt-more\" href=\"https:\/\/sites.ac-nancy-metz.fr\/dsden55\/?p=1470\" title=\"Centenaire Verdun\u00a0: \u00e9coles Poincar\u00e9 Galland et Caroline Aigle\">[&#8230;]<\/a><\/p>\n<\/div>","protected":false},"author":1,"featured_media":0,"comment_status":"closed","ping_status":"closed","sticky":false,"template":"","format":"standard","meta":{"_acf_changed":false,"_vp_format_video_url":"","_vp_image_focal_point":[],"_jetpack_memberships_contains_paid_content":false,"footnotes":""},"categories":[75,74],"tags":[],"class_list":["post-1470","post","type-post","status-publish","format-standard","hentry","category-centenaire-de-la-bataille-de-verdun","category-histoire-geo-emc"],"acf":[],"jetpack_featured_media_url":"","jetpack_sharing_enabled":true,"_links":{"self":[{"href":"https:\/\/sites.ac-nancy-metz.fr\/dsden55\/index.php?rest_route=\/wp\/v2\/posts\/1470","targetHints":{"allow":["GET"]}}],"collection":[{"href":"https:\/\/sites.ac-nancy-metz.fr\/dsden55\/index.php?rest_route=\/wp\/v2\/posts"}],"about":[{"href":"https:\/\/sites.ac-nancy-metz.fr\/dsden55\/index.php?rest_route=\/wp\/v2\/types\/post"}],"author":[{"embeddable":true,"href":"https:\/\/sites.ac-nancy-metz.fr\/dsden55\/index.php?rest_route=\/wp\/v2\/users\/1"}],"replies":[{"embeddable":true,"href":"https:\/\/sites.ac-nancy-metz.fr\/dsden55\/index.php?rest_route=%2Fwp%2Fv2%2Fcomments&post=1470"}],"version-history":[{"count":4,"href":"https:\/\/sites.ac-nancy-metz.fr\/dsden55\/index.php?rest_route=\/wp\/v2\/posts\/1470\/revisions"}],"predecessor-version":[{"id":1476,"href":"https:\/\/sites.ac-nancy-metz.fr\/dsden55\/index.php?rest_route=\/wp\/v2\/posts\/1470\/revisions\/1476"}],"wp:attachment":[{"href":"https:\/\/sites.ac-nancy-metz.fr\/dsden55\/index.php?rest_route=%2Fwp%2Fv2%2Fmedia&parent=1470"}],"wp:term":[{"taxonomy":"category","embeddable":true,"href":"https:\/\/sites.ac-nancy-metz.fr\/dsden55\/index.php?rest_route=%2Fwp%2Fv2%2Fcategories&post=1470"},{"taxonomy":"post_tag","embeddable":true,"href":"https:\/\/sites.ac-nancy-metz.fr\/dsden55\/index.php?rest_route=%2Fwp%2Fv2%2Ftags&post=1470"}],"curies":[{"name":"wp","href":"https:\/\/api.w.org\/{rel}","templated":true}]}}