{"id":1809,"date":"2022-03-21T15:52:28","date_gmt":"2022-03-21T14:52:28","guid":{"rendered":"https:\/\/sites.ac-nancy-metz.fr\/dsden55\/?p=1809"},"modified":"2024-12-06T15:51:35","modified_gmt":"2024-12-06T14:51:35","slug":"choeur-de-leducation-nationale-55-experiences-sensibles","status":"publish","type":"post","link":"https:\/\/sites.ac-nancy-metz.fr\/dsden55\/?p=1809","title":{"rendered":"Ch\u0153ur des m\u00e9tiers de l&rsquo;\u00e9ducation 55"},"content":{"rendered":"\n<p>Depuis septembre 2018, un atelier de pratiques artistiques est propos\u00e9 aux enseignants et personnels de l\u2019\u00e9cole (AESH, ATSEM &#8230;).<br>Au c\u0153ur de cet atelier&nbsp;: la voix, la pratique vocale collective, la d\u00e9couverte d\u2019artistes et d\u2019esth\u00e9tiques divers et vari\u00e9s &#8230; mais surtout le plaisir de se retrouver et de partager des exp\u00e9riences musicales ensemble.<\/p>\n\n\n\n<p><br>Plus d\u2019informations&nbsp;: <a href=\"mailto:emeline.colardelle@ac-nancy-metz.fr\">emeline.colardelle@ac-nancy-metz.fr<\/a><\/p>\n\n\n\n<ul class=\"wp-block-list\">\n<li>Secteur Commercy\u00a0:<ul><li>1 fois par semaine le mardi de 19h \u00e0 20h30<\/li><\/ul><ul><li>Site p\u00e9riscolaire, 13 bis rue Notre Dame, 55190 Void Vacon<\/li><\/ul>\n<ul class=\"wp-block-list\">\n<li>Cheffe de ch\u0153ur\u00a0: Claire TONDON<\/li>\n<\/ul>\n<\/li>\n<\/ul>\n\n\n\n<ul class=\"wp-block-list\">\n<li>Secteur Saint-Mihiel\u00a0:<ul><li>1 fois par semaine le mardi de 18h30 \u00e0 20h30<\/li><\/ul><ul><li>Ferme de chantraine, 55300 Dompcevrin<\/li><\/ul>\n<ul class=\"wp-block-list\">\n<li>Cheffe de ch\u0153ur\u00a0: Claire-Am\u00e9lie PANCHER<\/li>\n<\/ul>\n<\/li>\n<\/ul>\n\n\n\n<ul class=\"wp-block-list\">\n<li>Secteur Verdun\u00a0:<ul><li>1 fois par mois le mercredi de 10h \u00e0 12h (Prochaines s\u00e9ances 15 janvier, 5 f\u00e9vrier, 5 mars, 30 avril)<\/li><\/ul><ul><li>Salle communale, 55100 Charny-sur-Meuse<\/li><\/ul>\n<ul class=\"wp-block-list\">\n<li>Cheffe de ch\u0153ur\u00a0: Morgane Delaunay<\/li>\n<\/ul>\n<\/li>\n<\/ul>\n\n\n\n<ul class=\"wp-block-list\">\n<li>Secteur Bar-le-Duc\u00a0:<ul><li>Les mardis de 18h \u00e0 19h\u00a0<\/li><\/ul><ul><li>Bar-le-Duc, \u00e9cole Jean Errard<\/li><\/ul>\n<ul class=\"wp-block-list\">\n<li>Cheffe de ch\u0153ur\u00a0: Anne Frederitzi<\/li>\n<\/ul>\n<\/li>\n<\/ul>\n\n\n\n<p>A NE PAS MANQUER&nbsp;:<\/p>\n\n\n\n<p>Week-end chantant BOBIN 22 et 23 mars 2025 \u00e0 Boncourt-sur-Meuse<\/p>\n\n\n\n<p><\/p>\n","protected":false},"excerpt":{"rendered":"<div class=\"mh-excerpt\"><p>Depuis septembre 2018, un atelier de pratiques artistiques est propos\u00e9 aux enseignants et personnels de l\u2019\u00e9cole (AESH, ATSEM &#8230;).Au c\u0153ur de cet atelier&nbsp;: la voix, <a class=\"mh-excerpt-more\" href=\"https:\/\/sites.ac-nancy-metz.fr\/dsden55\/?p=1809\" title=\"Ch\u0153ur des m\u00e9tiers de l&rsquo;\u00e9ducation 55\">[&#8230;]<\/a><\/p>\n<\/div>","protected":false},"author":1,"featured_media":1744,"comment_status":"closed","ping_status":"closed","sticky":false,"template":"","format":"standard","meta":{"_acf_changed":false,"_vp_format_video_url":"","_vp_image_focal_point":[],"_jetpack_memberships_contains_paid_content":false,"footnotes":""},"categories":[3,8,5],"tags":[],"class_list":["post-1809","post","type-post","status-publish","format-standard","has-post-thumbnail","hentry","category-arts","category-choeur-musique-20-21","category-education-musicale"],"acf":[],"jetpack_featured_media_url":"https:\/\/sites.ac-nancy-metz.fr\/dsden55\/wp-content\/uploads\/2022\/03\/arts-e1647867538209.jpg","jetpack_sharing_enabled":true,"_links":{"self":[{"href":"https:\/\/sites.ac-nancy-metz.fr\/dsden55\/index.php?rest_route=\/wp\/v2\/posts\/1809","targetHints":{"allow":["GET"]}}],"collection":[{"href":"https:\/\/sites.ac-nancy-metz.fr\/dsden55\/index.php?rest_route=\/wp\/v2\/posts"}],"about":[{"href":"https:\/\/sites.ac-nancy-metz.fr\/dsden55\/index.php?rest_route=\/wp\/v2\/types\/post"}],"author":[{"embeddable":true,"href":"https:\/\/sites.ac-nancy-metz.fr\/dsden55\/index.php?rest_route=\/wp\/v2\/users\/1"}],"replies":[{"embeddable":true,"href":"https:\/\/sites.ac-nancy-metz.fr\/dsden55\/index.php?rest_route=%2Fwp%2Fv2%2Fcomments&post=1809"}],"version-history":[{"count":5,"href":"https:\/\/sites.ac-nancy-metz.fr\/dsden55\/index.php?rest_route=\/wp\/v2\/posts\/1809\/revisions"}],"predecessor-version":[{"id":5253,"href":"https:\/\/sites.ac-nancy-metz.fr\/dsden55\/index.php?rest_route=\/wp\/v2\/posts\/1809\/revisions\/5253"}],"wp:featuredmedia":[{"embeddable":true,"href":"https:\/\/sites.ac-nancy-metz.fr\/dsden55\/index.php?rest_route=\/wp\/v2\/media\/1744"}],"wp:attachment":[{"href":"https:\/\/sites.ac-nancy-metz.fr\/dsden55\/index.php?rest_route=%2Fwp%2Fv2%2Fmedia&parent=1809"}],"wp:term":[{"taxonomy":"category","embeddable":true,"href":"https:\/\/sites.ac-nancy-metz.fr\/dsden55\/index.php?rest_route=%2Fwp%2Fv2%2Fcategories&post=1809"},{"taxonomy":"post_tag","embeddable":true,"href":"https:\/\/sites.ac-nancy-metz.fr\/dsden55\/index.php?rest_route=%2Fwp%2Fv2%2Ftags&post=1809"}],"curies":[{"name":"wp","href":"https:\/\/api.w.org\/{rel}","templated":true}]}}