{"id":1829,"date":"2022-03-21T17:10:53","date_gmt":"2022-03-21T16:10:53","guid":{"rendered":"https:\/\/sites.ac-nancy-metz.fr\/dsden55\/?p=1829"},"modified":"2022-03-21T17:12:55","modified_gmt":"2022-03-21T16:12:55","slug":"inecc-mission-voix-lorraine","status":"publish","type":"post","link":"https:\/\/sites.ac-nancy-metz.fr\/dsden55\/?p=1829","title":{"rendered":"INECC : mission voix Lorraine"},"content":{"rendered":"\n<p><a href=\"https:\/\/www.inecc-lorraine.com\/fr\/accueil.html\" target=\"_blank\" rel=\"noreferrer noopener\">https:\/\/www.inecc-lorraine.com\/<\/a><\/p>\n\n\n\n<figure class=\"wp-block-image size-full\"><a href=\"https:\/\/www.inecc-lorraine.com\/\" target=\"_blank\" rel=\"noopener\"><noscript><img loading=\"lazy\" decoding=\"async\" width=\"247\" height=\"98\" data-skip-lazy src=\"https:\/\/sites.ac-nancy-metz.fr\/dsden55\/wp-content\/uploads\/2022\/03\/inecc.png\" alt=\"\" class=\"wp-image-1830\" srcset=\"https:\/\/sites.ac-nancy-metz.fr\/dsden55\/wp-content\/uploads\/2022\/03\/inecc.png 247w, https:\/\/sites.ac-nancy-metz.fr\/dsden55\/wp-content\/uploads\/2022\/03\/inecc-80x32.png 80w, https:\/\/sites.ac-nancy-metz.fr\/dsden55\/wp-content\/uploads\/2022\/03\/inecc-100x40.png 100w\" sizes=\"auto, (max-width: 247px) 100vw, 247px\" \/><\/noscript><img loading=\"eager\" decoding=\"async\" width=\"247\" height=\"98\" src=\"https:\/\/sites.ac-nancy-metz.fr\/dsden55\/wp-content\/uploads\/2022\/03\/inecc.png\" alt class=\"wp-image-1830 vp-lazyload\" srcset=\"data:image\/svg+xml;base64,PHN2ZyB3aWR0aD0iMjQ3IiBoZWlnaHQ9Ijk4IiB2aWV3Qm94PSIwIDAgMjQ3IDk4IiBmaWxsPSJub25lIiB4bWxucz0iaHR0cDovL3d3dy53My5vcmcvMjAwMC9zdmciPjwvc3ZnPg==\" data-src=\"https:\/\/sites.ac-nancy-metz.fr\/dsden55\/wp-content\/uploads\/2022\/03\/inecc.png\" data-srcset=\"https:\/\/sites.ac-nancy-metz.fr\/dsden55\/wp-content\/uploads\/2022\/03\/inecc.png 247w, https:\/\/sites.ac-nancy-metz.fr\/dsden55\/wp-content\/uploads\/2022\/03\/inecc-80x32.png 80w, https:\/\/sites.ac-nancy-metz.fr\/dsden55\/wp-content\/uploads\/2022\/03\/inecc-100x40.png 100w\" data-sizes=\"auto\"><\/a><\/figure>\n\n\n\n<p>Centre de ressources pour les pratiques vocales, l\u2019INECC Mission Voix Lorraine a pour mission d\u2019accompagner les enseignants et acteurs de l\u2019\u00c9ducation nationale dans leurs missions, en proposant des formations et un accompagnement autour de l\u2019\u00e9ducation artistique et culturelle. Les minist\u00e8res de l\u2019\u00c9ducation nationale et de la Culture ont identifi\u00e9 la pratique artistique musicale comme \u00e9tant une priorit\u00e9 nationale, notamment via le \u00ab\u00a0plan chorale\u00a0\u00bb.<\/p>\n\n\n\n<p>L\u2019INECC vous propose un nouveau rendez-vous trimestriel, via une lettre d\u2019information, mettant en avant les formations pouvant vous int\u00e9resser, une bo\u00eete \u00e0 outils et tout autre rendez-vous autour de l\u2019actualit\u00e9 de l\u2019\u00e9ducation artistique et culturelle.<\/p>\n\n\n\n<p>Cette lettre d\u2019information est la v\u00f4tre, n\u2019h\u00e9sitez pas \u00e0 les contacter pour la faire \u00e9voluer\u00a0!<br>Inscription \u00e0 la news letter\u00a0: <a href=\"https:\/\/www.inecc-lorraine.com\/fr\/newsletter.html\" target=\"_blank\" rel=\"noreferrer noopener\">https:\/\/www.inecc-lorraine.com\/fr\/newsletter.html<\/a><\/p>\n\n\n\n<p>Un outil int\u00e9ressant tir\u00e9 de la plateforme :<\/p>\n\n\n\n<p><a href=\"https:\/\/www.inecc-lorraine.com\/fr\/cd\/chanterelle-album-8_-b.html\" target=\"_blank\" rel=\"noreferrer noopener\">Chanterelle album 8<\/a><\/p>\n\n\n\n<p>Le CD Chanterelle est un outil p\u00e9dagogique qui permet aux enseignants de l\u2019Education Nationale de disposer d\u2019un r\u00e9pertoire vocal de qualit\u00e9 et d\u2019un accompagnement p\u00e9dagogique complet pour l\u2019\u00e9ducation musicale des \u00e9l\u00e8ves, de la maternelle au coll\u00e8ge.<\/p>\n","protected":false},"excerpt":{"rendered":"<div class=\"mh-excerpt\"><p>https:\/\/www.inecc-lorraine.com\/ Centre de ressources pour les pratiques vocales, l\u2019INECC Mission Voix Lorraine a pour mission d\u2019accompagner les enseignants et acteurs de l\u2019\u00c9ducation nationale dans leurs <a class=\"mh-excerpt-more\" href=\"https:\/\/sites.ac-nancy-metz.fr\/dsden55\/?p=1829\" title=\"INECC : mission voix Lorraine\">[&#8230;]<\/a><\/p>\n<\/div>","protected":false},"author":1,"featured_media":1744,"comment_status":"closed","ping_status":"closed","sticky":false,"template":"","format":"standard","meta":{"_acf_changed":false,"_vp_format_video_url":"","_vp_image_focal_point":[],"_jetpack_memberships_contains_paid_content":false,"footnotes":""},"categories":[5,58],"tags":[],"class_list":["post-1829","post","type-post","status-publish","format-standard","has-post-thumbnail","hentry","category-education-musicale","category-sites-incontournables"],"acf":[],"jetpack_featured_media_url":"https:\/\/sites.ac-nancy-metz.fr\/dsden55\/wp-content\/uploads\/2022\/03\/arts-e1647867538209.jpg","jetpack_sharing_enabled":true,"_links":{"self":[{"href":"https:\/\/sites.ac-nancy-metz.fr\/dsden55\/index.php?rest_route=\/wp\/v2\/posts\/1829","targetHints":{"allow":["GET"]}}],"collection":[{"href":"https:\/\/sites.ac-nancy-metz.fr\/dsden55\/index.php?rest_route=\/wp\/v2\/posts"}],"about":[{"href":"https:\/\/sites.ac-nancy-metz.fr\/dsden55\/index.php?rest_route=\/wp\/v2\/types\/post"}],"author":[{"embeddable":true,"href":"https:\/\/sites.ac-nancy-metz.fr\/dsden55\/index.php?rest_route=\/wp\/v2\/users\/1"}],"replies":[{"embeddable":true,"href":"https:\/\/sites.ac-nancy-metz.fr\/dsden55\/index.php?rest_route=%2Fwp%2Fv2%2Fcomments&post=1829"}],"version-history":[{"count":3,"href":"https:\/\/sites.ac-nancy-metz.fr\/dsden55\/index.php?rest_route=\/wp\/v2\/posts\/1829\/revisions"}],"predecessor-version":[{"id":1834,"href":"https:\/\/sites.ac-nancy-metz.fr\/dsden55\/index.php?rest_route=\/wp\/v2\/posts\/1829\/revisions\/1834"}],"wp:featuredmedia":[{"embeddable":true,"href":"https:\/\/sites.ac-nancy-metz.fr\/dsden55\/index.php?rest_route=\/wp\/v2\/media\/1744"}],"wp:attachment":[{"href":"https:\/\/sites.ac-nancy-metz.fr\/dsden55\/index.php?rest_route=%2Fwp%2Fv2%2Fmedia&parent=1829"}],"wp:term":[{"taxonomy":"category","embeddable":true,"href":"https:\/\/sites.ac-nancy-metz.fr\/dsden55\/index.php?rest_route=%2Fwp%2Fv2%2Fcategories&post=1829"},{"taxonomy":"post_tag","embeddable":true,"href":"https:\/\/sites.ac-nancy-metz.fr\/dsden55\/index.php?rest_route=%2Fwp%2Fv2%2Ftags&post=1829"}],"curies":[{"name":"wp","href":"https:\/\/api.w.org\/{rel}","templated":true}]}}