{"id":1856,"date":"2022-03-21T18:14:01","date_gmt":"2022-03-21T17:14:01","guid":{"rendered":"https:\/\/sites.ac-nancy-metz.fr\/dsden55\/?p=1856"},"modified":"2022-03-21T18:17:07","modified_gmt":"2022-03-21T17:17:07","slug":"appel-a-projet-federateur-2021-2022","status":"publish","type":"post","link":"https:\/\/sites.ac-nancy-metz.fr\/dsden55\/?p=1856","title":{"rendered":"Appel \u00e0 projet f\u00e9d\u00e9rateur"},"content":{"rendered":"\n<p><strong>Vous souhaitez faire intervenir un artiste dans votre \u00e9cole&nbsp;?<\/strong><\/p>\n\n\n\n<p><strong><a href=\"https:\/\/culture.ac-nancy-metz.fr\/appel-a-projets\/appel-a-projets-2021-2022\/\">L<\/a><a href=\"https:\/\/culture.ac-nancy-metz.fr\/appel-a-projets\/appel-a-projets-2021-2022\/\" target=\"_blank\" rel=\"noreferrer noopener\">\u2019appel \u00e0 \u00ab\u00a0Projets f\u00e9d\u00e9rateurs\u00a0\u00bb en arts<\/a><\/strong> peut vous int\u00e9resser.<br>Le cadre est le suivant&nbsp;: au moins 3 classes doivent en faire partie, plusieurs \u00e9coles de proximit\u00e9 peuvent s\u2019y associer, le nombre maximal d\u2019heures d\u2019intervention d\u2019un artiste est de 50h.<\/p>\n\n\n\n<p>La campagne de saisie de vos projets s\u2019effectue sur l&rsquo;application  \u00ab\u00a0<strong><a href=\"https:\/\/sites.ac-nancy-metz.fr\/dsden55\/?p=1843\">ADAGE<\/a><\/strong>\u00a0\u00bb accessible sur Partage\/Portail Arena par votre adresse acad\u00e9mique.<\/p>\n\n\n\n<p>Vous y renseignerez un formulaire et ajouterez 3 pi\u00e8ces jointes&nbsp;:<\/p>\n\n\n\n<p>Le projet p\u00e9dagogique <noscript><img loading=\"lazy\" decoding=\"async\" data-skip-lazy src=\"https:\/\/www4.ac-nancy-metz.fr\/ia55\/local\/cache-vignettes\/L10xH10\/br-auto-10-8beb9.png?1645649036\" alt=\"Retour ligne automatique\" width=\"10\" height=\"10\"><\/noscript><img loading=\"eager\" decoding=\"async\" src=\"data:image\/svg+xml;base64,PHN2ZyB3aWR0aD0iMTAiIGhlaWdodD0iMTAiIHZpZXdCb3g9IjAgMCAxMCAxMCIgZmlsbD0ibm9uZSIgeG1sbnM9Imh0dHA6Ly93d3cudzMub3JnLzIwMDAvc3ZnIj48L3N2Zz4=\" alt=\"Retour ligne automatique\" width=\"10\" height=\"10\" data-src=\"https:\/\/www4.ac-nancy-metz.fr\/ia55\/local\/cache-vignettes\/L10xH10\/br-auto-10-8beb9.png?1645649036\" data-sizes=\"auto\" class=\"vp-lazyload\"><br>Un CV de l\u2019artiste intervenant (\u00e0 demander \u00e0 la structure culturelle ou \u00e0 l\u2019artiste)<noscript><img loading=\"lazy\" decoding=\"async\" data-skip-lazy src=\"https:\/\/www4.ac-nancy-metz.fr\/ia55\/local\/cache-vignettes\/L10xH10\/br-auto-10-8beb9.png?1645649036\" alt=\"Retour ligne automatique\" width=\"10\" height=\"10\"><\/noscript><img loading=\"eager\" decoding=\"async\" src=\"data:image\/svg+xml;base64,PHN2ZyB3aWR0aD0iMTAiIGhlaWdodD0iMTAiIHZpZXdCb3g9IjAgMCAxMCAxMCIgZmlsbD0ibm9uZSIgeG1sbnM9Imh0dHA6Ly93d3cudzMub3JnLzIwMDAvc3ZnIj48L3N2Zz4=\" alt=\"Retour ligne automatique\" width=\"10\" height=\"10\" data-src=\"https:\/\/www4.ac-nancy-metz.fr\/ia55\/local\/cache-vignettes\/L10xH10\/br-auto-10-8beb9.png?1645649036\" data-sizes=\"auto\" class=\"vp-lazyload\"><br>Un calendrier indicatif de la pr\u00e9sence de l\u2019artiste<\/p>\n\n\n\n<p>Les structures culturelles porteuses de vos projets ne pourront plus acc\u00e9der \u00e0 l\u2019application et participer directement \u00e0 son \u00e9criture comme cela a \u00e9t\u00e9 le cas sur \u00ab\u00a0D\u00e9marches simplifi\u00e9es\u00a0\u00bb&nbsp;; ainsi, nous vous invitons \u00e0 les contacter pour qu\u2019elles vous accompagnent dans sa r\u00e9daction dans le cadre d\u2019une r\u00e9union dans votre \u00e9cole.<\/p>\n\n\n\n<p>Les coordonnateurs CT-EAC (sur certains secteurs) et les conseill\u00e8res p\u00e9dagogiques (<a rel=\"noreferrer noopener\" href=\"mailto:emeline.colardelle@ac-nancy-metz.fr\" target=\"_blank\"><strong>Emeline COLARDELLE<\/strong><\/a> et <strong><a rel=\"noreferrer noopener\" href=\"mailto:isabelle.chiodo@ac-nancy-metz.fr\" target=\"_blank\">Isabelle CHIODO<\/a><\/strong>) peuvent \u00e9galement vous accompagner dans cette d\u00e9marche. N\u2019h\u00e9sitez pas \u00e0 les contacter.<\/p>\n\n\n\n<div class=\"wp-block-file\"><a id=\"wp-block-file--media-0fe5e39c-ace5-44cd-a5e8-ad346de96b7b\" href=\"https:\/\/sites.ac-nancy-metz.fr\/dsden55\/wp-content\/uploads\/2022\/03\/ADAGE-presentation-1er-degre.docx\">ADAGE-presentation-1er-degre<\/a><a href=\"https:\/\/sites.ac-nancy-metz.fr\/dsden55\/wp-content\/uploads\/2022\/03\/ADAGE-presentation-1er-degre.docx\" class=\"wp-block-file__button\" download aria-describedby=\"wp-block-file--media-0fe5e39c-ace5-44cd-a5e8-ad346de96b7b\">T\u00e9l\u00e9charger<\/a><\/div>\n","protected":false},"excerpt":{"rendered":"<div class=\"mh-excerpt\"><p>Vous souhaitez faire intervenir un artiste dans votre \u00e9cole&nbsp;? L\u2019appel \u00e0 \u00ab\u00a0Projets f\u00e9d\u00e9rateurs\u00a0\u00bb en arts peut vous int\u00e9resser.Le cadre est le suivant&nbsp;: au moins 3 <a class=\"mh-excerpt-more\" href=\"https:\/\/sites.ac-nancy-metz.fr\/dsden55\/?p=1856\" title=\"Appel \u00e0 projet f\u00e9d\u00e9rateur\">[&#8230;]<\/a><\/p>\n<\/div>","protected":false},"author":1,"featured_media":1744,"comment_status":"closed","ping_status":"closed","sticky":false,"template":"","format":"standard","meta":{"_acf_changed":false,"_vp_format_video_url":"","_vp_image_focal_point":[],"_jetpack_memberships_contains_paid_content":false,"footnotes":""},"categories":[3,65],"tags":[],"class_list":["post-1856","post","type-post","status-publish","format-standard","has-post-thumbnail","hentry","category-arts","category-atelier-artistique-drac-projets-federateurs"],"acf":[],"jetpack_featured_media_url":"https:\/\/sites.ac-nancy-metz.fr\/dsden55\/wp-content\/uploads\/2022\/03\/arts-e1647867538209.jpg","jetpack_sharing_enabled":true,"_links":{"self":[{"href":"https:\/\/sites.ac-nancy-metz.fr\/dsden55\/index.php?rest_route=\/wp\/v2\/posts\/1856","targetHints":{"allow":["GET"]}}],"collection":[{"href":"https:\/\/sites.ac-nancy-metz.fr\/dsden55\/index.php?rest_route=\/wp\/v2\/posts"}],"about":[{"href":"https:\/\/sites.ac-nancy-metz.fr\/dsden55\/index.php?rest_route=\/wp\/v2\/types\/post"}],"author":[{"embeddable":true,"href":"https:\/\/sites.ac-nancy-metz.fr\/dsden55\/index.php?rest_route=\/wp\/v2\/users\/1"}],"replies":[{"embeddable":true,"href":"https:\/\/sites.ac-nancy-metz.fr\/dsden55\/index.php?rest_route=%2Fwp%2Fv2%2Fcomments&post=1856"}],"version-history":[{"count":4,"href":"https:\/\/sites.ac-nancy-metz.fr\/dsden55\/index.php?rest_route=\/wp\/v2\/posts\/1856\/revisions"}],"predecessor-version":[{"id":1862,"href":"https:\/\/sites.ac-nancy-metz.fr\/dsden55\/index.php?rest_route=\/wp\/v2\/posts\/1856\/revisions\/1862"}],"wp:featuredmedia":[{"embeddable":true,"href":"https:\/\/sites.ac-nancy-metz.fr\/dsden55\/index.php?rest_route=\/wp\/v2\/media\/1744"}],"wp:attachment":[{"href":"https:\/\/sites.ac-nancy-metz.fr\/dsden55\/index.php?rest_route=%2Fwp%2Fv2%2Fmedia&parent=1856"}],"wp:term":[{"taxonomy":"category","embeddable":true,"href":"https:\/\/sites.ac-nancy-metz.fr\/dsden55\/index.php?rest_route=%2Fwp%2Fv2%2Fcategories&post=1856"},{"taxonomy":"post_tag","embeddable":true,"href":"https:\/\/sites.ac-nancy-metz.fr\/dsden55\/index.php?rest_route=%2Fwp%2Fv2%2Ftags&post=1856"}],"curies":[{"name":"wp","href":"https:\/\/api.w.org\/{rel}","templated":true}]}}