{"id":3977,"date":"2022-11-24T10:42:45","date_gmt":"2022-11-24T09:42:45","guid":{"rendered":"https:\/\/sites.ac-nancy-metz.fr\/dsden55\/?p=3977"},"modified":"2022-11-24T10:42:45","modified_gmt":"2022-11-24T09:42:45","slug":"dispositifs-et-structures-de-lash","status":"publish","type":"post","link":"https:\/\/sites.ac-nancy-metz.fr\/dsden55\/?p=3977","title":{"rendered":"Dispositifs et structures de l\u2019ASH"},"content":{"rendered":"\n<figure class=\"wp-block-image size-full is-resized\"><noscript><img loading=\"lazy\" decoding=\"async\" data-skip-lazy src=\"https:\/\/sites.ac-nancy-metz.fr\/dsden55\/wp-content\/uploads\/2022\/11\/inclusion.jpg\" alt=\"\" class=\"wp-image-3979\" width=\"843\" height=\"279\" srcset=\"https:\/\/sites.ac-nancy-metz.fr\/dsden55\/wp-content\/uploads\/2022\/11\/inclusion.jpg 450w, https:\/\/sites.ac-nancy-metz.fr\/dsden55\/wp-content\/uploads\/2022\/11\/inclusion-300x99.jpg 300w, https:\/\/sites.ac-nancy-metz.fr\/dsden55\/wp-content\/uploads\/2022\/11\/inclusion-50x17.jpg 50w\" sizes=\"auto, (max-width: 843px) 100vw, 843px\" \/><\/noscript><img loading=\"eager\" decoding=\"async\" src=\"https:\/\/sites.ac-nancy-metz.fr\/dsden55\/wp-content\/uploads\/2022\/11\/inclusion.jpg\" alt class=\"wp-image-3979 vp-lazyload\" width=\"843\" height=\"279\" srcset=\"data:image\/svg+xml;base64,PHN2ZyB3aWR0aD0iODQzIiBoZWlnaHQ9IjI3OSIgdmlld0JveD0iMCAwIDg0MyAyNzkiIGZpbGw9Im5vbmUiIHhtbG5zPSJodHRwOi8vd3d3LnczLm9yZy8yMDAwL3N2ZyI+PC9zdmc+\" data-src=\"https:\/\/sites.ac-nancy-metz.fr\/dsden55\/wp-content\/uploads\/2022\/11\/inclusion.jpg\" data-srcset=\"https:\/\/sites.ac-nancy-metz.fr\/dsden55\/wp-content\/uploads\/2022\/11\/inclusion.jpg 450w, https:\/\/sites.ac-nancy-metz.fr\/dsden55\/wp-content\/uploads\/2022\/11\/inclusion-300x99.jpg 300w, https:\/\/sites.ac-nancy-metz.fr\/dsden55\/wp-content\/uploads\/2022\/11\/inclusion-50x17.jpg 50w\" data-sizes=\"auto\"><\/figure>\n\n\n\n<h1 class=\"wp-block-heading\">Les dispositifs et structures de l\u2019ASH<\/h1>\n\n\n\n<p>Le domaine de l\u2019ASH&nbsp;comprend deux grands volets : celui des&nbsp;<strong>\u00e9l\u00e8ves en difficult\u00e9&nbsp;<\/strong>(Adaptation) et celui des&nbsp;<strong>\u00e9l\u00e8ves&nbsp;en situation de handicap<\/strong>&nbsp;(Inclusion).<\/p>\n\n\n\n<p>Les diff\u00e9rents dispositifs et structures qui existent :<\/p>\n\n\n\n<p><strong>\u21d2 Dans le cadre de l\u2019\u00c9ducation Nationale<\/strong><\/p>\n\n\n\n<p><em><strong>1 \u2013 pour les \u00e9l\u00e8ves en difficult\u00e9<\/strong><\/em><\/p>\n\n\n\n<p>\u2013 un dispositif des aides au maintien dans l\u2019enseignement primaire ordinaire : les&nbsp;<strong>RASED<\/strong><\/p>\n\n\n\n<p>\u2013 des structures d\u2019enseignements adapt\u00e9s au coll\u00e8ge : les&nbsp;<strong>SEGPA,&nbsp;<\/strong>les&nbsp;<strong>EREA<\/strong><\/p>\n\n\n\n<p><em><strong>2 \u2013 pour les \u00e9l\u00e8ves handicap\u00e9s<\/strong><\/em><\/p>\n\n\n\n<p>\u2013 les dispositifs d&rsquo;inclusion : les&nbsp;<strong>ULIS&nbsp;\u00c9cole&nbsp;<\/strong>(en primaire), les&nbsp;<strong>ULIS<\/strong>&nbsp;(en coll\u00e8ge et en Lyc\u00e9e Professionnel)<\/p>\n\n\n\n<p><strong>\u21d2 Dans le cadre du secteur m\u00e9dico-social, pour les \u00e9l\u00e8ves en situation de handicap<\/strong><\/p>\n\n\n\n<p>\u2013 des structures d\u2019accueil :&nbsp;<strong>IME<\/strong>,&nbsp;<strong>IEM<\/strong>&nbsp;\u2026 (<strong>U<\/strong>nit\u00e9s d&rsquo;<strong>E<\/strong>nseignement internes, externes)<\/p>\n\n\n\n<p>\u2013 des dispositifs d\u2019aide \u00e0 l\u2019inclusion scolaire :&nbsp;<strong>SESSAD<\/strong>&nbsp;\u2026<\/p>\n\n\n\n<p><strong>\u21d2 Le domaine de l\u2019ASH&nbsp;recouvre aussi les relations de l\u2019\u00c9ducation Nationale avec<\/strong><\/p>\n\n\n\n<p>\u2013 le secteur sanitaire<\/p>\n\n\n\n<p>\u2013 le secteur de la justice<\/p>\n\n\n\n<p><a href=\"https:\/\/ash62.site.ac-lille.fr\/wp-content\/uploads\/sites\/7\/2020\/10\/carte-mentale-structures-AS.jpg\" target=\"_blank\" rel=\"noreferrer noopener\"><\/a><\/p>\n\n\n\n<figure class=\"wp-block-image size-large is-resized\"><noscript><img loading=\"lazy\" decoding=\"async\" data-skip-lazy src=\"https:\/\/sites.ac-nancy-metz.fr\/dsden55\/wp-content\/uploads\/2022\/11\/carte-mentale-structures-ASH-962x438.jpg\" alt=\"\" class=\"wp-image-3980\" width=\"836\" height=\"380\"\/><\/noscript><img loading=\"eager\" decoding=\"async\" src=\"data:image\/svg+xml;base64,PHN2ZyB3aWR0aD0iODM2IiBoZWlnaHQ9IjM4MCIgdmlld0JveD0iMCAwIDgzNiAzODAiIGZpbGw9Im5vbmUiIHhtbG5zPSJodHRwOi8vd3d3LnczLm9yZy8yMDAwL3N2ZyI+PC9zdmc+\" alt class=\"wp-image-3980 vp-lazyload\" width=\"836\" height=\"380\" data-src=\"https:\/\/sites.ac-nancy-metz.fr\/dsden55\/wp-content\/uploads\/2022\/11\/carte-mentale-structures-ASH-962x438.jpg\" data-sizes=\"auto\"><\/figure>\n","protected":false},"excerpt":{"rendered":"<div class=\"mh-excerpt\"><p>Les dispositifs et structures de l\u2019ASH Le domaine de l\u2019ASH&nbsp;comprend deux grands volets : celui des&nbsp;\u00e9l\u00e8ves en difficult\u00e9&nbsp;(Adaptation) et celui des&nbsp;\u00e9l\u00e8ves&nbsp;en situation de handicap&nbsp;(Inclusion). Les <a class=\"mh-excerpt-more\" href=\"https:\/\/sites.ac-nancy-metz.fr\/dsden55\/?p=3977\" title=\"Dispositifs et structures de l\u2019ASH\">[&#8230;]<\/a><\/p>\n<\/div>","protected":false},"author":19,"featured_media":3979,"comment_status":"closed","ping_status":"open","sticky":false,"template":"","format":"standard","meta":{"_acf_changed":false,"_vp_format_video_url":"","_vp_image_focal_point":[],"_jetpack_memberships_contains_paid_content":false,"footnotes":""},"categories":[152],"tags":[],"class_list":["post-3977","post","type-post","status-publish","format-standard","has-post-thumbnail","hentry","category-dispositifs-et-structures-de-l-ash"],"acf":[],"jetpack_featured_media_url":"https:\/\/sites.ac-nancy-metz.fr\/dsden55\/wp-content\/uploads\/2022\/11\/inclusion.jpg","jetpack_sharing_enabled":true,"_links":{"self":[{"href":"https:\/\/sites.ac-nancy-metz.fr\/dsden55\/index.php?rest_route=\/wp\/v2\/posts\/3977","targetHints":{"allow":["GET"]}}],"collection":[{"href":"https:\/\/sites.ac-nancy-metz.fr\/dsden55\/index.php?rest_route=\/wp\/v2\/posts"}],"about":[{"href":"https:\/\/sites.ac-nancy-metz.fr\/dsden55\/index.php?rest_route=\/wp\/v2\/types\/post"}],"author":[{"embeddable":true,"href":"https:\/\/sites.ac-nancy-metz.fr\/dsden55\/index.php?rest_route=\/wp\/v2\/users\/19"}],"replies":[{"embeddable":true,"href":"https:\/\/sites.ac-nancy-metz.fr\/dsden55\/index.php?rest_route=%2Fwp%2Fv2%2Fcomments&post=3977"}],"version-history":[{"count":3,"href":"https:\/\/sites.ac-nancy-metz.fr\/dsden55\/index.php?rest_route=\/wp\/v2\/posts\/3977\/revisions"}],"predecessor-version":[{"id":4240,"href":"https:\/\/sites.ac-nancy-metz.fr\/dsden55\/index.php?rest_route=\/wp\/v2\/posts\/3977\/revisions\/4240"}],"wp:featuredmedia":[{"embeddable":true,"href":"https:\/\/sites.ac-nancy-metz.fr\/dsden55\/index.php?rest_route=\/wp\/v2\/media\/3979"}],"wp:attachment":[{"href":"https:\/\/sites.ac-nancy-metz.fr\/dsden55\/index.php?rest_route=%2Fwp%2Fv2%2Fmedia&parent=3977"}],"wp:term":[{"taxonomy":"category","embeddable":true,"href":"https:\/\/sites.ac-nancy-metz.fr\/dsden55\/index.php?rest_route=%2Fwp%2Fv2%2Fcategories&post=3977"},{"taxonomy":"post_tag","embeddable":true,"href":"https:\/\/sites.ac-nancy-metz.fr\/dsden55\/index.php?rest_route=%2Fwp%2Fv2%2Ftags&post=3977"}],"curies":[{"name":"wp","href":"https:\/\/api.w.org\/{rel}","templated":true}]}}