{"id":4017,"date":"2022-11-24T10:42:44","date_gmt":"2022-11-24T09:42:44","guid":{"rendered":"https:\/\/sites.ac-nancy-metz.fr\/dsden55\/?p=4017"},"modified":"2022-11-24T10:42:44","modified_gmt":"2022-11-24T09:42:44","slug":"les-emas-un-nouveau-dispositif-pour-favoriser-linclusion-des-eleves-en-situation-de-handicap","status":"publish","type":"post","link":"https:\/\/sites.ac-nancy-metz.fr\/dsden55\/?p=4017","title":{"rendered":"Les EMAS: un nouveau dispositif pour favoriser l\u2019inclusion des \u00e9l\u00e8ves en situation de handicap"},"content":{"rendered":"\n<div class=\"wp-block-cover\" style=\"min-height:150px;aspect-ratio:unset;\"><span aria-hidden=\"true\" class=\"wp-block-cover__background has-background-dim\"><\/span><noscript><img loading=\"lazy\" decoding=\"async\" width=\"1199\" height=\"300\" class=\"wp-block-cover__image-background wp-image-4021\" alt=\"\" data-skip-lazy src=\"https:\/\/sites.ac-nancy-metz.fr\/dsden55\/wp-content\/uploads\/2022\/11\/Appui-pedagogique.jpg\" data-object-fit=\"cover\" srcset=\"https:\/\/sites.ac-nancy-metz.fr\/dsden55\/wp-content\/uploads\/2022\/11\/Appui-pedagogique.jpg 1199w, https:\/\/sites.ac-nancy-metz.fr\/dsden55\/wp-content\/uploads\/2022\/11\/Appui-pedagogique-300x75.jpg 300w, https:\/\/sites.ac-nancy-metz.fr\/dsden55\/wp-content\/uploads\/2022\/11\/Appui-pedagogique-768x192.jpg 768w, https:\/\/sites.ac-nancy-metz.fr\/dsden55\/wp-content\/uploads\/2022\/11\/Appui-pedagogique-1024x256.jpg 1024w, https:\/\/sites.ac-nancy-metz.fr\/dsden55\/wp-content\/uploads\/2022\/11\/Appui-pedagogique-50x13.jpg 50w, https:\/\/sites.ac-nancy-metz.fr\/dsden55\/wp-content\/uploads\/2022\/11\/Appui-pedagogique-500x125.jpg 500w, https:\/\/sites.ac-nancy-metz.fr\/dsden55\/wp-content\/uploads\/2022\/11\/Appui-pedagogique-1000x250.jpg 1000w, https:\/\/sites.ac-nancy-metz.fr\/dsden55\/wp-content\/uploads\/2022\/11\/Appui-pedagogique-800x200.jpg 800w\" sizes=\"auto, (max-width: 1199px) 100vw, 1199px\" \/><\/noscript><img loading=\"eager\" decoding=\"async\" width=\"1199\" height=\"300\" class=\"wp-block-cover__image-background wp-image-4021 vp-lazyload\" alt src=\"https:\/\/sites.ac-nancy-metz.fr\/dsden55\/wp-content\/uploads\/2022\/11\/Appui-pedagogique.jpg\" data-object-fit=\"cover\" srcset=\"data:image\/svg+xml;base64,PHN2ZyB3aWR0aD0iMTE5OSIgaGVpZ2h0PSIzMDAiIHZpZXdCb3g9IjAgMCAxMTk5IDMwMCIgZmlsbD0ibm9uZSIgeG1sbnM9Imh0dHA6Ly93d3cudzMub3JnLzIwMDAvc3ZnIj48L3N2Zz4=\" data-src=\"https:\/\/sites.ac-nancy-metz.fr\/dsden55\/wp-content\/uploads\/2022\/11\/Appui-pedagogique.jpg\" data-srcset=\"https:\/\/sites.ac-nancy-metz.fr\/dsden55\/wp-content\/uploads\/2022\/11\/Appui-pedagogique.jpg 1199w, https:\/\/sites.ac-nancy-metz.fr\/dsden55\/wp-content\/uploads\/2022\/11\/Appui-pedagogique-300x75.jpg 300w, https:\/\/sites.ac-nancy-metz.fr\/dsden55\/wp-content\/uploads\/2022\/11\/Appui-pedagogique-768x192.jpg 768w, https:\/\/sites.ac-nancy-metz.fr\/dsden55\/wp-content\/uploads\/2022\/11\/Appui-pedagogique-1024x256.jpg 1024w, https:\/\/sites.ac-nancy-metz.fr\/dsden55\/wp-content\/uploads\/2022\/11\/Appui-pedagogique-50x13.jpg 50w, https:\/\/sites.ac-nancy-metz.fr\/dsden55\/wp-content\/uploads\/2022\/11\/Appui-pedagogique-500x125.jpg 500w, https:\/\/sites.ac-nancy-metz.fr\/dsden55\/wp-content\/uploads\/2022\/11\/Appui-pedagogique-1000x250.jpg 1000w, https:\/\/sites.ac-nancy-metz.fr\/dsden55\/wp-content\/uploads\/2022\/11\/Appui-pedagogique-800x200.jpg 800w\" data-sizes=\"auto\"><div class=\"wp-block-cover__inner-container is-layout-flow wp-block-cover-is-layout-flow\">\n<p class=\"has-text-align-center has-large-font-size\">Equipe mobile d&rsquo;appui \u00e0 la scolarisation<\/p>\n<\/div><\/div>\n\n\n\n<p>C\u2019est pour r\u00e9pondre \u00e0 l\u2019objectif de b\u00e2tir un grand service public de l\u2019\u00e9cole inclusive, d\u00e8s la rentr\u00e9e 2019, que sont notamment cr\u00e9\u00e9es des \u00e9quipes mobiles d\u2019appui m\u00e9dico-social pour la scolarisation des enfants en situation&nbsp;de handicap.&nbsp;<\/p>\n\n\n\n<p>Leur mise en place vise \u00e0 renforcer la scolarisation&nbsp;des \u00e9l\u00e8ves pr\u00e9sentant des besoins \u00e9ducatifs particuliers en apportant aux \u00e9tablissements scolaires et leurs professionnels, l\u2019appui de l\u2019expertise existant au sein des \u00e9tablissements et services m\u00e9dico-sociaux (ESMS) gr\u00e2ce \u00e0 des professionnels mobilis\u00e9s \u00e0 cet effet.<\/p>\n\n\n\n<div data-wp-interactive=\"core\/file\" class=\"wp-block-file\"><object data-wp-bind--hidden=\"!state.hasPdfPreview\" hidden class=\"wp-block-file__embed\" data=\"https:\/\/sites.ac-nancy-metz.fr\/dsden55\/wp-content\/uploads\/2022\/11\/Presentation-EMAS-CDEI-Chefs-etablissements-06-et-24-01-22.pdf\" type=\"application\/pdf\" style=\"width:100%;height:600px\" aria-label=\"Contenu embarqu\u00e9 Presentation-EMAS-CDEI-Chefs-etablissements-06-et-24-01-22.\"><\/object><a id=\"wp-block-file--media-77274843-bcb9-4df1-8a29-8e52179098b6\" href=\"https:\/\/sites.ac-nancy-metz.fr\/dsden55\/wp-content\/uploads\/2022\/11\/Presentation-EMAS-CDEI-Chefs-etablissements-06-et-24-01-22.pdf\">Presentation-EMAS-CDEI-Chefs-etablissements-06-et-24-01-22<\/a><a href=\"https:\/\/sites.ac-nancy-metz.fr\/dsden55\/wp-content\/uploads\/2022\/11\/Presentation-EMAS-CDEI-Chefs-etablissements-06-et-24-01-22.pdf\" class=\"wp-block-file__button wp-element-button\" download aria-describedby=\"wp-block-file--media-77274843-bcb9-4df1-8a29-8e52179098b6\">T\u00e9l\u00e9charger<\/a><\/div>\n","protected":false},"excerpt":{"rendered":"<div class=\"mh-excerpt\"><p>C\u2019est pour r\u00e9pondre \u00e0 l\u2019objectif de b\u00e2tir un grand service public de l\u2019\u00e9cole inclusive, d\u00e8s la rentr\u00e9e 2019, que sont notamment cr\u00e9\u00e9es des \u00e9quipes mobiles <a class=\"mh-excerpt-more\" href=\"https:\/\/sites.ac-nancy-metz.fr\/dsden55\/?p=4017\" title=\"Les EMAS: un nouveau dispositif pour favoriser l\u2019inclusion des \u00e9l\u00e8ves en situation de handicap\">[&#8230;]<\/a><\/p>\n<\/div>","protected":false},"author":19,"featured_media":4238,"comment_status":"closed","ping_status":"open","sticky":false,"template":"","format":"standard","meta":{"_acf_changed":false,"_vp_format_video_url":"","_vp_image_focal_point":[],"_jetpack_memberships_contains_paid_content":false,"footnotes":""},"categories":[154],"tags":[],"class_list":["post-4017","post","type-post","status-publish","format-standard","has-post-thumbnail","hentry","category-equipe-mobile-d-appui-et-de-scolarisation-emas"],"acf":[],"jetpack_featured_media_url":"https:\/\/sites.ac-nancy-metz.fr\/dsden55\/wp-content\/uploads\/2022\/11\/emas-1.jpg","jetpack_sharing_enabled":true,"_links":{"self":[{"href":"https:\/\/sites.ac-nancy-metz.fr\/dsden55\/index.php?rest_route=\/wp\/v2\/posts\/4017","targetHints":{"allow":["GET"]}}],"collection":[{"href":"https:\/\/sites.ac-nancy-metz.fr\/dsden55\/index.php?rest_route=\/wp\/v2\/posts"}],"about":[{"href":"https:\/\/sites.ac-nancy-metz.fr\/dsden55\/index.php?rest_route=\/wp\/v2\/types\/post"}],"author":[{"embeddable":true,"href":"https:\/\/sites.ac-nancy-metz.fr\/dsden55\/index.php?rest_route=\/wp\/v2\/users\/19"}],"replies":[{"embeddable":true,"href":"https:\/\/sites.ac-nancy-metz.fr\/dsden55\/index.php?rest_route=%2Fwp%2Fv2%2Fcomments&post=4017"}],"version-history":[{"count":2,"href":"https:\/\/sites.ac-nancy-metz.fr\/dsden55\/index.php?rest_route=\/wp\/v2\/posts\/4017\/revisions"}],"predecessor-version":[{"id":4239,"href":"https:\/\/sites.ac-nancy-metz.fr\/dsden55\/index.php?rest_route=\/wp\/v2\/posts\/4017\/revisions\/4239"}],"wp:featuredmedia":[{"embeddable":true,"href":"https:\/\/sites.ac-nancy-metz.fr\/dsden55\/index.php?rest_route=\/wp\/v2\/media\/4238"}],"wp:attachment":[{"href":"https:\/\/sites.ac-nancy-metz.fr\/dsden55\/index.php?rest_route=%2Fwp%2Fv2%2Fmedia&parent=4017"}],"wp:term":[{"taxonomy":"category","embeddable":true,"href":"https:\/\/sites.ac-nancy-metz.fr\/dsden55\/index.php?rest_route=%2Fwp%2Fv2%2Fcategories&post=4017"},{"taxonomy":"post_tag","embeddable":true,"href":"https:\/\/sites.ac-nancy-metz.fr\/dsden55\/index.php?rest_route=%2Fwp%2Fv2%2Ftags&post=4017"}],"curies":[{"name":"wp","href":"https:\/\/api.w.org\/{rel}","templated":true}]}}