{"id":4059,"date":"2022-11-24T10:40:09","date_gmt":"2022-11-24T09:40:09","guid":{"rendered":"https:\/\/sites.ac-nancy-metz.fr\/dsden55\/?p=4059"},"modified":"2022-11-24T10:40:09","modified_gmt":"2022-11-24T09:40:09","slug":"cycle-formation-continue-des-accompagnants-deleves-en-situation-de-handicap-aesh-dans-lacademie","status":"publish","type":"post","link":"https:\/\/sites.ac-nancy-metz.fr\/dsden55\/?p=4059","title":{"rendered":"Cycle Formation continue des accompagnants d&rsquo;\u00e9l\u00e8ves en situation de handicap (AESH) dans l&rsquo;acad\u00e9mie."},"content":{"rendered":"\n<p>Les personnels d&rsquo;accompagnement re\u00e7oivent une formation initiale et peuvent b\u00e9n\u00e9ficier d&rsquo;une formation continue.<\/p>\n\n\n\n<p>Une formation obligatoire&nbsp;d&rsquo;adaptation \u00e0 l&#8217;emploi d&rsquo;une dur\u00e9e de 60 heures leur est dispens\u00e9e. Elle est mise en \u0153uvre par la&nbsp;DASEN&nbsp;pour tous les personnels nouvellement recrut\u00e9s.<\/p>\n\n\n\n<p>De plus, des actions de formation continues sont propos\u00e9es dans le cadre des plans acad\u00e9miques ou d\u00e9partementaux de formation (par exemple des formations d&rsquo;initiatives locales organis\u00e9es en \u00e9cole ou en \u00e9tablissement scolaire), mais aussi de formations avec les enseignants, ou encore d&rsquo;actions de formations nationales dans le domaine de la scolarisation des \u00e9l\u00e8ves en situation de handicap (modules d&rsquo;initiative nationale).<\/p>\n\n\n\n<figure class=\"wp-block-image size-large\"><noscript><img decoding=\"async\" data-skip-lazy src=\"https:\/\/sites.ac-nancy-metz.fr\/dsden55\/wp-content\/uploads\/2022\/11\/eafc-carte-mentale-cycle-formation-initiale-des-aesh-22234-1-779x438.jpg\" alt=\"\" class=\"wp-image-4061\"\/><\/noscript><img decoding=\"async\" src=\"data:image\/svg+xml;base64,PHN2ZyB3aWR0aD0iMTI4MCIgaGVpZ2h0PSI3MjAiIHZpZXdCb3g9IjAgMCAxMjgwIDcyMCIgZmlsbD0ibm9uZSIgeG1sbnM9Imh0dHA6Ly93d3cudzMub3JnLzIwMDAvc3ZnIj48L3N2Zz4=\" alt class=\"wp-image-4061 vp-lazyload\" data-src=\"https:\/\/sites.ac-nancy-metz.fr\/dsden55\/wp-content\/uploads\/2022\/11\/eafc-carte-mentale-cycle-formation-initiale-des-aesh-22234-1-779x438.jpg\" data-sizes=\"auto\" loading=\"eager\"><\/figure>\n\n\n\n<ul class=\"wp-block-list\">\n<li>La formation initiale des accompagnants d&rsquo;\u00e9l\u00e8ves en situation de handicap (AESH) permet :\n<ul class=\"wp-block-list\">\n<li>d\u2019acqu\u00e9rir les comp\u00e9tences utiles \u00e0 l\u2019exercice des fonctions pour contribuer \u00e0 la mise en \u0153uvre du projet personnalis\u00e9 de scolarisation (PPS) de l\u2019\u00e9l\u00e8ve.<\/li>\n\n\n\n<li>de s\u2019inscrire dans un processus de professionnalisation et de formation tout au long de la carri\u00e8re.<\/li>\n<\/ul>\n<\/li>\n\n\n\n<li>Les modules \u00ab\u00a0pilotage\u00a0\u00bb sont \u00e0 public d\u00e9sign\u00e9. Les stagiaires ne peuvent pas s\u2019y inscrire individuellement.<\/li>\n<\/ul>\n","protected":false},"excerpt":{"rendered":"<div class=\"mh-excerpt\"><p>Les personnels d&rsquo;accompagnement re\u00e7oivent une formation initiale et peuvent b\u00e9n\u00e9ficier d&rsquo;une formation continue. Une formation obligatoire&nbsp;d&rsquo;adaptation \u00e0 l&#8217;emploi d&rsquo;une dur\u00e9e de 60 heures leur est <a class=\"mh-excerpt-more\" href=\"https:\/\/sites.ac-nancy-metz.fr\/dsden55\/?p=4059\" title=\"Cycle Formation continue des accompagnants d&rsquo;\u00e9l\u00e8ves en situation de handicap (AESH) dans l&rsquo;acad\u00e9mie.\">[&#8230;]<\/a><\/p>\n<\/div>","protected":false},"author":19,"featured_media":4211,"comment_status":"closed","ping_status":"open","sticky":false,"template":"","format":"standard","meta":{"_acf_changed":false,"_vp_format_video_url":"","_vp_image_focal_point":[],"_jetpack_memberships_contains_paid_content":false,"footnotes":""},"categories":[172],"tags":[],"class_list":["post-4059","post","type-post","status-publish","format-standard","has-post-thumbnail","hentry","category-formation"],"acf":[],"jetpack_featured_media_url":"https:\/\/sites.ac-nancy-metz.fr\/dsden55\/wp-content\/uploads\/2022\/11\/formation-scaled.jpg","jetpack_sharing_enabled":true,"_links":{"self":[{"href":"https:\/\/sites.ac-nancy-metz.fr\/dsden55\/index.php?rest_route=\/wp\/v2\/posts\/4059","targetHints":{"allow":["GET"]}}],"collection":[{"href":"https:\/\/sites.ac-nancy-metz.fr\/dsden55\/index.php?rest_route=\/wp\/v2\/posts"}],"about":[{"href":"https:\/\/sites.ac-nancy-metz.fr\/dsden55\/index.php?rest_route=\/wp\/v2\/types\/post"}],"author":[{"embeddable":true,"href":"https:\/\/sites.ac-nancy-metz.fr\/dsden55\/index.php?rest_route=\/wp\/v2\/users\/19"}],"replies":[{"embeddable":true,"href":"https:\/\/sites.ac-nancy-metz.fr\/dsden55\/index.php?rest_route=%2Fwp%2Fv2%2Fcomments&post=4059"}],"version-history":[{"count":1,"href":"https:\/\/sites.ac-nancy-metz.fr\/dsden55\/index.php?rest_route=\/wp\/v2\/posts\/4059\/revisions"}],"predecessor-version":[{"id":4062,"href":"https:\/\/sites.ac-nancy-metz.fr\/dsden55\/index.php?rest_route=\/wp\/v2\/posts\/4059\/revisions\/4062"}],"wp:featuredmedia":[{"embeddable":true,"href":"https:\/\/sites.ac-nancy-metz.fr\/dsden55\/index.php?rest_route=\/wp\/v2\/media\/4211"}],"wp:attachment":[{"href":"https:\/\/sites.ac-nancy-metz.fr\/dsden55\/index.php?rest_route=%2Fwp%2Fv2%2Fmedia&parent=4059"}],"wp:term":[{"taxonomy":"category","embeddable":true,"href":"https:\/\/sites.ac-nancy-metz.fr\/dsden55\/index.php?rest_route=%2Fwp%2Fv2%2Fcategories&post=4059"},{"taxonomy":"post_tag","embeddable":true,"href":"https:\/\/sites.ac-nancy-metz.fr\/dsden55\/index.php?rest_route=%2Fwp%2Fv2%2Ftags&post=4059"}],"curies":[{"name":"wp","href":"https:\/\/api.w.org\/{rel}","templated":true}]}}