{"id":4070,"date":"2022-11-24T10:40:10","date_gmt":"2022-11-24T09:40:10","guid":{"rendered":"https:\/\/sites.ac-nancy-metz.fr\/dsden55\/?p=4070"},"modified":"2022-11-24T10:40:10","modified_gmt":"2022-11-24T09:40:10","slug":"le-certificat-de-formation-generale-cfg-le-dnb-diplome-national-du-brevet","status":"publish","type":"post","link":"https:\/\/sites.ac-nancy-metz.fr\/dsden55\/?p=4070","title":{"rendered":"Le Certificat de Formation G\u00e9n\u00e9rale &#8211; CFG &#8211;        Le DNB &#8211; Dipl\u00f4me National du Brevet &#8211;"},"content":{"rendered":"\n<figure class=\"wp-block-image size-full is-resized\"><noscript><img loading=\"lazy\" decoding=\"async\" data-skip-lazy src=\"https:\/\/sites.ac-nancy-metz.fr\/dsden55\/wp-content\/uploads\/2022\/11\/cfg2-1.jpg\" alt=\"\" class=\"wp-image-4074\" width=\"838\" height=\"559\" srcset=\"https:\/\/sites.ac-nancy-metz.fr\/dsden55\/wp-content\/uploads\/2022\/11\/cfg2-1.jpg 600w, https:\/\/sites.ac-nancy-metz.fr\/dsden55\/wp-content\/uploads\/2022\/11\/cfg2-1-300x200.jpg 300w, https:\/\/sites.ac-nancy-metz.fr\/dsden55\/wp-content\/uploads\/2022\/11\/cfg2-1-50x33.jpg 50w, https:\/\/sites.ac-nancy-metz.fr\/dsden55\/wp-content\/uploads\/2022\/11\/cfg2-1-500x333.jpg 500w\" sizes=\"auto, (max-width: 838px) 100vw, 838px\" \/><\/noscript><img loading=\"eager\" decoding=\"async\" src=\"https:\/\/sites.ac-nancy-metz.fr\/dsden55\/wp-content\/uploads\/2022\/11\/cfg2-1.jpg\" alt class=\"wp-image-4074 vp-lazyload\" width=\"838\" height=\"559\" srcset=\"data:image\/svg+xml;base64,PHN2ZyB3aWR0aD0iODM4IiBoZWlnaHQ9IjU1OSIgdmlld0JveD0iMCAwIDgzOCA1NTkiIGZpbGw9Im5vbmUiIHhtbG5zPSJodHRwOi8vd3d3LnczLm9yZy8yMDAwL3N2ZyI+PC9zdmc+\" data-src=\"https:\/\/sites.ac-nancy-metz.fr\/dsden55\/wp-content\/uploads\/2022\/11\/cfg2-1.jpg\" data-srcset=\"https:\/\/sites.ac-nancy-metz.fr\/dsden55\/wp-content\/uploads\/2022\/11\/cfg2-1.jpg 600w, https:\/\/sites.ac-nancy-metz.fr\/dsden55\/wp-content\/uploads\/2022\/11\/cfg2-1-300x200.jpg 300w, https:\/\/sites.ac-nancy-metz.fr\/dsden55\/wp-content\/uploads\/2022\/11\/cfg2-1-50x33.jpg 50w, https:\/\/sites.ac-nancy-metz.fr\/dsden55\/wp-content\/uploads\/2022\/11\/cfg2-1-500x333.jpg 500w\" data-sizes=\"auto\"><\/figure>\n\n\n\n<p><strong>Le certificat de formation g\u00e9n\u00e9rale (C.F.G.) valide des acquis dans des domaines de connaissances g\u00e9n\u00e9rales, notamment pour les \u00e9l\u00e8ves des enseignements g\u00e9n\u00e9raux et professionnels adapt\u00e9s et de troisi\u00e8me d\u2019insertion.<\/strong><\/p>\n\n\n\n<p><strong>Qui peut se pr\u00e9senter au certificat de formation g\u00e9n\u00e9rale&nbsp;?<\/strong><\/p>\n\n\n\n<ul class=\"wp-block-list\">\n<li>les \u00e9l\u00e8ves dans leur derni\u00e8re ann\u00e9e de scolarit\u00e9 obligatoire<\/li>\n\n\n\n<li>les adultes<\/li>\n<\/ul>\n\n\n\n<p><strong>Sont plus particuli\u00e8rement concern\u00e9s&nbsp;<\/strong>&nbsp;:<\/p>\n\n\n\n<ul class=\"wp-block-list\">\n<li>les \u00e9l\u00e8ves de troisi\u00e8me d\u2019insertion et de troisi\u00e8me des enseignements g\u00e9n\u00e9raux et professionnels adapt\u00e9s (SEGPA de coll\u00e8ge et EREA)<\/li>\n\n\n\n<li>les jeunes ou adultes ayant suivi une action de formation en alternance dans un dispositif d\u2019insertion sociale et professionnelle ou une formation continue<\/li>\n<\/ul>\n\n\n\n<p><strong>Quelles connaissances sont valid\u00e9es&nbsp;?<\/strong><br>Le certificat de formation g\u00e9n\u00e9rale garantit l\u2019acquisition de connaissances de base dans trois domaines g\u00e9n\u00e9raux de formation&nbsp;: fran\u00e7ais, math\u00e9matiques, vie sociale et professionnelle.<\/p>\n\n\n\n<p><strong>Comment est attribu\u00e9 le dipl\u00f4me&nbsp;?<\/strong><\/p>\n\n\n\n<p>Les \u00e9l\u00e8ves de troisi\u00e8me d\u2019insertion et de quatri\u00e8me ann\u00e9e des SEGPA et des EREA passent&nbsp;:<\/p>\n\n\n\n<ul class=\"wp-block-list\">\n<li>un contr\u00f4le en cours de formation en fran\u00e7ais et math\u00e9matiques<\/li>\n\n\n\n<li>une \u00e9preuve orale de 20 minutes&nbsp;: un entretien \u00e0 partir du dossier \u00e9labor\u00e9 \u00e0 l\u2019issue du stage en entreprise et \u00e9ventuellement d\u2019un dossier facultatif<\/li>\n\n\n\n<li>Les jeunes et adultes ayant \u00e9t\u00e9 form\u00e9s en alternance passent un entretien de 30 minutes \u00e0 partir du dossier \u00e9labor\u00e9 au cours de la formation<\/li>\n<\/ul>\n\n\n\n<p>Les candidats individuels passent&nbsp;:<\/p>\n\n\n\n<ul class=\"wp-block-list\">\n<li>deux \u00e9preuves \u00e9crites d\u2019une heure en fran\u00e7ais et math\u00e9matiques<\/li>\n\n\n\n<li>une \u00e9preuve orale de 20 minutes<\/li>\n<\/ul>\n\n\n\n<p><strong>Comment est organis\u00e9 l\u2019examen&nbsp;?<\/strong><\/p>\n\n\n\n<p>Les inspecteurs d\u2019acad\u00e9mie&nbsp;:<\/p>\n\n\n\n<ul class=\"wp-block-list\">\n<li>enregistrent les candidatures<\/li>\n\n\n\n<li>fixent les dates des sessions<\/li>\n\n\n\n<li>organisent l\u2019examen<\/li>\n\n\n\n<li>d\u00e9livrent les dipl\u00f4mes<\/li>\n<\/ul>\n\n\n\n<p><strong>Textes de r\u00e9f\u00e9rence<\/strong><br>Instauration et organisation de la c\u00e9r\u00e9monie r\u00e9publicaine de remise du dipl\u00f4me national du brevet et du certificat de formation g\u00e9n\u00e9rale<\/p>\n\n\n\n<ul class=\"wp-block-list\">\n<li><a href=\"http:\/\/www.education.gouv.fr\/pid285\/bulletin_officiel.html?cid_bo=103178\" rel=\"noreferrer noopener\" target=\"_blank\">Note de service n\u00b0&nbsp;2016-090 du 22 juin 2016<\/a><\/li>\n<\/ul>\n\n\n\n<p>Certificat de formation g\u00e9n\u00e9rale<\/p>\n\n\n\n<ul class=\"wp-block-list\">\n<li><a href=\"http:\/\/www.education.gouv.fr\/cid52842\/mene1019034c.html\" rel=\"noreferrer noopener\" target=\"_blank\">Circulaire n\u00b0&nbsp;2010-109 du 22 juillet 2010<\/a><\/li>\n<\/ul>\n\n\n\n<p>Modification de certaines dispositions du code de l\u2019\u00e9ducation relatives au certificat de formation g\u00e9n\u00e9rale.<\/p>\n\n\n\n<ul class=\"wp-block-list\">\n<li><a href=\"http:\/\/www.legifrance.gouv.fr\/affichTexte.do;jsessionid=BD24A886F7C20B3F92FD7BC7B702F2A5.tpdjo10v_2?cidTexte=JORFTEXT000022455372&amp;dateTexte=&amp;oldAction=rechJO&amp;categorieLien=id\" rel=\"noreferrer noopener\" target=\"_blank\">D\u00e9cret n\u00b0&nbsp;2010-784 du 8 juillet 2010<\/a><\/li>\n<\/ul>\n\n\n\n<p>Conditions de d\u00e9livrance du certificat de formation g\u00e9n\u00e9rale<\/p>\n\n\n\n<ul class=\"wp-block-list\">\n<li><a href=\"http:\/\/www.legifrance.gouv.fr\/affichTexte.do;jsessionid=BD24A886F7C20B3F92FD7BC7B702F2A5.tpdjo10v_2?cidTexte=JORFTEXT000022455397&amp;dateTexte=&amp;oldAction=rechJO&amp;categorieLien=id\" rel=\"noreferrer noopener\" target=\"_blank\">Arr\u00eat\u00e9 du 8 juillet 2010<\/a><\/li>\n<\/ul>\n","protected":false},"excerpt":{"rendered":"<div class=\"mh-excerpt\"><p>Le certificat de formation g\u00e9n\u00e9rale (C.F.G.) valide des acquis dans des domaines de connaissances g\u00e9n\u00e9rales, notamment pour les \u00e9l\u00e8ves des enseignements g\u00e9n\u00e9raux et professionnels adapt\u00e9s <a class=\"mh-excerpt-more\" href=\"https:\/\/sites.ac-nancy-metz.fr\/dsden55\/?p=4070\" title=\"Le Certificat de Formation G\u00e9n\u00e9rale &#8211; CFG &#8211;        Le DNB &#8211; Dipl\u00f4me National du Brevet &#8211;\">[&#8230;]<\/a><\/p>\n<\/div>","protected":false},"author":19,"featured_media":4074,"comment_status":"closed","ping_status":"open","sticky":false,"template":"","format":"standard","meta":{"_acf_changed":false,"_vp_format_video_url":"","_vp_image_focal_point":[],"_jetpack_memberships_contains_paid_content":false,"footnotes":""},"categories":[153],"tags":[],"class_list":["post-4070","post","type-post","status-publish","format-standard","has-post-thumbnail","hentry","category-enseignements-generaux-adaptes-segpa"],"acf":[],"jetpack_featured_media_url":"https:\/\/sites.ac-nancy-metz.fr\/dsden55\/wp-content\/uploads\/2022\/11\/cfg2-1.jpg","jetpack_sharing_enabled":true,"_links":{"self":[{"href":"https:\/\/sites.ac-nancy-metz.fr\/dsden55\/index.php?rest_route=\/wp\/v2\/posts\/4070","targetHints":{"allow":["GET"]}}],"collection":[{"href":"https:\/\/sites.ac-nancy-metz.fr\/dsden55\/index.php?rest_route=\/wp\/v2\/posts"}],"about":[{"href":"https:\/\/sites.ac-nancy-metz.fr\/dsden55\/index.php?rest_route=\/wp\/v2\/types\/post"}],"author":[{"embeddable":true,"href":"https:\/\/sites.ac-nancy-metz.fr\/dsden55\/index.php?rest_route=\/wp\/v2\/users\/19"}],"replies":[{"embeddable":true,"href":"https:\/\/sites.ac-nancy-metz.fr\/dsden55\/index.php?rest_route=%2Fwp%2Fv2%2Fcomments&post=4070"}],"version-history":[{"count":4,"href":"https:\/\/sites.ac-nancy-metz.fr\/dsden55\/index.php?rest_route=\/wp\/v2\/posts\/4070\/revisions"}],"predecessor-version":[{"id":4075,"href":"https:\/\/sites.ac-nancy-metz.fr\/dsden55\/index.php?rest_route=\/wp\/v2\/posts\/4070\/revisions\/4075"}],"wp:featuredmedia":[{"embeddable":true,"href":"https:\/\/sites.ac-nancy-metz.fr\/dsden55\/index.php?rest_route=\/wp\/v2\/media\/4074"}],"wp:attachment":[{"href":"https:\/\/sites.ac-nancy-metz.fr\/dsden55\/index.php?rest_route=%2Fwp%2Fv2%2Fmedia&parent=4070"}],"wp:term":[{"taxonomy":"category","embeddable":true,"href":"https:\/\/sites.ac-nancy-metz.fr\/dsden55\/index.php?rest_route=%2Fwp%2Fv2%2Fcategories&post=4070"},{"taxonomy":"post_tag","embeddable":true,"href":"https:\/\/sites.ac-nancy-metz.fr\/dsden55\/index.php?rest_route=%2Fwp%2Fv2%2Ftags&post=4070"}],"curies":[{"name":"wp","href":"https:\/\/api.w.org\/{rel}","templated":true}]}}