{"id":4077,"date":"2022-11-24T10:40:10","date_gmt":"2022-11-24T09:40:10","guid":{"rendered":"https:\/\/sites.ac-nancy-metz.fr\/dsden55\/?p=4077"},"modified":"2025-10-09T12:23:19","modified_gmt":"2025-10-09T10:23:19","slug":"enfants-malades-accompagnement-pedagogique-a-domicile-a-lhopital-ou-a-lecole-apadhe","status":"publish","type":"post","link":"https:\/\/sites.ac-nancy-metz.fr\/dsden55\/?p=4077","title":{"rendered":"Enfants malades : accompagnement p\u00e9dagogique \u00e0 domicile, \u00e0 l\u2019h\u00f4pital ou \u00e0 l\u2019\u00c9cole (APADHE)"},"content":{"rendered":"<div class=\"wp-block-image\">\n<figure class=\"aligncenter size-full is-resized\"><noscript><img loading=\"lazy\" decoding=\"async\" width=\"636\" height=\"358\" data-skip-lazy src=\"https:\/\/sites.ac-nancy-metz.fr\/dsden55\/wp-content\/uploads\/2022\/11\/ele-malade.jpg\" alt=\"\" class=\"wp-image-4078\" style=\"aspect-ratio:1.777542372881356;width:308px;height:auto\" srcset=\"https:\/\/sites.ac-nancy-metz.fr\/dsden55\/wp-content\/uploads\/2022\/11\/ele-malade.jpg 636w, https:\/\/sites.ac-nancy-metz.fr\/dsden55\/wp-content\/uploads\/2022\/11\/ele-malade-300x169.jpg 300w, https:\/\/sites.ac-nancy-metz.fr\/dsden55\/wp-content\/uploads\/2022\/11\/ele-malade-50x28.jpg 50w, https:\/\/sites.ac-nancy-metz.fr\/dsden55\/wp-content\/uploads\/2022\/11\/ele-malade-500x281.jpg 500w\" sizes=\"auto, (max-width: 636px) 100vw, 636px\" \/><\/noscript><img loading=\"eager\" decoding=\"async\" width=\"636\" height=\"358\" src=\"https:\/\/sites.ac-nancy-metz.fr\/dsden55\/wp-content\/uploads\/2022\/11\/ele-malade.jpg\" alt class=\"wp-image-4078 vp-lazyload\" style=\"aspect-ratio:1.777542372881356;width:308px;height:auto\" srcset=\"data:image\/svg+xml;base64,PHN2ZyB3aWR0aD0iNjM2IiBoZWlnaHQ9IjM1OCIgdmlld0JveD0iMCAwIDYzNiAzNTgiIGZpbGw9Im5vbmUiIHhtbG5zPSJodHRwOi8vd3d3LnczLm9yZy8yMDAwL3N2ZyI+PC9zdmc+\" data-src=\"https:\/\/sites.ac-nancy-metz.fr\/dsden55\/wp-content\/uploads\/2022\/11\/ele-malade.jpg\" data-srcset=\"https:\/\/sites.ac-nancy-metz.fr\/dsden55\/wp-content\/uploads\/2022\/11\/ele-malade.jpg 636w, https:\/\/sites.ac-nancy-metz.fr\/dsden55\/wp-content\/uploads\/2022\/11\/ele-malade-300x169.jpg 300w, https:\/\/sites.ac-nancy-metz.fr\/dsden55\/wp-content\/uploads\/2022\/11\/ele-malade-50x28.jpg 50w, https:\/\/sites.ac-nancy-metz.fr\/dsden55\/wp-content\/uploads\/2022\/11\/ele-malade-500x281.jpg 500w\" data-sizes=\"auto\"><\/figure>\n<\/div>\n\n\n<p>L\u2019Apadhe est un dispositif de l\u2019\u00e9ducation nationale mis en \u0153uvre dans chaque d\u00e9partement sous l\u2019autorit\u00e9 de l\u2019Inspecteur d\u2019acad\u00e9mie-Directeur Acad\u00e9mique des services de l\u2019Education Nationale, relevant conjointement de l\u2019IEN-ASH et du m\u00e9decin conseiller technique.<br>La circulaire du 3 ao\u00fbt 2020 r\u00e9affirme qu\u2019 \u00ab&nbsp;il convient en cas d\u2019emp\u00eachement scolaire pour des raisons de sant\u00e9, de tout mettre en \u0153uvre pour assurer la continuit\u00e9 p\u00e9dagogique, le lien social et le soutien au processus de soin. Il s\u2019agit de pr\u00e9venir les ruptures pour raisons de sant\u00e9, dans les parcours de scolarisation des \u00e9l\u00e8ves et de permettre, par les activit\u00e9s d\u2019apprentissages, de contribuer \u00e0 l\u2019am\u00e9lioration de leur \u00e9tat de sant\u00e9.&nbsp;\u00bb<br>Ce dispositif est donc charg\u00e9 d\u2019assurer un accompagnement p\u00e9dagogique \u00e0 domicile, en \u00e9tablissement de sant\u00e9, \u00e0 l\u2019\u00e9cole ou, si n\u00e9cessaire, dans un lieu public de proximit\u00e9 o\u00f9 l\u2019\u00e9l\u00e8ve est capable de b\u00e9n\u00e9ficier d\u2019un apprentissage. R\u00e9f\u00e9rence : <a href=\"https:\/\/www.education.gouv.fr\/bo\/20\/Hebdo32\/MENE2020703C.htm\" target=\"_blank\" rel=\"noreferrer noopener\">Circulaire du 3 ao\u00fbt 2020<\/a><\/p>\n\n\n\n<p><strong><mark style=\"background-color:rgba(0, 0, 0, 0)\" class=\"has-inline-color has-vivid-red-color\">MODALITES DE SCOLARISATION<\/mark><\/strong><\/p>\n\n\n\n<p><mark style=\"background-color:rgba(0, 0, 0, 0)\" class=\"has-inline-color has-vivid-red-color\">1- <strong>Scolarisation \u00e0 l\u2019h\u00f4pital<\/strong><\/mark><br>Des enseignants sp\u00e9cialis\u00e9s assurent la continuit\u00e9 p\u00e9dagogique avec la classe de r\u00e9f\u00e9rence des enfants et adolescents hospitalis\u00e9s dans les services p\u00e9diatriques des h\u00f4pitaux de Verdun..<\/p>\n\n\n\n<ul class=\"wp-block-list\">\n<li>En maintenant le contact avec l\u2019\u00e9cole ou l\u2019\u00e9tablissement d\u2019origine.<\/li>\n\n\n\n<li>En accueillant les parents.<\/li>\n\n\n\n<li>En travaillant soit pr\u00e8s de groupes d\u2019\u00e9l\u00e8ves, soit au chevet du malade.<\/li>\n\n\n\n<li>En pr\u00e9parant la sortie de l\u2019h\u00f4pital par la mise en place d\u2019une aide \u00e0 domicile.<\/li>\n<\/ul>\n\n\n\n<p><\/p>\n\n\n\n<p><\/p>\n\n\n\n<p><mark style=\"background-color:rgba(0, 0, 0, 0)\" class=\"has-inline-color has-vivid-red-color\">2- <strong>Scolarisation \u00e0 domicile<\/strong><\/mark><\/p>\n\n\n\n<div class=\"wp-block-media-text alignwide is-stacked-on-mobile\" style=\"grid-template-columns:33% auto\"><figure class=\"wp-block-media-text__media\"><noscript><img loading=\"lazy\" decoding=\"async\" width=\"362\" height=\"233\" data-skip-lazy src=\"https:\/\/sites.ac-nancy-metz.fr\/dsden55\/wp-content\/uploads\/2022\/11\/APADHE.jpg\" alt=\"\" class=\"wp-image-5722 size-full\" srcset=\"https:\/\/sites.ac-nancy-metz.fr\/dsden55\/wp-content\/uploads\/2022\/11\/APADHE.jpg 362w, https:\/\/sites.ac-nancy-metz.fr\/dsden55\/wp-content\/uploads\/2022\/11\/APADHE-300x193.jpg 300w, https:\/\/sites.ac-nancy-metz.fr\/dsden55\/wp-content\/uploads\/2022\/11\/APADHE-50x32.jpg 50w\" sizes=\"auto, (max-width: 362px) 100vw, 362px\" \/><\/noscript><img loading=\"eager\" decoding=\"async\" width=\"362\" height=\"233\" src=\"https:\/\/sites.ac-nancy-metz.fr\/dsden55\/wp-content\/uploads\/2022\/11\/APADHE.jpg\" alt class=\"wp-image-5722 size-full vp-lazyload\" srcset=\"data:image\/svg+xml;base64,PHN2ZyB3aWR0aD0iMzYyIiBoZWlnaHQ9IjIzMyIgdmlld0JveD0iMCAwIDM2MiAyMzMiIGZpbGw9Im5vbmUiIHhtbG5zPSJodHRwOi8vd3d3LnczLm9yZy8yMDAwL3N2ZyI+PC9zdmc+\" data-src=\"https:\/\/sites.ac-nancy-metz.fr\/dsden55\/wp-content\/uploads\/2022\/11\/APADHE.jpg\" data-srcset=\"https:\/\/sites.ac-nancy-metz.fr\/dsden55\/wp-content\/uploads\/2022\/11\/APADHE.jpg 362w, https:\/\/sites.ac-nancy-metz.fr\/dsden55\/wp-content\/uploads\/2022\/11\/APADHE-300x193.jpg 300w, https:\/\/sites.ac-nancy-metz.fr\/dsden55\/wp-content\/uploads\/2022\/11\/APADHE-50x32.jpg 50w\" data-sizes=\"auto\"><\/figure><div class=\"wp-block-media-text__content\">\n<p><em>Accompagnement P\u00e9dagogique \u00e0 domicile \u00e0 l&rsquo;h\u00f4pital ou \u00e0 l&rsquo;\u00c9cole (APADHE)<\/em> <\/p>\n<\/div><\/div>\n\n\n\n<p>\u00ab&nbsp;Aux termes de la loi, chaque enfant ou adolescent malade doit pouvoir effectuer un parcours scolaire adapt\u00e9&#8230;. et il est essentiel de construire avec et pour lui un projet individuel susceptible de l\u2019aider \u00e0 surmonter ses difficult\u00e9s personnelles&nbsp;\u00bb.<br>(Extrait de \u00ab&nbsp;Assistance P\u00e9dagogique \u00e0 domicile. Bilan de l\u2019ann\u00e9e scolaire 2002-2003&nbsp;\u00bb, Minist\u00e8re de l\u2019\u00e9ducation nationale &#8211; DESCO B4.)<\/p>\n\n\n\n<p><strong>OBJECTIF&nbsp;:<\/strong><br><noscript><img loading=\"lazy\" decoding=\"async\" data-skip-lazy src=\"http:\/\/www4.ac-nancy-metz.fr\/circos_meuse\/ien-ash\/squelettes-dist\/puce.gif\" width=\"8\" height=\"11\" alt=\"-\"><\/noscript><img loading=\"eager\" decoding=\"async\" src=\"data:image\/svg+xml;base64,PHN2ZyB3aWR0aD0iOCIgaGVpZ2h0PSIxMSIgdmlld0JveD0iMCAwIDggMTEiIGZpbGw9Im5vbmUiIHhtbG5zPSJodHRwOi8vd3d3LnczLm9yZy8yMDAwL3N2ZyI+PC9zdmc+\" width=\"8\" height=\"11\" alt=\"-\" data-src=\"http:\/\/www4.ac-nancy-metz.fr\/circos_meuse\/ien-ash\/squelettes-dist\/puce.gif\" data-sizes=\"auto\" class=\"vp-lazyload\">&nbsp;Assurer une continuit\u00e9 de la scolarit\u00e9 en d\u00e9pit de la maladie ou de l\u2019accident<\/p>\n\n\n\n<p><strong>POUR QUI&nbsp;?<\/strong><br>L<em>&lsquo;APADHE<\/em> s\u2019inscrit dans la compl\u00e9mentarit\u00e9 du service public et garantit le droit \u00e0 l\u2019\u00e9ducation \u00e0 tout \u00e9l\u00e8ve malade ou accident\u00e9 dont la scolarit\u00e9 est interrompue en raison de troubles de sant\u00e9 \u00e9voluant sur une longue p\u00e9riode (absence de 15 jours, au minimum), de la GS \u00e0 la Terminale. C\u2019est un service offert en coh\u00e9rence avec l\u2019action du service de la Promotion de la Sant\u00e9 de la direction acad\u00e9mique (PSFE, dont le m\u00e9decin r\u00e9f\u00e9rent est Madame le Docteur DEVILLE) et de l\u2019Association d\u00e9partementale des Pupilles de l\u2019Enseignement Public de la Meuse.<\/p>\n\n\n\n<p><strong>COMMENT&nbsp;?<\/strong><br>Une demande d&rsquo;<em>APADHE<\/em> pour un \u00e9l\u00e8ve malade ou accident\u00e9 est signal\u00e9 par les&nbsp;: Parents et d\u00e9l\u00e9gu\u00e9s de parents, \u00e9l\u00e8ves et d\u00e9l\u00e9gu\u00e9s d\u2019\u00e9l\u00e8ves, chefs d\u2019\u00e9tablissement, directeurs d\u2019\u00e9cole, enseignants, conseillers d\u2019\u00e9ducation, professionnels du secteur m\u00e9dical et param\u00e9dical, travailleurs sociaux&#8230; Le service est gratuit pour les enfants et les familles. Les enseignants interviennent au domicile de l\u2019\u00e9l\u00e8ve jusqu\u2019\u00e0 son retour en classe pour que les probl\u00e8mes de sant\u00e9 ne s\u2019accompagnent pas de difficult\u00e9s scolaires. Ils proc\u00e8dent ensuite \u00e0 une \u00e9valuation et veillent \u00e0 la coh\u00e9rence de leur action et de celle des enseignants de la classe.<\/p>\n\n\n\n<p><strong>PAR QUI&nbsp;?<\/strong><br>Les cours sont dispens\u00e9s en priorit\u00e9 par les enseignants des enfants, enseignants de la classe ou de l\u2019\u00e9tablissement o\u00f9 est inscrit l\u2019\u00e9l\u00e8ve. Ils peuvent aussi \u00eatre du secteur g\u00e9ographique o\u00f9 r\u00e9side l\u2019\u00e9l\u00e8ve. Les enseignants sont r\u00e9mun\u00e9r\u00e9s par l\u2019\u00e9ducation nationale, ou par les PEP dans les cas r\u00e9pondant \u00e0 la mise en \u0153uvre des protocoles des assurances \u00e9l\u00e8ves.<\/p>\n\n\n\n<p><strong>QUE FAIRE&nbsp;?<\/strong><br>S\u2019adresser au coordonnateur <em>Accompagnement P\u00e9dagogique \u00e0 domicile \u00e0 l&rsquo;h\u00f4pital ou \u00e0 l&rsquo;\u00c9cole (APADHE)<\/em> <em> de la Meuse<\/em>&nbsp; qui vous fera parvenir le document de demande d\u2019aide et vous donnera les pr\u00e9cisions n\u00e9cessaires. Ensuite, le m\u00e9decin conseill\u00e8re technique d\u00e9partementale, du service de Promotion de la sant\u00e9 en faveur des \u00e9l\u00e8ves (PSFE) \u00e9valuera la recevabilit\u00e9 de la demande et le niveau d\u2019aide pertinent.<\/p>\n\n\n\n<p><strong>contacts DSDEN de la Meuse<\/strong> : <br><strong>Madame la Docteur DEVILLE Virginie<br>M\u00e9decin Conseill\u00e8re Technique Responsable D\u00e9partementale.<\/strong><br>Promotion de la Sant\u00e9 en faveur des \u00c9lev\u00e9s<br>DSDEN de la Meuse<br>11 rue Jeanne d&rsquo;Arc<br>T\u00e9l\u00a0: 03.29.76.78.97<br>Fax . 03.29.76.78.96<br>E-mail\u00a0:\u00a0<a href=\"javascript:melA('ce.psfe55','','','ac-nancy-metz.fr');\">ce.psfe55@ac-nancy-metz.fr<\/a><\/p>\n\n\n\n<p><strong>Monsieur Jean Michel ARROYAS<br>Coordonnateur APADHE 55<\/strong><br>DSDEN de la Meuse<br>11 rue Jeanne d&rsquo;Arc<br>T\u00e9l : 06.05.23.13.77<br>E-mail&nbsp;:&nbsp;<a href=\"mailto:apadhe55@ac-nancy-metz.fr\" target=\"_blank\" rel=\"noreferrer noopener\">apadhe55@ac-nancy-metz.fr<\/a><br>Protocole APADhe d\u00e9partemental : <a href=\"https:\/\/www.ac-nancy-metz.fr\/media\/27126\/download\" target=\"_blank\" rel=\"noreferrer noopener\">https:\/\/www.ac-nancy-metz.fr\/media\/27126\/download<\/a> <br>Formulaire de demande d&rsquo;APADhe 55&nbsp;:&nbsp;<a href=\"https:\/\/www.ac-nancy-metz.fr\/media\/29681\/download\" target=\"_blank\" rel=\"noreferrer noopener\">https:\/\/www.ac-nancy-metz.fr\/media\/29681\/download<\/a><\/p>\n\n\n\n<p>Il est \u00e9galement possible adresser aux Pupilles de l&rsquo;Enseignement Public de la Meuse pour avoir ses possibilit\u00e9s d&rsquo;accompagnement p\u00e9dagogiques en dehors de celles propos\u00e9es par les services de la DSDEN de la Meuse :<\/p>\n\n\n\n<p><strong>Contacts : <\/strong><\/p>\n\n\n\n<h2 class=\"wp-block-heading\">PEP de la Meuse<\/h2>\n\n\n\n<div class=\"wp-block-media-text is-stacked-on-mobile\" style=\"grid-template-columns:16% auto\"><figure class=\"wp-block-media-text__media\"><a href=\"https:\/\/www.lespep.org\/association\/pep-55\/\" target=\"_blank\" rel=\" noreferrer noopener\"><noscript><img loading=\"lazy\" decoding=\"async\" width=\"150\" height=\"150\" data-skip-lazy src=\"https:\/\/sites.ac-nancy-metz.fr\/dsden55\/wp-content\/uploads\/2022\/11\/Logo-pep55.jpg\" alt=\"\" class=\"wp-image-7106 size-full\" srcset=\"https:\/\/sites.ac-nancy-metz.fr\/dsden55\/wp-content\/uploads\/2022\/11\/Logo-pep55.jpg 150w, https:\/\/sites.ac-nancy-metz.fr\/dsden55\/wp-content\/uploads\/2022\/11\/Logo-pep55-50x50.jpg 50w, https:\/\/sites.ac-nancy-metz.fr\/dsden55\/wp-content\/uploads\/2022\/11\/Logo-pep55-45x45.jpg 45w\" sizes=\"auto, (max-width: 150px) 100vw, 150px\" \/><\/noscript><img loading=\"eager\" decoding=\"async\" width=\"150\" height=\"150\" src=\"https:\/\/sites.ac-nancy-metz.fr\/dsden55\/wp-content\/uploads\/2022\/11\/Logo-pep55.jpg\" alt class=\"wp-image-7106 size-full vp-lazyload\" srcset=\"data:image\/svg+xml;base64,PHN2ZyB3aWR0aD0iMTUwIiBoZWlnaHQ9IjE1MCIgdmlld0JveD0iMCAwIDE1MCAxNTAiIGZpbGw9Im5vbmUiIHhtbG5zPSJodHRwOi8vd3d3LnczLm9yZy8yMDAwL3N2ZyI+PC9zdmc+\" data-src=\"https:\/\/sites.ac-nancy-metz.fr\/dsden55\/wp-content\/uploads\/2022\/11\/Logo-pep55.jpg\" data-srcset=\"https:\/\/sites.ac-nancy-metz.fr\/dsden55\/wp-content\/uploads\/2022\/11\/Logo-pep55.jpg 150w, https:\/\/sites.ac-nancy-metz.fr\/dsden55\/wp-content\/uploads\/2022\/11\/Logo-pep55-50x50.jpg 50w, https:\/\/sites.ac-nancy-metz.fr\/dsden55\/wp-content\/uploads\/2022\/11\/Logo-pep55-45x45.jpg 45w\" data-sizes=\"auto\"><\/a><\/figure><div class=\"wp-block-media-text__content\">\n<p>43 rue de champagne &#8211; 55000 BAR LE DUC<br>T\u00e9l : 03.29.79.31.24<br>E-mail : <a href=\"mailto:accueil@lespep55.org\">accueil@lespep55.org<\/a><\/p>\n<\/div><\/div>\n\n\n\n<p><\/p>\n","protected":false},"excerpt":{"rendered":"<div class=\"mh-excerpt\"><p>L\u2019Apadhe est un dispositif de l\u2019\u00e9ducation nationale mis en \u0153uvre dans chaque d\u00e9partement sous l\u2019autorit\u00e9 de l\u2019Inspecteur d\u2019acad\u00e9mie-Directeur Acad\u00e9mique des services de l\u2019Education Nationale, relevant <a class=\"mh-excerpt-more\" href=\"https:\/\/sites.ac-nancy-metz.fr\/dsden55\/?p=4077\" title=\"Enfants malades : accompagnement p\u00e9dagogique \u00e0 domicile, \u00e0 l\u2019h\u00f4pital ou \u00e0 l\u2019\u00c9cole (APADHE)\">[&#8230;]<\/a><\/p>\n<\/div>","protected":false},"author":19,"featured_media":4078,"comment_status":"closed","ping_status":"open","sticky":false,"template":"","format":"standard","meta":{"_acf_changed":false,"_vp_format_video_url":"","_vp_image_focal_point":[],"_jetpack_memberships_contains_paid_content":false,"footnotes":""},"categories":[158],"tags":[],"class_list":["post-4077","post","type-post","status-publish","format-standard","has-post-thumbnail","hentry","category-eleves-malades-sapadhe"],"acf":[],"jetpack_featured_media_url":"https:\/\/sites.ac-nancy-metz.fr\/dsden55\/wp-content\/uploads\/2022\/11\/ele-malade.jpg","jetpack_sharing_enabled":true,"_links":{"self":[{"href":"https:\/\/sites.ac-nancy-metz.fr\/dsden55\/index.php?rest_route=\/wp\/v2\/posts\/4077","targetHints":{"allow":["GET"]}}],"collection":[{"href":"https:\/\/sites.ac-nancy-metz.fr\/dsden55\/index.php?rest_route=\/wp\/v2\/posts"}],"about":[{"href":"https:\/\/sites.ac-nancy-metz.fr\/dsden55\/index.php?rest_route=\/wp\/v2\/types\/post"}],"author":[{"embeddable":true,"href":"https:\/\/sites.ac-nancy-metz.fr\/dsden55\/index.php?rest_route=\/wp\/v2\/users\/19"}],"replies":[{"embeddable":true,"href":"https:\/\/sites.ac-nancy-metz.fr\/dsden55\/index.php?rest_route=%2Fwp%2Fv2%2Fcomments&post=4077"}],"version-history":[{"count":6,"href":"https:\/\/sites.ac-nancy-metz.fr\/dsden55\/index.php?rest_route=\/wp\/v2\/posts\/4077\/revisions"}],"predecessor-version":[{"id":7107,"href":"https:\/\/sites.ac-nancy-metz.fr\/dsden55\/index.php?rest_route=\/wp\/v2\/posts\/4077\/revisions\/7107"}],"wp:featuredmedia":[{"embeddable":true,"href":"https:\/\/sites.ac-nancy-metz.fr\/dsden55\/index.php?rest_route=\/wp\/v2\/media\/4078"}],"wp:attachment":[{"href":"https:\/\/sites.ac-nancy-metz.fr\/dsden55\/index.php?rest_route=%2Fwp%2Fv2%2Fmedia&parent=4077"}],"wp:term":[{"taxonomy":"category","embeddable":true,"href":"https:\/\/sites.ac-nancy-metz.fr\/dsden55\/index.php?rest_route=%2Fwp%2Fv2%2Fcategories&post=4077"},{"taxonomy":"post_tag","embeddable":true,"href":"https:\/\/sites.ac-nancy-metz.fr\/dsden55\/index.php?rest_route=%2Fwp%2Fv2%2Ftags&post=4077"}],"curies":[{"name":"wp","href":"https:\/\/api.w.org\/{rel}","templated":true}]}}