{"id":4157,"date":"2022-11-24T10:38:56","date_gmt":"2022-11-24T09:38:56","guid":{"rendered":"https:\/\/sites.ac-nancy-metz.fr\/dsden55\/?p=4157"},"modified":"2022-11-24T10:38:56","modified_gmt":"2022-11-24T09:38:56","slug":"mallette-pedagogique-troubles-dys","status":"publish","type":"post","link":"https:\/\/sites.ac-nancy-metz.fr\/dsden55\/?p=4157","title":{"rendered":"MALLETTE P\u00c9DAGOGIQUE TROUBLES DYS"},"content":{"rendered":"\n<div class=\"wp-block-media-text alignwide is-stacked-on-mobile is-vertically-aligned-top\" style=\"grid-template-columns:30% auto\"><figure class=\"wp-block-media-text__media\"><noscript><img loading=\"lazy\" decoding=\"async\" width=\"300\" height=\"270\" data-skip-lazy src=\"https:\/\/sites.ac-nancy-metz.fr\/dsden55\/wp-content\/uploads\/2022\/11\/EIPWIKI-3.png\" alt=\"\" class=\"wp-image-4158 size-full\" srcset=\"https:\/\/sites.ac-nancy-metz.fr\/dsden55\/wp-content\/uploads\/2022\/11\/EIPWIKI-3.png 300w, https:\/\/sites.ac-nancy-metz.fr\/dsden55\/wp-content\/uploads\/2022\/11\/EIPWIKI-3-50x45.png 50w\" sizes=\"auto, (max-width: 300px) 100vw, 300px\" \/><\/noscript><img loading=\"eager\" decoding=\"async\" width=\"300\" height=\"270\" src=\"https:\/\/sites.ac-nancy-metz.fr\/dsden55\/wp-content\/uploads\/2022\/11\/EIPWIKI-3.png\" alt class=\"wp-image-4158 size-full vp-lazyload\" srcset=\"data:image\/svg+xml;base64,PHN2ZyB3aWR0aD0iMzAwIiBoZWlnaHQ9IjI3MCIgdmlld0JveD0iMCAwIDMwMCAyNzAiIGZpbGw9Im5vbmUiIHhtbG5zPSJodHRwOi8vd3d3LnczLm9yZy8yMDAwL3N2ZyI+PC9zdmc+\" data-src=\"https:\/\/sites.ac-nancy-metz.fr\/dsden55\/wp-content\/uploads\/2022\/11\/EIPWIKI-3.png\" data-srcset=\"https:\/\/sites.ac-nancy-metz.fr\/dsden55\/wp-content\/uploads\/2022\/11\/EIPWIKI-3.png 300w, https:\/\/sites.ac-nancy-metz.fr\/dsden55\/wp-content\/uploads\/2022\/11\/EIPWIKI-3-50x45.png 50w\" data-sizes=\"auto\"><\/figure><div class=\"wp-block-media-text__content\">\n<p><strong>D\u00e9munis face \u00e0 un enfant atteint de trouble Dys&nbsp;?<\/strong><br>Vous avez un \u00e9l\u00e8ve distrait dans votre classe&nbsp;? Il a des difficult\u00e9s \u00e0 lire et \u00e0 \u00e9crire&nbsp;? Peut-\u00eatre m\u00eame \u00e0 communiquer, se faire comprendre&nbsp;? Il est lent dans son travail&nbsp;? Cela vous d\u00e9courage et vous vous \u00e9puisez \u00e0 chercher des solutions&nbsp;? Malgr\u00e9 vos efforts et votre \u00e9nergie, vous vous sentez parfois d\u00e9pass\u00e9 et ne savez plus quoi faire pour pouvoir l\u2019aider.<\/p>\n\n\n\n<p>Quelles postures adopter en tant qu\u2019enseignant face \u00e0 mon \u00e9l\u00e8ve en difficult\u00e9 lors des apprentissages&nbsp;? lui redonner confiance&nbsp;? l\u2019aider \u00e0 faire face \u00e0 ses difficult\u00e9s&nbsp;?&nbsp;<strong>Vous trouverez ici des conseils pratiques et des outils, pour vous aider dans vos objectifs.<\/strong><\/p>\n\n\n\n<p><strong><a href=\"https:\/\/fr.wikiversity.org\/wiki\/Mallette_pedagogique_Troubles_Dys\" rel=\"noreferrer noopener\" target=\"_blank\">AccessiProf<\/a><\/strong>&nbsp;est un site gratuit et collaboratif fait par des enseignants pour des enseignants. Vous trouverez sur ce site des aides pour pr\u00e9parer et animer votre classe de mani\u00e8re adapt\u00e9e et structur\u00e9e.<\/p>\n<\/div><\/div>\n","protected":false},"excerpt":{"rendered":"<div class=\"mh-excerpt\"><p>D\u00e9munis face \u00e0 un enfant atteint de trouble Dys&nbsp;?Vous avez un \u00e9l\u00e8ve distrait dans votre classe&nbsp;? Il a des difficult\u00e9s \u00e0 lire et \u00e0 \u00e9crire&nbsp;? <a class=\"mh-excerpt-more\" href=\"https:\/\/sites.ac-nancy-metz.fr\/dsden55\/?p=4157\" title=\"MALLETTE P\u00c9DAGOGIQUE TROUBLES DYS\">[&#8230;]<\/a><\/p>\n<\/div>","protected":false},"author":19,"featured_media":4158,"comment_status":"closed","ping_status":"open","sticky":false,"template":"","format":"standard","meta":{"_acf_changed":false,"_vp_format_video_url":"","_vp_image_focal_point":[],"_jetpack_memberships_contains_paid_content":false,"footnotes":""},"categories":[163],"tags":[],"class_list":["post-4157","post","type-post","status-publish","format-standard","has-post-thumbnail","hentry","category-eleves-avec-troubles-specifiques-du-langage-tsl"],"acf":[],"jetpack_featured_media_url":"https:\/\/sites.ac-nancy-metz.fr\/dsden55\/wp-content\/uploads\/2022\/11\/EIPWIKI-3.png","jetpack_sharing_enabled":true,"_links":{"self":[{"href":"https:\/\/sites.ac-nancy-metz.fr\/dsden55\/index.php?rest_route=\/wp\/v2\/posts\/4157","targetHints":{"allow":["GET"]}}],"collection":[{"href":"https:\/\/sites.ac-nancy-metz.fr\/dsden55\/index.php?rest_route=\/wp\/v2\/posts"}],"about":[{"href":"https:\/\/sites.ac-nancy-metz.fr\/dsden55\/index.php?rest_route=\/wp\/v2\/types\/post"}],"author":[{"embeddable":true,"href":"https:\/\/sites.ac-nancy-metz.fr\/dsden55\/index.php?rest_route=\/wp\/v2\/users\/19"}],"replies":[{"embeddable":true,"href":"https:\/\/sites.ac-nancy-metz.fr\/dsden55\/index.php?rest_route=%2Fwp%2Fv2%2Fcomments&post=4157"}],"version-history":[{"count":1,"href":"https:\/\/sites.ac-nancy-metz.fr\/dsden55\/index.php?rest_route=\/wp\/v2\/posts\/4157\/revisions"}],"predecessor-version":[{"id":4159,"href":"https:\/\/sites.ac-nancy-metz.fr\/dsden55\/index.php?rest_route=\/wp\/v2\/posts\/4157\/revisions\/4159"}],"wp:featuredmedia":[{"embeddable":true,"href":"https:\/\/sites.ac-nancy-metz.fr\/dsden55\/index.php?rest_route=\/wp\/v2\/media\/4158"}],"wp:attachment":[{"href":"https:\/\/sites.ac-nancy-metz.fr\/dsden55\/index.php?rest_route=%2Fwp%2Fv2%2Fmedia&parent=4157"}],"wp:term":[{"taxonomy":"category","embeddable":true,"href":"https:\/\/sites.ac-nancy-metz.fr\/dsden55\/index.php?rest_route=%2Fwp%2Fv2%2Fcategories&post=4157"},{"taxonomy":"post_tag","embeddable":true,"href":"https:\/\/sites.ac-nancy-metz.fr\/dsden55\/index.php?rest_route=%2Fwp%2Fv2%2Ftags&post=4157"}],"curies":[{"name":"wp","href":"https:\/\/api.w.org\/{rel}","templated":true}]}}