{"id":4249,"date":"2022-11-23T19:47:53","date_gmt":"2022-11-23T18:47:53","guid":{"rendered":"https:\/\/sites.ac-nancy-metz.fr\/dsden55\/?p=4249"},"modified":"2022-11-24T10:38:50","modified_gmt":"2022-11-24T09:38:50","slug":"la-sixieme-inclusive","status":"publish","type":"post","link":"https:\/\/sites.ac-nancy-metz.fr\/dsden55\/?p=4249","title":{"rendered":"La sixi\u00e8me inclusive"},"content":{"rendered":"\n<p>Comment les \u00e9l\u00e8ves de SEGPA sont inclus directement dans le quotidien des classes de 6\u00e8me en coll\u00e8ge, en comptant sur la co-animation et la r\u00e9gulation entre enseignants,<\/p>\n\n\n\n<figure class=\"wp-block-video\"><video height=\"360\" style=\"aspect-ratio: 640 \/ 360;\" width=\"640\" controls src=\"https:\/\/sites.ac-nancy-metz.fr\/dsden55\/wp-content\/uploads\/2022\/11\/sixieme_inclusive-360p.mp4\"><\/video><figcaption class=\"wp-element-caption\">Exp\u00e9rimentation p\u00e9dagogique en classe de sixi\u00e8me dans les coll\u00e8ges Paul Langevin \u00e0 Boulogne-sur-Mer et Germinal \u00e0 Raismes.<\/figcaption><\/figure>\n\n\n\n<figure class=\"wp-block-embed is-type-video is-provider-youtube wp-block-embed-youtube wp-embed-aspect-16-9 wp-has-aspect-ratio\"><div class=\"wp-block-embed__wrapper\">\n<iframe loading=\"lazy\" title=\"L&#039;inclusion scolaire pour un coll\u00e8ge plus solidaire\" width=\"500\" height=\"281\" src=\"https:\/\/www.youtube.com\/embed\/tE1G3SdESys?feature=oembed\" frameborder=\"0\" allow=\"accelerometer; autoplay; clipboard-write; encrypted-media; gyroscope; picture-in-picture; web-share\" referrerpolicy=\"strict-origin-when-cross-origin\" allowfullscreen><\/iframe>\n<\/div><\/figure>\n\n\n\n<div data-wp-interactive=\"core\/file\" class=\"wp-block-file\"><object data-wp-bind--hidden=\"!state.hasPdfPreview\" hidden class=\"wp-block-file__embed\" data=\"https:\/\/sites.ac-nancy-metz.fr\/dsden55\/wp-content\/uploads\/2022\/11\/vade_mecum_fonctionnement_segpa_en_mode_inclusif_727550-1.pdf\" type=\"application\/pdf\" style=\"width:100%;height:600px\" aria-label=\"Contenu embarqu\u00e9 vade_mecum_fonctionnement_segpa_en_mode_inclusif_727550-1.\"><\/object><a id=\"wp-block-file--media-28c1d408-96d6-4fd1-aafe-1f99f55f0744\" href=\"https:\/\/sites.ac-nancy-metz.fr\/dsden55\/wp-content\/uploads\/2022\/11\/vade_mecum_fonctionnement_segpa_en_mode_inclusif_727550-1.pdf\">vade_mecum_fonctionnement_segpa_en_mode_inclusif_727550-1<\/a><a href=\"https:\/\/sites.ac-nancy-metz.fr\/dsden55\/wp-content\/uploads\/2022\/11\/vade_mecum_fonctionnement_segpa_en_mode_inclusif_727550-1.pdf\" class=\"wp-block-file__button wp-element-button\" download aria-describedby=\"wp-block-file--media-28c1d408-96d6-4fd1-aafe-1f99f55f0744\">T\u00e9l\u00e9charger<\/a><\/div>\n","protected":false},"excerpt":{"rendered":"<div class=\"mh-excerpt\"><p>Comment les \u00e9l\u00e8ves de SEGPA sont inclus directement dans le quotidien des classes de 6\u00e8me en coll\u00e8ge, en comptant sur la co-animation et la r\u00e9gulation <a class=\"mh-excerpt-more\" href=\"https:\/\/sites.ac-nancy-metz.fr\/dsden55\/?p=4249\" title=\"La sixi\u00e8me inclusive\">[&#8230;]<\/a><\/p>\n<\/div>","protected":false},"author":19,"featured_media":4256,"comment_status":"closed","ping_status":"closed","sticky":false,"template":"","format":"standard","meta":{"_acf_changed":false,"_vp_format_video_url":"","_vp_image_focal_point":[],"_jetpack_memberships_contains_paid_content":false,"footnotes":""},"categories":[153],"tags":[],"class_list":["post-4249","post","type-post","status-publish","format-standard","has-post-thumbnail","hentry","category-enseignements-generaux-adaptes-segpa"],"acf":[],"jetpack_featured_media_url":"https:\/\/sites.ac-nancy-metz.fr\/dsden55\/wp-content\/uploads\/2022\/11\/college-scaled.jpg","jetpack_sharing_enabled":true,"_links":{"self":[{"href":"https:\/\/sites.ac-nancy-metz.fr\/dsden55\/index.php?rest_route=\/wp\/v2\/posts\/4249","targetHints":{"allow":["GET"]}}],"collection":[{"href":"https:\/\/sites.ac-nancy-metz.fr\/dsden55\/index.php?rest_route=\/wp\/v2\/posts"}],"about":[{"href":"https:\/\/sites.ac-nancy-metz.fr\/dsden55\/index.php?rest_route=\/wp\/v2\/types\/post"}],"author":[{"embeddable":true,"href":"https:\/\/sites.ac-nancy-metz.fr\/dsden55\/index.php?rest_route=\/wp\/v2\/users\/19"}],"replies":[{"embeddable":true,"href":"https:\/\/sites.ac-nancy-metz.fr\/dsden55\/index.php?rest_route=%2Fwp%2Fv2%2Fcomments&post=4249"}],"version-history":[{"count":8,"href":"https:\/\/sites.ac-nancy-metz.fr\/dsden55\/index.php?rest_route=\/wp\/v2\/posts\/4249\/revisions"}],"predecessor-version":[{"id":4260,"href":"https:\/\/sites.ac-nancy-metz.fr\/dsden55\/index.php?rest_route=\/wp\/v2\/posts\/4249\/revisions\/4260"}],"wp:featuredmedia":[{"embeddable":true,"href":"https:\/\/sites.ac-nancy-metz.fr\/dsden55\/index.php?rest_route=\/wp\/v2\/media\/4256"}],"wp:attachment":[{"href":"https:\/\/sites.ac-nancy-metz.fr\/dsden55\/index.php?rest_route=%2Fwp%2Fv2%2Fmedia&parent=4249"}],"wp:term":[{"taxonomy":"category","embeddable":true,"href":"https:\/\/sites.ac-nancy-metz.fr\/dsden55\/index.php?rest_route=%2Fwp%2Fv2%2Fcategories&post=4249"},{"taxonomy":"post_tag","embeddable":true,"href":"https:\/\/sites.ac-nancy-metz.fr\/dsden55\/index.php?rest_route=%2Fwp%2Fv2%2Ftags&post=4249"}],"curies":[{"name":"wp","href":"https:\/\/api.w.org\/{rel}","templated":true}]}}