{"id":4401,"date":"2023-03-14T16:13:25","date_gmt":"2023-03-14T15:13:25","guid":{"rendered":"https:\/\/sites.ac-nancy-metz.fr\/dsden55\/?p=4401"},"modified":"2023-03-17T17:13:16","modified_gmt":"2023-03-17T16:13:16","slug":"semaine-des-langues-2023-limportant-cest-de-communiquer","status":"publish","type":"post","link":"https:\/\/sites.ac-nancy-metz.fr\/dsden55\/?p=4401","title":{"rendered":"Semaine des langues vivantes 2023 : \u00ab\u00a0L&rsquo;important c&rsquo;est de communiquer\u00a0\u00bb"},"content":{"rendered":"\n<p>Dans la cadre de <strong>la<\/strong> <strong>semaine des langues vivantes 2023 qui aura lieu du 27 mars au 1er avril 2023 et dont la th\u00e9matique est : \u00ab\u00a0L&rsquo;important, c&rsquo;est de communiquer\u00a0\u00bb, <\/strong> le groupe de travail d\u00e9partemental vous propose le padlet de ressources d\u00e9di\u00e9 aux diff\u00e9rentes semaines des langues, pour tous les niveaux de classe. <em>Cette ann\u00e9e, vous pourrez faire connaissance avec les assistantes de langue anglaise de notre d\u00e9partement \u00e0 travers de nombreuses vid\u00e9os (entre autres) exploitables dans tous les cycles!  <\/em><\/p>\n\n\n\n<p><a href=\"https:\/\/padlet.com\/fredericcorrier\/semaine-des-langues-2021-2022-2023-dsden-55-22k8ay7efhxkzocn\">https:\/\/padlet.com\/fredericcorrier\/semaine-des-langues-2021-2022-2023-dsden-55-22k8ay7efhxkzocn<\/a><\/p>\n\n\n\n<p>N&rsquo;h\u00e9sitez pas \u00e0 partager vos exp\u00e9riences en langues vivantes (que nous pourrons ins\u00e9rer dans la colonne \u00ab\u00a0contributions des classes\u00a0\u00bb). <\/p>\n\n\n\n<p><\/p>\n\n\n\n<p>Le groupe de travail acad\u00e9mique vous propose \u00e9galement <em>trois types de projets ainsi que des ressources <\/em>vous permettant de les mettre en place dans vos classes (voir ci-dessous).<\/p>\n\n\n\n<p><strong>Destin\u00e9e \u00e0 mettre en lumi\u00e8re les langues et la diversit\u00e9 linguistique dans les \u00e9coles, cet \u00e9v\u00e9nement constitue un temps fort pour encourager la pratique des langues. Have fun!<\/strong><\/p>\n\n\n\n<p><em><strong><mark>Le groupe d\u00e9partemental langues vivantes 55<\/mark><\/strong><\/em><\/p>\n\n\n\n<div data-wp-interactive=\"core\/file\" class=\"wp-block-file\"><object data-wp-bind--hidden=\"!state.hasPdfPreview\" hidden class=\"wp-block-file__embed\" data=\"https:\/\/sites.ac-nancy-metz.fr\/dsden55\/wp-content\/uploads\/2023\/03\/Semaine-des-langues-2023-Meuse.pdf\" type=\"application\/pdf\" style=\"width:100%;height:600px\" aria-label=\"Contenu embarqu\u00e9 Semaine-des-langues-2023-Meuse.\"><\/object><a id=\"wp-block-file--media-b2414bcf-4b57-4703-8fe1-7cf68a0ec5f2\" href=\"https:\/\/sites.ac-nancy-metz.fr\/dsden55\/wp-content\/uploads\/2023\/03\/Semaine-des-langues-2023-Meuse.pdf\">Semaine-des-langues-2023-Meuse<\/a><a href=\"https:\/\/sites.ac-nancy-metz.fr\/dsden55\/wp-content\/uploads\/2023\/03\/Semaine-des-langues-2023-Meuse.pdf\" class=\"wp-block-file__button wp-element-button\" download aria-describedby=\"wp-block-file--media-b2414bcf-4b57-4703-8fe1-7cf68a0ec5f2\">T\u00e9l\u00e9charger<\/a><\/div>\n","protected":false},"excerpt":{"rendered":"<div class=\"mh-excerpt\"><p>Dans la cadre de la semaine des langues vivantes 2023 qui aura lieu du 27 mars au 1er avril 2023 et dont la th\u00e9matique est <a class=\"mh-excerpt-more\" href=\"https:\/\/sites.ac-nancy-metz.fr\/dsden55\/?p=4401\" title=\"Semaine des langues vivantes 2023 : \u00ab\u00a0L&rsquo;important c&rsquo;est de communiquer\u00a0\u00bb\">[&#8230;]<\/a><\/p>\n<\/div>","protected":false},"author":15,"featured_media":4405,"comment_status":"closed","ping_status":"closed","sticky":false,"template":"","format":"standard","meta":{"_acf_changed":false,"_vp_format_video_url":"","_vp_image_focal_point":[],"_jetpack_memberships_contains_paid_content":false,"footnotes":""},"categories":[69,72],"tags":[],"class_list":["post-4401","post","type-post","status-publish","format-standard","has-post-thumbnail","hentry","category-langues-vivantes","category-programmes-et-ressources-en-langues-vivantes"],"acf":[],"jetpack_featured_media_url":"https:\/\/sites.ac-nancy-metz.fr\/dsden55\/wp-content\/uploads\/2023\/03\/langues-e1647866009816.jpg","jetpack_sharing_enabled":true,"_links":{"self":[{"href":"https:\/\/sites.ac-nancy-metz.fr\/dsden55\/index.php?rest_route=\/wp\/v2\/posts\/4401","targetHints":{"allow":["GET"]}}],"collection":[{"href":"https:\/\/sites.ac-nancy-metz.fr\/dsden55\/index.php?rest_route=\/wp\/v2\/posts"}],"about":[{"href":"https:\/\/sites.ac-nancy-metz.fr\/dsden55\/index.php?rest_route=\/wp\/v2\/types\/post"}],"author":[{"embeddable":true,"href":"https:\/\/sites.ac-nancy-metz.fr\/dsden55\/index.php?rest_route=\/wp\/v2\/users\/15"}],"replies":[{"embeddable":true,"href":"https:\/\/sites.ac-nancy-metz.fr\/dsden55\/index.php?rest_route=%2Fwp%2Fv2%2Fcomments&post=4401"}],"version-history":[{"count":21,"href":"https:\/\/sites.ac-nancy-metz.fr\/dsden55\/index.php?rest_route=\/wp\/v2\/posts\/4401\/revisions"}],"predecessor-version":[{"id":4440,"href":"https:\/\/sites.ac-nancy-metz.fr\/dsden55\/index.php?rest_route=\/wp\/v2\/posts\/4401\/revisions\/4440"}],"wp:featuredmedia":[{"embeddable":true,"href":"https:\/\/sites.ac-nancy-metz.fr\/dsden55\/index.php?rest_route=\/wp\/v2\/media\/4405"}],"wp:attachment":[{"href":"https:\/\/sites.ac-nancy-metz.fr\/dsden55\/index.php?rest_route=%2Fwp%2Fv2%2Fmedia&parent=4401"}],"wp:term":[{"taxonomy":"category","embeddable":true,"href":"https:\/\/sites.ac-nancy-metz.fr\/dsden55\/index.php?rest_route=%2Fwp%2Fv2%2Fcategories&post=4401"},{"taxonomy":"post_tag","embeddable":true,"href":"https:\/\/sites.ac-nancy-metz.fr\/dsden55\/index.php?rest_route=%2Fwp%2Fv2%2Ftags&post=4401"}],"curies":[{"name":"wp","href":"https:\/\/api.w.org\/{rel}","templated":true}]}}