{"id":452,"date":"2022-02-01T16:08:25","date_gmt":"2022-02-01T15:08:25","guid":{"rendered":"https:\/\/sites.ac-nancy-metz.fr\/dsden55\/?p=452"},"modified":"2022-10-07T13:49:27","modified_gmt":"2022-10-07T11:49:27","slug":"les-referents-maths-de-circonscription-rmc","status":"publish","type":"post","link":"https:\/\/sites.ac-nancy-metz.fr\/dsden55\/?p=452","title":{"rendered":"Les R\u00e9f\u00e9rents Maths de Circonscription (RMC)"},"content":{"rendered":"\n<p>Dans le cadre du plan Maths, des formateurs r\u00e9f\u00e9rents maths sont missionn\u00e9s pour accompagner les enseignants dans les constellations.<\/p>\n\n\n\n<p class=\"has-text-align-center\"><strong><a href=\"https:\/\/eduscol.education.fr\/1466\/referents-mathematiques-de-circonscription-rmc\" target=\"_blank\" rel=\"noreferrer noopener\">EDUSCOL&nbsp;: REFERENTS MATHS CIRCO<\/a><\/strong><\/p>\n\n\n\n<p>Mission : d\u00e9velopper des actions de formation d\u00e9partementale en maths et accompagner les constellations d\u2019\u00e9coles cibl\u00e9es dans le cadre du plan maths.<\/p>\n\n\n\n<p>Voici l\u2019\u00e9quipe pour la DSDEN 55&nbsp;:<\/p>\n\n\n\n<p>IEN Charg\u00e9 de la mission maths&nbsp;:<\/p>\n\n\n\n<ul class=\"wp-block-list\"><li>C\u00e9line LEAL (IEN Commercy)<\/li><\/ul>\n\n\n\n<p>CPD Maths&nbsp;:<\/p>\n\n\n\n<ul class=\"wp-block-list\"><li>Fr\u00e9d\u00e9ric MAURICE (IA-ASH &#8211; DSDEN 55)<\/li><\/ul>\n\n\n\n<p>CPC R\u00e9f\u00e9rent maths de circonscription&nbsp;:<\/p>\n\n\n\n<ul class=\"wp-block-list\"><li>Jean-Paul LEMOINE&nbsp;: circ. Bar le Duc<\/li><li>Fr\u00e9d\u00e9ric KIEFFER&nbsp;: circ. Verdun<\/li><li>Adeline RICCI&nbsp;: circ. Commercy<\/li><li>Sol\u00e8ne NORVEZ&nbsp;: circ. Stenay<\/li><\/ul>\n\n\n\n<p>R\u00e9f\u00e9rents accompagnateurs pour les constellations&nbsp;:<\/p>\n\n\n\n<ul class=\"wp-block-list\"><li>Aude PICARD : ERUN (circ. de Stenay)<\/li><li>J\u00e9r\u00f4me TOUSSAINT : ERUN (circ. de Commercy)<\/li><li>La\u00ebtitia CHENIN : PEMF (\u00e9cole des Avrils Saint-Mihiel)<\/li><li>Vincent PURSON : PEMF (\u00e9cole J Errard Bar le Duc)<\/li><li>Ang\u00e9lique HABART&nbsp;: PEMF (\u00e9cole J Errard Bar le Duc)<\/li><li>St\u00e9phanie WININGER&nbsp;: PEMF (\u00e9cole J Errard Bar le Duc)<\/li><li>C\u00e9cilia RODRIGUEZ : PEMF (\u00e9cole Combles-en-Barrois)<\/li><li>Emmanuelle MACEDO : PEMF (\u00e9cole des Bords de la Meuse Vaucouleurs)<\/li><li>Nathalie PIERSON&nbsp;: PEMF (\u00e9cole de Bouligny)<\/li><li>Dolores STRICH&nbsp;: PEMF (\u00e9cole de Maxey\/vaise)<\/li><li>Sandra DEMOUTE&nbsp;: PEMF (\u00e9cole des Bords de la Meuse Vaucouleurs)<\/li><\/ul>\n\n\n\n<div data-wp-interactive=\"core\/file\" class=\"wp-block-file\"><object data-wp-bind--hidden=\"!state.hasPdfPreview\" hidden class=\"wp-block-file__embed\" data=\"https:\/\/sites.ac-nancy-metz.fr\/dsden55\/wp-content\/uploads\/2022\/10\/Presentation-du-travail-en-constellations-2022-2023.pdf\" type=\"application\/pdf\" style=\"width:100%;height:600px\" aria-label=\"Contenu embarqu\u00e9 Contenu embarqu\u00e9 Presentation-du-travail-en-constellations-2022-2023..\"><\/object><a id=\"wp-block-file--media-944bbb46-cda3-40f2-9fae-fdcda0e6ba09\" href=\"https:\/\/sites.ac-nancy-metz.fr\/dsden55\/wp-content\/uploads\/2022\/10\/Presentation-du-travail-en-constellations-2022-2023.pdf\">Presentation-du-travail-en-constellations-2022-2023<\/a><a href=\"https:\/\/sites.ac-nancy-metz.fr\/dsden55\/wp-content\/uploads\/2022\/10\/Presentation-du-travail-en-constellations-2022-2023.pdf\" class=\"wp-block-file__button\" download aria-describedby=\"wp-block-file--media-944bbb46-cda3-40f2-9fae-fdcda0e6ba09\">T\u00e9l\u00e9charger<\/a><\/div>\n","protected":false},"excerpt":{"rendered":"<div class=\"mh-excerpt\"><p>Dans le cadre du plan Maths, des formateurs r\u00e9f\u00e9rents maths sont missionn\u00e9s pour accompagner les enseignants dans les constellations. EDUSCOL&nbsp;: REFERENTS MATHS CIRCO Mission : <a class=\"mh-excerpt-more\" href=\"https:\/\/sites.ac-nancy-metz.fr\/dsden55\/?p=452\" title=\"Les R\u00e9f\u00e9rents Maths de Circonscription (RMC)\">[&#8230;]<\/a><\/p>\n<\/div>","protected":false},"author":1,"featured_media":973,"comment_status":"closed","ping_status":"closed","sticky":false,"template":"","format":"standard","meta":{"_acf_changed":false,"_vp_format_video_url":"","_vp_image_focal_point":[],"_jetpack_memberships_contains_paid_content":false,"footnotes":""},"categories":[22,16],"tags":[],"class_list":["post-452","post","type-post","status-publish","format-standard","has-post-thumbnail","hentry","category-les-referents-maths-dsden-55","category-mathematiques"],"acf":[],"jetpack_featured_media_url":"https:\/\/sites.ac-nancy-metz.fr\/dsden55\/wp-content\/uploads\/2022\/03\/rubon67-fbd04.jpg","jetpack_sharing_enabled":true,"_links":{"self":[{"href":"https:\/\/sites.ac-nancy-metz.fr\/dsden55\/index.php?rest_route=\/wp\/v2\/posts\/452","targetHints":{"allow":["GET"]}}],"collection":[{"href":"https:\/\/sites.ac-nancy-metz.fr\/dsden55\/index.php?rest_route=\/wp\/v2\/posts"}],"about":[{"href":"https:\/\/sites.ac-nancy-metz.fr\/dsden55\/index.php?rest_route=\/wp\/v2\/types\/post"}],"author":[{"embeddable":true,"href":"https:\/\/sites.ac-nancy-metz.fr\/dsden55\/index.php?rest_route=\/wp\/v2\/users\/1"}],"replies":[{"embeddable":true,"href":"https:\/\/sites.ac-nancy-metz.fr\/dsden55\/index.php?rest_route=%2Fwp%2Fv2%2Fcomments&post=452"}],"version-history":[{"count":8,"href":"https:\/\/sites.ac-nancy-metz.fr\/dsden55\/index.php?rest_route=\/wp\/v2\/posts\/452\/revisions"}],"predecessor-version":[{"id":3870,"href":"https:\/\/sites.ac-nancy-metz.fr\/dsden55\/index.php?rest_route=\/wp\/v2\/posts\/452\/revisions\/3870"}],"wp:featuredmedia":[{"embeddable":true,"href":"https:\/\/sites.ac-nancy-metz.fr\/dsden55\/index.php?rest_route=\/wp\/v2\/media\/973"}],"wp:attachment":[{"href":"https:\/\/sites.ac-nancy-metz.fr\/dsden55\/index.php?rest_route=%2Fwp%2Fv2%2Fmedia&parent=452"}],"wp:term":[{"taxonomy":"category","embeddable":true,"href":"https:\/\/sites.ac-nancy-metz.fr\/dsden55\/index.php?rest_route=%2Fwp%2Fv2%2Fcategories&post=452"},{"taxonomy":"post_tag","embeddable":true,"href":"https:\/\/sites.ac-nancy-metz.fr\/dsden55\/index.php?rest_route=%2Fwp%2Fv2%2Ftags&post=452"}],"curies":[{"name":"wp","href":"https:\/\/api.w.org\/{rel}","templated":true}]}}