{"id":4865,"date":"2024-02-19T22:09:27","date_gmt":"2024-02-19T21:09:27","guid":{"rendered":"https:\/\/sites.ac-nancy-metz.fr\/dsden55\/?p=4865"},"modified":"2025-03-07T12:03:17","modified_gmt":"2025-03-07T11:03:17","slug":"semaine-des-mathematiques-2024","status":"publish","type":"post","link":"https:\/\/sites.ac-nancy-metz.fr\/dsden55\/?p=4865","title":{"rendered":"SEMAINE DES MATH\u00c9MATIQUES 2025"},"content":{"rendered":"\n<p><strong>La 14<sup>\u00e8me<\/sup> semaine des math\u00e9matiques se d\u00e9roulera du 10 au 19 mars 2025 sur le th\u00e8me \u00ab\u00a0Maths hors les murs\u00a0\u00bb.<\/strong><\/p>\n\n\n\n<p><\/p>\n\n\n\n<figure class=\"wp-block-image size-large\"><noscript><img decoding=\"async\" data-skip-lazy src=\"https:\/\/sites.ac-nancy-metz.fr\/dsden55\/wp-content\/uploads\/2024\/02\/2025_semaine-maths_banner_1340x730-804x438.png\" alt=\"\" class=\"wp-image-5552\"\/><\/noscript><img decoding=\"async\" src=\"data:image\/svg+xml;base64,PHN2ZyB3aWR0aD0iMTM0MCIgaGVpZ2h0PSI3MzAiIHZpZXdCb3g9IjAgMCAxMzQwIDczMCIgZmlsbD0ibm9uZSIgeG1sbnM9Imh0dHA6Ly93d3cudzMub3JnLzIwMDAvc3ZnIj48L3N2Zz4=\" alt class=\"wp-image-5552 vp-lazyload\" data-src=\"https:\/\/sites.ac-nancy-metz.fr\/dsden55\/wp-content\/uploads\/2024\/02\/2025_semaine-maths_banner_1340x730-804x438.png\" data-sizes=\"auto\" loading=\"eager\"><\/figure>\n\n\n\n<p>Le guide de la semaine des math\u00e9matiques est accessible sur Eduscol :<\/p>\n\n\n\n<p><a href=\"https:\/\/eduscol.education.fr\/3493\/semaine-des-mathematiques\">https:\/\/eduscol.education.fr\/3493\/semaine-des-mathematiques<\/a><\/p>\n\n\n\n<p>Vous trouverez ci-dessous 3 parcours d&rsquo;activit\u00e9s math\u00e9matiques (1 parcours par cycle, 1 activit\u00e9 par jour) cr\u00e9\u00e9s par le groupe math\u00e9matiques de la Meuse dans le cadre de la semaine des maths.<\/p>\n\n\n\n<p>Vous pouvez soit suivre un parcours complet, soit une partie, soit piocher des activit\u00e9s dans les diff\u00e9rents parcours. A vous de vous adapter \u00e0 vos \u00e9l\u00e8ves !<\/p>\n\n\n\n<p>Vous pouvez vous y connecter en utilisant les liens, ou directement \u00e0 partir de ce site.<\/p>\n\n\n\n<p>Liens :<\/p>\n\n\n\n<p><a href=\"https:\/\/view.genially.com\/67c89b03f0ca360fe499795e\/interactive-content-semaine-des-maths-maths-hors-les-murs-cycle-1\">semaine des maths cycle 1<\/a><\/p>\n\n\n\n<p><a href=\"https:\/\/view.genially.com\/67c82cf41e0f8f9a8a708404\/interactive-content-semaine-des-maths-maths-hors-les-murs-cycle-2\">semaine des maths cycle 2<\/a><\/p>\n\n\n\n<p><a href=\"https:\/\/view.genially.com\/67c6cac5c70cd2044ca8f822\/interactive-content-semaine-des-maths-maths-hors-les-murs-cycle-3\">semaine des maths cycle 3<\/a><\/p>\n\n\n\n<figure class=\"wp-block-embed is-type-wp-embed is-provider-genially wp-block-embed-genially\"><div class=\"wp-block-embed__wrapper\">\n<iframe class=\"wp-embedded-content\" sandbox=\"allow-scripts\" security=\"restricted\" title=\"Semaine des maths : Maths hors les murs cycle 1\" frameborder='0' width='1200' height='675' src='https:\/\/view.genially.com\/67c89b03f0ca360fe499795e#?secret=YOlNlEwXiN' data-secret='YOlNlEwXiN' scrolling='yes'><\/iframe>\n<\/div><\/figure>\n\n\n\n<figure class=\"wp-block-embed is-type-wp-embed is-provider-genially wp-block-embed-genially\"><div class=\"wp-block-embed__wrapper\">\n<iframe class=\"wp-embedded-content\" sandbox=\"allow-scripts\" security=\"restricted\" title=\"Semaine des maths : Maths hors les murs cycle 2\" frameborder='0' width='1200' height='675' src='https:\/\/view.genially.com\/67c82cf41e0f8f9a8a708404#?secret=bA5kkUwJsC' data-secret='bA5kkUwJsC' scrolling='yes'><\/iframe>\n<\/div><\/figure>\n\n\n\n<figure class=\"wp-block-embed is-type-wp-embed is-provider-genially wp-block-embed-genially\"><div class=\"wp-block-embed__wrapper\">\n<iframe class=\"wp-embedded-content\" sandbox=\"allow-scripts\" security=\"restricted\" title=\"Semaine des maths : Maths hors les murs cycle 3\" frameborder='0' width='1200' height='675' src='https:\/\/view.genially.com\/67c6cac5c70cd2044ca8f822#?secret=W2aJq0zb6c' data-secret='W2aJq0zb6c' scrolling='yes'><\/iframe>\n<\/div><\/figure>\n","protected":false},"excerpt":{"rendered":"<div class=\"mh-excerpt\"><p>La 14\u00e8me semaine des math\u00e9matiques se d\u00e9roulera du 10 au 19 mars 2025 sur le th\u00e8me \u00ab\u00a0Maths hors les murs\u00a0\u00bb. Le guide de la semaine <a class=\"mh-excerpt-more\" href=\"https:\/\/sites.ac-nancy-metz.fr\/dsden55\/?p=4865\" title=\"SEMAINE DES MATH\u00c9MATIQUES 2025\">[&#8230;]<\/a><\/p>\n<\/div>","protected":false},"author":23,"featured_media":0,"comment_status":"closed","ping_status":"closed","sticky":false,"template":"","format":"standard","meta":{"_acf_changed":false,"_vp_format_video_url":"","_vp_image_focal_point":[],"_jetpack_memberships_contains_paid_content":false,"footnotes":""},"categories":[16,30,189],"tags":[],"class_list":["post-4865","post","type-post","status-publish","format-standard","hentry","category-mathematiques","category-semaine-des-maths","category-semaine-des-maths-2025"],"acf":[],"jetpack_featured_media_url":"","jetpack_sharing_enabled":true,"_links":{"self":[{"href":"https:\/\/sites.ac-nancy-metz.fr\/dsden55\/index.php?rest_route=\/wp\/v2\/posts\/4865","targetHints":{"allow":["GET"]}}],"collection":[{"href":"https:\/\/sites.ac-nancy-metz.fr\/dsden55\/index.php?rest_route=\/wp\/v2\/posts"}],"about":[{"href":"https:\/\/sites.ac-nancy-metz.fr\/dsden55\/index.php?rest_route=\/wp\/v2\/types\/post"}],"author":[{"embeddable":true,"href":"https:\/\/sites.ac-nancy-metz.fr\/dsden55\/index.php?rest_route=\/wp\/v2\/users\/23"}],"replies":[{"embeddable":true,"href":"https:\/\/sites.ac-nancy-metz.fr\/dsden55\/index.php?rest_route=%2Fwp%2Fv2%2Fcomments&post=4865"}],"version-history":[{"count":7,"href":"https:\/\/sites.ac-nancy-metz.fr\/dsden55\/index.php?rest_route=\/wp\/v2\/posts\/4865\/revisions"}],"predecessor-version":[{"id":5726,"href":"https:\/\/sites.ac-nancy-metz.fr\/dsden55\/index.php?rest_route=\/wp\/v2\/posts\/4865\/revisions\/5726"}],"wp:attachment":[{"href":"https:\/\/sites.ac-nancy-metz.fr\/dsden55\/index.php?rest_route=%2Fwp%2Fv2%2Fmedia&parent=4865"}],"wp:term":[{"taxonomy":"category","embeddable":true,"href":"https:\/\/sites.ac-nancy-metz.fr\/dsden55\/index.php?rest_route=%2Fwp%2Fv2%2Fcategories&post=4865"},{"taxonomy":"post_tag","embeddable":true,"href":"https:\/\/sites.ac-nancy-metz.fr\/dsden55\/index.php?rest_route=%2Fwp%2Fv2%2Ftags&post=4865"}],"curies":[{"name":"wp","href":"https:\/\/api.w.org\/{rel}","templated":true}]}}