{"id":5604,"date":"2025-02-07T16:05:41","date_gmt":"2025-02-07T15:05:41","guid":{"rendered":"https:\/\/sites.ac-nancy-metz.fr\/dsden55\/?p=5604"},"modified":"2025-03-07T10:04:41","modified_gmt":"2025-03-07T09:04:41","slug":"guide-grammaire-_-la-grammaire-du-francais-du-cp-a-la-6eme","status":"publish","type":"post","link":"https:\/\/sites.ac-nancy-metz.fr\/dsden55\/?p=5604","title":{"rendered":"Guide grammaire _ La grammaire du fran\u00e7ais du CP \u00e0 la 6\u00e8me"},"content":{"rendered":"\n<p><em>La grammaire du fran\u00e7ais<\/em>\u00a0<em>du CP \u00e0 la 6<sup>e<\/sup><\/em>, parue en d\u00e9cembre 2022, compl\u00e8te le volume\u00a0<em>La grammaire du fran\u00e7ais &#8211; Terminologie grammaticale\u00a0<\/em>en proposant une approche didactis\u00e9e des savoirs grammaticaux \u00e0 mettre en \u0153uvre dans la classe.<\/p>\n\n\n<div class=\"wp-block-image\">\n<figure class=\"aligncenter size-full\"><a href=\"https:\/\/eduscol.education.fr\/document\/45262\/download?attachment\"><noscript><img loading=\"lazy\" decoding=\"async\" width=\"147\" height=\"208\" data-skip-lazy src=\"https:\/\/sites.ac-nancy-metz.fr\/dsden55\/wp-content\/uploads\/2025\/02\/grammaire_cp-6e_web-1.png\" alt=\"\" class=\"wp-image-5606\" srcset=\"https:\/\/sites.ac-nancy-metz.fr\/dsden55\/wp-content\/uploads\/2025\/02\/grammaire_cp-6e_web-1.png 147w, https:\/\/sites.ac-nancy-metz.fr\/dsden55\/wp-content\/uploads\/2025\/02\/grammaire_cp-6e_web-1-50x71.png 50w\" sizes=\"auto, (max-width: 147px) 100vw, 147px\" \/><\/noscript><img loading=\"eager\" decoding=\"async\" width=\"147\" height=\"208\" src=\"https:\/\/sites.ac-nancy-metz.fr\/dsden55\/wp-content\/uploads\/2025\/02\/grammaire_cp-6e_web-1.png\" alt class=\"wp-image-5606 vp-lazyload\" srcset=\"data:image\/svg+xml;base64,PHN2ZyB3aWR0aD0iMTQ3IiBoZWlnaHQ9IjIwOCIgdmlld0JveD0iMCAwIDE0NyAyMDgiIGZpbGw9Im5vbmUiIHhtbG5zPSJodHRwOi8vd3d3LnczLm9yZy8yMDAwL3N2ZyI+PC9zdmc+\" data-src=\"https:\/\/sites.ac-nancy-metz.fr\/dsden55\/wp-content\/uploads\/2025\/02\/grammaire_cp-6e_web-1.png\" data-srcset=\"https:\/\/sites.ac-nancy-metz.fr\/dsden55\/wp-content\/uploads\/2025\/02\/grammaire_cp-6e_web-1.png 147w, https:\/\/sites.ac-nancy-metz.fr\/dsden55\/wp-content\/uploads\/2025\/02\/grammaire_cp-6e_web-1-50x71.png 50w\" data-sizes=\"auto\"><\/a><\/figure>\n<\/div>","protected":false},"excerpt":{"rendered":"<div class=\"mh-excerpt\"><p>La grammaire du fran\u00e7ais\u00a0du CP \u00e0 la 6e, parue en d\u00e9cembre 2022, compl\u00e8te le volume\u00a0La grammaire du fran\u00e7ais &#8211; Terminologie grammaticale\u00a0en proposant une approche didactis\u00e9e <a class=\"mh-excerpt-more\" href=\"https:\/\/sites.ac-nancy-metz.fr\/dsden55\/?p=5604\" title=\"Guide grammaire _ La grammaire du fran\u00e7ais du CP \u00e0 la 6\u00e8me\">[&#8230;]<\/a><\/p>\n<\/div>","protected":false},"author":16,"featured_media":309,"comment_status":"closed","ping_status":"closed","sticky":false,"template":"","format":"standard","meta":{"_acf_changed":false,"_vp_format_video_url":"","_vp_image_focal_point":[],"_jetpack_memberships_contains_paid_content":false,"footnotes":""},"categories":[12,78],"tags":[],"class_list":["post-5604","post","type-post","status-publish","format-standard","has-post-thumbnail","hentry","category-francais","category-preconisations-ministerielles"],"acf":[],"jetpack_featured_media_url":"https:\/\/sites.ac-nancy-metz.fr\/dsden55\/wp-content\/uploads\/2022\/01\/books08.gif","jetpack_sharing_enabled":true,"_links":{"self":[{"href":"https:\/\/sites.ac-nancy-metz.fr\/dsden55\/index.php?rest_route=\/wp\/v2\/posts\/5604","targetHints":{"allow":["GET"]}}],"collection":[{"href":"https:\/\/sites.ac-nancy-metz.fr\/dsden55\/index.php?rest_route=\/wp\/v2\/posts"}],"about":[{"href":"https:\/\/sites.ac-nancy-metz.fr\/dsden55\/index.php?rest_route=\/wp\/v2\/types\/post"}],"author":[{"embeddable":true,"href":"https:\/\/sites.ac-nancy-metz.fr\/dsden55\/index.php?rest_route=\/wp\/v2\/users\/16"}],"replies":[{"embeddable":true,"href":"https:\/\/sites.ac-nancy-metz.fr\/dsden55\/index.php?rest_route=%2Fwp%2Fv2%2Fcomments&post=5604"}],"version-history":[{"count":1,"href":"https:\/\/sites.ac-nancy-metz.fr\/dsden55\/index.php?rest_route=\/wp\/v2\/posts\/5604\/revisions"}],"predecessor-version":[{"id":5608,"href":"https:\/\/sites.ac-nancy-metz.fr\/dsden55\/index.php?rest_route=\/wp\/v2\/posts\/5604\/revisions\/5608"}],"wp:featuredmedia":[{"embeddable":true,"href":"https:\/\/sites.ac-nancy-metz.fr\/dsden55\/index.php?rest_route=\/wp\/v2\/media\/309"}],"wp:attachment":[{"href":"https:\/\/sites.ac-nancy-metz.fr\/dsden55\/index.php?rest_route=%2Fwp%2Fv2%2Fmedia&parent=5604"}],"wp:term":[{"taxonomy":"category","embeddable":true,"href":"https:\/\/sites.ac-nancy-metz.fr\/dsden55\/index.php?rest_route=%2Fwp%2Fv2%2Fcategories&post=5604"},{"taxonomy":"post_tag","embeddable":true,"href":"https:\/\/sites.ac-nancy-metz.fr\/dsden55\/index.php?rest_route=%2Fwp%2Fv2%2Ftags&post=5604"}],"curies":[{"name":"wp","href":"https:\/\/api.w.org\/{rel}","templated":true}]}}