{"id":5992,"date":"2025-02-04T23:41:00","date_gmt":"2025-02-04T22:41:00","guid":{"rendered":"https:\/\/sites.ac-nancy-metz.fr\/dsden55\/?p=5992"},"modified":"2025-03-26T00:00:45","modified_gmt":"2025-03-25T23:00:45","slug":"semaine-de-la-maternelle-2024-2025","status":"publish","type":"post","link":"https:\/\/sites.ac-nancy-metz.fr\/dsden55\/?p=5992","title":{"rendered":"Semaine de la maternelle 2024\/2025"},"content":{"rendered":"\n<div class=\"wp-block-media-text is-stacked-on-mobile is-vertically-aligned-center\" style=\"grid-template-columns:58% auto\"><figure class=\"wp-block-media-text__media\"><noscript><img loading=\"lazy\" decoding=\"async\" width=\"847\" height=\"438\" data-skip-lazy src=\"https:\/\/sites.ac-nancy-metz.fr\/dsden55\/wp-content\/uploads\/2025\/03\/Semaine-de-la-petite-enfance-2025-2-847x438-1.png\" alt=\"\" class=\"wp-image-5990 size-full\" srcset=\"https:\/\/sites.ac-nancy-metz.fr\/dsden55\/wp-content\/uploads\/2025\/03\/Semaine-de-la-petite-enfance-2025-2-847x438-1.png 847w, https:\/\/sites.ac-nancy-metz.fr\/dsden55\/wp-content\/uploads\/2025\/03\/Semaine-de-la-petite-enfance-2025-2-847x438-1-300x155.png 300w, https:\/\/sites.ac-nancy-metz.fr\/dsden55\/wp-content\/uploads\/2025\/03\/Semaine-de-la-petite-enfance-2025-2-847x438-1-768x397.png 768w, https:\/\/sites.ac-nancy-metz.fr\/dsden55\/wp-content\/uploads\/2025\/03\/Semaine-de-la-petite-enfance-2025-2-847x438-1-50x26.png 50w, https:\/\/sites.ac-nancy-metz.fr\/dsden55\/wp-content\/uploads\/2025\/03\/Semaine-de-la-petite-enfance-2025-2-847x438-1-500x259.png 500w, https:\/\/sites.ac-nancy-metz.fr\/dsden55\/wp-content\/uploads\/2025\/03\/Semaine-de-la-petite-enfance-2025-2-847x438-1-800x414.png 800w\" sizes=\"auto, (max-width: 847px) 100vw, 847px\" \/><\/noscript><img loading=\"eager\" decoding=\"async\" width=\"847\" height=\"438\" src=\"https:\/\/sites.ac-nancy-metz.fr\/dsden55\/wp-content\/uploads\/2025\/03\/Semaine-de-la-petite-enfance-2025-2-847x438-1.png\" alt class=\"wp-image-5990 size-full vp-lazyload\" srcset=\"data:image\/svg+xml;base64,PHN2ZyB3aWR0aD0iODQ3IiBoZWlnaHQ9IjQzOCIgdmlld0JveD0iMCAwIDg0NyA0MzgiIGZpbGw9Im5vbmUiIHhtbG5zPSJodHRwOi8vd3d3LnczLm9yZy8yMDAwL3N2ZyI+PC9zdmc+\" data-src=\"https:\/\/sites.ac-nancy-metz.fr\/dsden55\/wp-content\/uploads\/2025\/03\/Semaine-de-la-petite-enfance-2025-2-847x438-1.png\" data-srcset=\"https:\/\/sites.ac-nancy-metz.fr\/dsden55\/wp-content\/uploads\/2025\/03\/Semaine-de-la-petite-enfance-2025-2-847x438-1.png 847w, https:\/\/sites.ac-nancy-metz.fr\/dsden55\/wp-content\/uploads\/2025\/03\/Semaine-de-la-petite-enfance-2025-2-847x438-1-300x155.png 300w, https:\/\/sites.ac-nancy-metz.fr\/dsden55\/wp-content\/uploads\/2025\/03\/Semaine-de-la-petite-enfance-2025-2-847x438-1-768x397.png 768w, https:\/\/sites.ac-nancy-metz.fr\/dsden55\/wp-content\/uploads\/2025\/03\/Semaine-de-la-petite-enfance-2025-2-847x438-1-50x26.png 50w, https:\/\/sites.ac-nancy-metz.fr\/dsden55\/wp-content\/uploads\/2025\/03\/Semaine-de-la-petite-enfance-2025-2-847x438-1-500x259.png 500w, https:\/\/sites.ac-nancy-metz.fr\/dsden55\/wp-content\/uploads\/2025\/03\/Semaine-de-la-petite-enfance-2025-2-847x438-1-800x414.png 800w\" data-sizes=\"auto\"><\/figure><div class=\"wp-block-media-text__content\">\n<p class=\"has-text-align-left\">Cette ann\u00e9e, la Semaine Nationale de la Petite enfance, aura lieu <strong>du 15 au 22 mars <\/strong>2025 et s\u2019intitulera \u00ab <em>Encore ! Jouer \u00e0 l\u2019infini <\/em>\u00bb.<br>Vous pouvez d\u00e9cider de programmer votre semaine de la maternelle \u00e0 ces m\u00eames dates ou bien en d\u00e9cal\u00e9.<br>Les \u00e9coles qui souhaitent organiser une semaine de la Maternelle en 2024\/2025 peuvent se faire recenser via ce <a href=\"https:\/\/docs.google.com\/forms\/d\/e\/1FAIpQLSdph8I5ZipBSvbA8R4dfz6Tcr25R26wwDdWIKklQu-YVdo2ZQ\/viewform?pli=1\">formulaire<\/a>.<\/p>\n<\/div><\/div>\n\n\n\n<p>Vous pouvez retrouver les documents relatifs \u00e0 cet \u00e9v\u00e8nement ici :<\/p>\n\n\n\n<ul class=\"wp-block-list\">\n<li><a href=\"https:\/\/sites.ac-nancy-metz.fr\/dsden55\/wp-content\/uploads\/2024\/12\/Message-aux-ecoles.pdf\"><strong>Courrier aux \u00e9coles de Me<\/strong><\/a><a href=\"https:\/\/sites.ac-nancy-metz.fr\/dsden55\/wp-content\/uploads\/2024\/12\/Message-aux-ecoles.pdf\" target=\"_blank\" rel=\"noreferrer noopener\"><strong>use<\/strong><\/a><\/li>\n\n\n\n<li><strong>Affiches de communication modifiables<\/strong> :\n<ul class=\"wp-block-list\">\n<li><a href=\"https:\/\/sites.ac-nancy-metz.fr\/dsden55\/wp-content\/uploads\/2024\/12\/Semaine-de-la-Maternelle-Affiche-meuse-1.docx\"><strong>Affiche <\/strong><\/a><strong><a href=\"https:\/\/sites.ac-nancy-metz.fr\/dsden55\/wp-content\/uploads\/2024\/12\/Semaine-de-la-Maternelle-Affiche-meuse-1.docx\" target=\"_blank\" rel=\"noreferrer noopener\">1<\/a><\/strong><\/li>\n\n\n\n<li><a href=\"https:\/\/sites.ac-nancy-metz.fr\/dsden55\/wp-content\/uploads\/2024\/12\/Semaine-de-la-Maternelle-Affiche-meuse-2-1.docx\"><strong>Affiche <\/strong><\/a><strong><a href=\"https:\/\/sites.ac-nancy-metz.fr\/dsden55\/wp-content\/uploads\/2024\/12\/Semaine-de-la-Maternelle-Affiche-meuse-2-1.docx\" target=\"_blank\" rel=\"noreferrer noopener\">2<\/a><\/strong><\/li>\n\n\n\n<li><strong><a href=\"https:\/\/sites.ac-nancy-metz.fr\/dsden55\/wp-content\/uploads\/2024\/12\/Semaine-de-la-Maternelle-affiche-meuse-3-1.docx\">Affiche <\/a><a href=\"https:\/\/sites.ac-nancy-metz.fr\/dsden55\/wp-content\/uploads\/2024\/12\/Semaine-de-la-Maternelle-affiche-meuse-3-1.docx\" target=\"_blank\" rel=\"noreferrer noopener\">3<\/a><\/strong><\/li>\n<\/ul>\n<\/li>\n<\/ul>\n\n\n\n<p>Pour retrouver d&rsquo;autres ressources et en savoir plus, cliquez <a href=\"https:\/\/semainepetiteenfance.fr\/la-semaine-nationale-de-la-petite-enfance-2025-du-15-au-22-mars-2025\/\">ici<\/a>. <\/p>\n\n\n\n<figure class=\"wp-block-embed aligncenter is-type-wp-embed is-provider-semaine-petite-enfance wp-block-embed-semaine-petite-enfance\"><div class=\"wp-block-embed__wrapper\">\n<blockquote class=\"wp-embedded-content\" data-secret=\"1DzI3Nfffk\"><a href=\"https:\/\/semainepetiteenfance.fr\/la-semaine-nationale-de-la-petite-enfance-2025-du-15-au-22-mars-2025\/\">La Semaine Nationale de la Petite Enfance 2025     du 15 au 22 mars 2025<\/a><\/blockquote><iframe loading=\"lazy\" class=\"wp-embedded-content\" sandbox=\"allow-scripts\" security=\"restricted\" style=\"position: absolute; visibility: hidden;\" title=\"\u00ab\u00a0La Semaine Nationale de la Petite Enfance 2025     du 15 au 22 mars 2025\u00a0\u00bb &#8212; Semaine Petite Enfance\" src=\"https:\/\/semainepetiteenfance.fr\/la-semaine-nationale-de-la-petite-enfance-2025-du-15-au-22-mars-2025\/embed\/#?secret=7BRsEBzcbx#?secret=1DzI3Nfffk\" data-secret=\"1DzI3Nfffk\" width=\"500\" height=\"282\" frameborder=\"0\" marginwidth=\"0\" marginheight=\"0\" scrolling=\"no\"><\/iframe>\n<\/div><\/figure>\n","protected":false},"excerpt":{"rendered":"<div class=\"mh-excerpt\"><p>Cette ann\u00e9e, la Semaine Nationale de la Petite enfance, aura lieu du 15 au 22 mars 2025 et s\u2019intitulera \u00ab Encore ! Jouer \u00e0 l\u2019infini <a class=\"mh-excerpt-more\" href=\"https:\/\/sites.ac-nancy-metz.fr\/dsden55\/?p=5992\" title=\"Semaine de la maternelle 2024\/2025\">[&#8230;]<\/a><\/p>\n<\/div>","protected":false},"author":10,"featured_media":0,"comment_status":"closed","ping_status":"open","sticky":false,"template":"","format":"standard","meta":{"_acf_changed":false,"_vp_format_video_url":"","_vp_image_focal_point":[],"_jetpack_memberships_contains_paid_content":false,"footnotes":""},"categories":[1],"tags":[],"class_list":["post-5992","post","type-post","status-publish","format-standard","hentry","category-accueil"],"acf":[],"jetpack_featured_media_url":"","jetpack_sharing_enabled":true,"_links":{"self":[{"href":"https:\/\/sites.ac-nancy-metz.fr\/dsden55\/index.php?rest_route=\/wp\/v2\/posts\/5992","targetHints":{"allow":["GET"]}}],"collection":[{"href":"https:\/\/sites.ac-nancy-metz.fr\/dsden55\/index.php?rest_route=\/wp\/v2\/posts"}],"about":[{"href":"https:\/\/sites.ac-nancy-metz.fr\/dsden55\/index.php?rest_route=\/wp\/v2\/types\/post"}],"author":[{"embeddable":true,"href":"https:\/\/sites.ac-nancy-metz.fr\/dsden55\/index.php?rest_route=\/wp\/v2\/users\/10"}],"replies":[{"embeddable":true,"href":"https:\/\/sites.ac-nancy-metz.fr\/dsden55\/index.php?rest_route=%2Fwp%2Fv2%2Fcomments&post=5992"}],"version-history":[{"count":2,"href":"https:\/\/sites.ac-nancy-metz.fr\/dsden55\/index.php?rest_route=\/wp\/v2\/posts\/5992\/revisions"}],"predecessor-version":[{"id":6001,"href":"https:\/\/sites.ac-nancy-metz.fr\/dsden55\/index.php?rest_route=\/wp\/v2\/posts\/5992\/revisions\/6001"}],"wp:attachment":[{"href":"https:\/\/sites.ac-nancy-metz.fr\/dsden55\/index.php?rest_route=%2Fwp%2Fv2%2Fmedia&parent=5992"}],"wp:term":[{"taxonomy":"category","embeddable":true,"href":"https:\/\/sites.ac-nancy-metz.fr\/dsden55\/index.php?rest_route=%2Fwp%2Fv2%2Fcategories&post=5992"},{"taxonomy":"post_tag","embeddable":true,"href":"https:\/\/sites.ac-nancy-metz.fr\/dsden55\/index.php?rest_route=%2Fwp%2Fv2%2Ftags&post=5992"}],"curies":[{"name":"wp","href":"https:\/\/api.w.org\/{rel}","templated":true}]}}