{"id":6158,"date":"2025-04-01T08:51:23","date_gmt":"2025-04-01T06:51:23","guid":{"rendered":"https:\/\/sites.ac-nancy-metz.fr\/dsden55\/?p=6158"},"modified":"2025-04-01T09:02:56","modified_gmt":"2025-04-01T07:02:56","slug":"98eme-congres-ageem-du-2-au-4-juillet-2025","status":"publish","type":"post","link":"https:\/\/sites.ac-nancy-metz.fr\/dsden55\/?p=6158","title":{"rendered":"98\u00e8me Congr\u00e8s AGEEM (Colmar &#8211; du 2 au 4 juillet 2025)"},"content":{"rendered":"\n<figure class=\"wp-block-image size-full\"><noscript><img loading=\"lazy\" decoding=\"async\" width=\"987\" height=\"438\" data-skip-lazy src=\"https:\/\/sites.ac-nancy-metz.fr\/dsden55\/wp-content\/uploads\/2025\/03\/Congres-Ageem-1-987x438-1.png\" alt=\"\" class=\"wp-image-6072\" srcset=\"https:\/\/sites.ac-nancy-metz.fr\/dsden55\/wp-content\/uploads\/2025\/03\/Congres-Ageem-1-987x438-1.png 987w, https:\/\/sites.ac-nancy-metz.fr\/dsden55\/wp-content\/uploads\/2025\/03\/Congres-Ageem-1-987x438-1-300x133.png 300w, https:\/\/sites.ac-nancy-metz.fr\/dsden55\/wp-content\/uploads\/2025\/03\/Congres-Ageem-1-987x438-1-768x341.png 768w, https:\/\/sites.ac-nancy-metz.fr\/dsden55\/wp-content\/uploads\/2025\/03\/Congres-Ageem-1-987x438-1-50x22.png 50w, https:\/\/sites.ac-nancy-metz.fr\/dsden55\/wp-content\/uploads\/2025\/03\/Congres-Ageem-1-987x438-1-500x222.png 500w, https:\/\/sites.ac-nancy-metz.fr\/dsden55\/wp-content\/uploads\/2025\/03\/Congres-Ageem-1-987x438-1-800x355.png 800w\" sizes=\"auto, (max-width: 987px) 100vw, 987px\" \/><\/noscript><img loading=\"eager\" decoding=\"async\" width=\"987\" height=\"438\" src=\"https:\/\/sites.ac-nancy-metz.fr\/dsden55\/wp-content\/uploads\/2025\/03\/Congres-Ageem-1-987x438-1.png\" alt class=\"wp-image-6072 vp-lazyload\" srcset=\"data:image\/svg+xml;base64,PHN2ZyB3aWR0aD0iOTg3IiBoZWlnaHQ9IjQzOCIgdmlld0JveD0iMCAwIDk4NyA0MzgiIGZpbGw9Im5vbmUiIHhtbG5zPSJodHRwOi8vd3d3LnczLm9yZy8yMDAwL3N2ZyI+PC9zdmc+\" data-src=\"https:\/\/sites.ac-nancy-metz.fr\/dsden55\/wp-content\/uploads\/2025\/03\/Congres-Ageem-1-987x438-1.png\" data-srcset=\"https:\/\/sites.ac-nancy-metz.fr\/dsden55\/wp-content\/uploads\/2025\/03\/Congres-Ageem-1-987x438-1.png 987w, https:\/\/sites.ac-nancy-metz.fr\/dsden55\/wp-content\/uploads\/2025\/03\/Congres-Ageem-1-987x438-1-300x133.png 300w, https:\/\/sites.ac-nancy-metz.fr\/dsden55\/wp-content\/uploads\/2025\/03\/Congres-Ageem-1-987x438-1-768x341.png 768w, https:\/\/sites.ac-nancy-metz.fr\/dsden55\/wp-content\/uploads\/2025\/03\/Congres-Ageem-1-987x438-1-50x22.png 50w, https:\/\/sites.ac-nancy-metz.fr\/dsden55\/wp-content\/uploads\/2025\/03\/Congres-Ageem-1-987x438-1-500x222.png 500w, https:\/\/sites.ac-nancy-metz.fr\/dsden55\/wp-content\/uploads\/2025\/03\/Congres-Ageem-1-987x438-1-800x355.png 800w\" data-sizes=\"auto\"><\/figure>\n\n\n\n<p><\/p>\n\n\n\n<p class=\"has-text-align-center\"><strong><em>\u00ab\u00a0D\u00e8s l\u2019\u00e9cole maternelle les premiers pas pour une \u00e9ducation au d\u00e9veloppement durable\u00a0\u00bb<\/em><\/strong><\/p>\n\n\n\n<p class=\"has-text-align-center\"><a href=\"https:\/\/sites.ac-nancy-metz.fr\/dsden55\/wp-content\/uploads\/2025\/03\/DOSSIER-INSCRIPTION-CONGRES-COLMAR-AGEEM-2025-1.pdf\" target=\"_blank\" rel=\"noreferrer noopener\">Programme et tarifs d\u2019inscription au congr\u00e8s de Colmar<\/a><\/p>\n\n\n\n<figure class=\"wp-block-embed aligncenter is-type-wp-embed is-provider-ageem wp-block-embed-ageem\"><div class=\"wp-block-embed__wrapper\">\n<blockquote class=\"wp-embedded-content\" data-secret=\"KGXomGrr7X\"><a href=\"https:\/\/ageem.org\/ressources\/colmar-2025-34701\/\">Colmar 2025<\/a><\/blockquote><iframe loading=\"lazy\" class=\"wp-embedded-content\" sandbox=\"allow-scripts\" security=\"restricted\" style=\"position: absolute; visibility: hidden;\" title=\"\u00ab\u00a0Colmar 2025\u00a0\u00bb &#8212; Ageem\" src=\"https:\/\/ageem.org\/ressources\/colmar-2025-34701\/embed\/#?secret=8ahQKiDeOp#?secret=KGXomGrr7X\" data-secret=\"KGXomGrr7X\" width=\"500\" height=\"282\" frameborder=\"0\" marginwidth=\"0\" marginheight=\"0\" scrolling=\"no\"><\/iframe>\n<\/div><\/figure>\n","protected":false},"excerpt":{"rendered":"<div class=\"mh-excerpt\"><p>\u00ab\u00a0D\u00e8s l\u2019\u00e9cole maternelle les premiers pas pour une \u00e9ducation au d\u00e9veloppement durable\u00a0\u00bb Programme et tarifs d\u2019inscription au congr\u00e8s de Colmar<\/p>\n<\/div>","protected":false},"author":10,"featured_media":6067,"comment_status":"closed","ping_status":"closed","sticky":false,"template":"","format":"standard","meta":{"_acf_changed":false,"_vp_format_video_url":"","_vp_image_focal_point":[],"_jetpack_memberships_contains_paid_content":false,"footnotes":""},"categories":[1,81,80],"tags":[],"class_list":["post-6158","post","type-post","status-publish","format-standard","has-post-thumbnail","hentry","category-accueil","category-maternelle-formations","category-maternelle"],"acf":[],"jetpack_featured_media_url":"https:\/\/sites.ac-nancy-metz.fr\/dsden55\/wp-content\/uploads\/2025\/03\/LOGO-AGEEM-SIMPLE.png","jetpack_sharing_enabled":true,"_links":{"self":[{"href":"https:\/\/sites.ac-nancy-metz.fr\/dsden55\/index.php?rest_route=\/wp\/v2\/posts\/6158","targetHints":{"allow":["GET"]}}],"collection":[{"href":"https:\/\/sites.ac-nancy-metz.fr\/dsden55\/index.php?rest_route=\/wp\/v2\/posts"}],"about":[{"href":"https:\/\/sites.ac-nancy-metz.fr\/dsden55\/index.php?rest_route=\/wp\/v2\/types\/post"}],"author":[{"embeddable":true,"href":"https:\/\/sites.ac-nancy-metz.fr\/dsden55\/index.php?rest_route=\/wp\/v2\/users\/10"}],"replies":[{"embeddable":true,"href":"https:\/\/sites.ac-nancy-metz.fr\/dsden55\/index.php?rest_route=%2Fwp%2Fv2%2Fcomments&post=6158"}],"version-history":[{"count":3,"href":"https:\/\/sites.ac-nancy-metz.fr\/dsden55\/index.php?rest_route=\/wp\/v2\/posts\/6158\/revisions"}],"predecessor-version":[{"id":6166,"href":"https:\/\/sites.ac-nancy-metz.fr\/dsden55\/index.php?rest_route=\/wp\/v2\/posts\/6158\/revisions\/6166"}],"wp:featuredmedia":[{"embeddable":true,"href":"https:\/\/sites.ac-nancy-metz.fr\/dsden55\/index.php?rest_route=\/wp\/v2\/media\/6067"}],"wp:attachment":[{"href":"https:\/\/sites.ac-nancy-metz.fr\/dsden55\/index.php?rest_route=%2Fwp%2Fv2%2Fmedia&parent=6158"}],"wp:term":[{"taxonomy":"category","embeddable":true,"href":"https:\/\/sites.ac-nancy-metz.fr\/dsden55\/index.php?rest_route=%2Fwp%2Fv2%2Fcategories&post=6158"},{"taxonomy":"post_tag","embeddable":true,"href":"https:\/\/sites.ac-nancy-metz.fr\/dsden55\/index.php?rest_route=%2Fwp%2Fv2%2Ftags&post=6158"}],"curies":[{"name":"wp","href":"https:\/\/api.w.org\/{rel}","templated":true}]}}