{"id":6174,"date":"2025-04-01T09:19:50","date_gmt":"2025-04-01T07:19:50","guid":{"rendered":"https:\/\/sites.ac-nancy-metz.fr\/dsden55\/?p=6174"},"modified":"2025-04-01T09:45:04","modified_gmt":"2025-04-01T07:45:04","slug":"journee-academique-de-formation-ageem","status":"publish","type":"post","link":"https:\/\/sites.ac-nancy-metz.fr\/dsden55\/?p=6174","title":{"rendered":"Journ\u00e9e acad\u00e9mique de formation AGEEM"},"content":{"rendered":"\n<p>A l\u2019occasion du 98<sup>\u00e8me<\/sup> congr\u00e8s 2025 de l\u2019AGEEM dont le th\u00e8me est \u00ab&nbsp;<em><strong>Aujourd\u2019hui pour demain, d\u00e8s l\u2019\u00e9cole maternelle, les premiers pas pour une \u00e9ducation au d\u00e9veloppement durable<\/strong><\/em> \u00bb, l\u2019AGEEM s&rsquo;associe \u00e0 l\u2019OCCE et \u00e0 La Maison pour la Science pour proposer une journ\u00e9e de Formation Acad\u00e9mique <strong>le mercredi 11 juin 2025<\/strong> \u00e0 l\u2019\u00e9cole d\u2019application du Charmois \u00e0<strong> Vand\u0153uvre.<\/strong><\/p>\n\n\n<div class=\"wp-block-image\">\n<figure class=\"aligncenter size-full\"><noscript><img loading=\"lazy\" decoding=\"async\" width=\"357\" height=\"507\" data-skip-lazy src=\"https:\/\/sites.ac-nancy-metz.fr\/dsden55\/wp-content\/uploads\/2025\/04\/image.png\" alt=\"\" class=\"wp-image-6175\" srcset=\"https:\/\/sites.ac-nancy-metz.fr\/dsden55\/wp-content\/uploads\/2025\/04\/image.png 357w, https:\/\/sites.ac-nancy-metz.fr\/dsden55\/wp-content\/uploads\/2025\/04\/image-211x300.png 211w, https:\/\/sites.ac-nancy-metz.fr\/dsden55\/wp-content\/uploads\/2025\/04\/image-50x71.png 50w\" sizes=\"auto, (max-width: 357px) 100vw, 357px\" \/><\/noscript><img loading=\"eager\" decoding=\"async\" width=\"357\" height=\"507\" src=\"https:\/\/sites.ac-nancy-metz.fr\/dsden55\/wp-content\/uploads\/2025\/04\/image.png\" alt class=\"wp-image-6175 vp-lazyload\" srcset=\"data:image\/svg+xml;base64,PHN2ZyB3aWR0aD0iMzU3IiBoZWlnaHQ9IjUwNyIgdmlld0JveD0iMCAwIDM1NyA1MDciIGZpbGw9Im5vbmUiIHhtbG5zPSJodHRwOi8vd3d3LnczLm9yZy8yMDAwL3N2ZyI+PC9zdmc+\" data-src=\"https:\/\/sites.ac-nancy-metz.fr\/dsden55\/wp-content\/uploads\/2025\/04\/image.png\" data-srcset=\"https:\/\/sites.ac-nancy-metz.fr\/dsden55\/wp-content\/uploads\/2025\/04\/image.png 357w, https:\/\/sites.ac-nancy-metz.fr\/dsden55\/wp-content\/uploads\/2025\/04\/image-211x300.png 211w, https:\/\/sites.ac-nancy-metz.fr\/dsden55\/wp-content\/uploads\/2025\/04\/image-50x71.png 50w\" data-sizes=\"auto\"><\/figure>\n<\/div>\n\n\n<p>Celle- ci se d\u00e9roulera en deux temps :<\/p>\n\n\n\n<ul class=\"wp-block-list\">\n<li><strong>le matin<\/strong> (ouvert \u00e0 tous) :\n<ul class=\"wp-block-list\">\n<li> <strong>visio-conf\u00e9rence \u00ab <em>Jardiner \u00e0 l\u2019\u00e9cole pour s\u2019ouvrir au monde<\/em> \u00bb<\/strong> de Corine Martel, IEN de la circonscription Montpellier Centre, charg\u00e9e du dossier sciences et EDD dans l\u2019H\u00e9rault, Docteure en Ecologie, <\/li>\n\n\n\n<li><strong>ateliers<\/strong> propos\u00e9s par La Maison pour la Science et l\u2019OCCE.<\/li>\n<\/ul>\n<\/li>\n<\/ul>\n\n\n\n<p><\/p>\n\n\n\n<ul class=\"wp-block-list\">\n<li><strong>l\u2019apr\u00e8s-midi<\/strong> (r\u00e9serv\u00e9 aux adh\u00e9rents de l\u2019AGEEM) : \n<ul class=\"wp-block-list\">\n<li>visite guid\u00e9e des serres du Jardin Botanique de Nancy sur le th\u00e8me du d\u00e9veloppement durable.<\/li>\n<\/ul>\n<\/li>\n<\/ul>\n\n\n\n<p><\/p>\n\n\n\n<p class=\"has-vivid-red-color has-text-color has-link-color wp-elements-77e23b3317db87964d21704bda0711ee\"><strong>Inscriptions et renseignements <\/strong>aupr\u00e8s d\u2019Estelle Riva-Dopff (Estelle.Dopff@ac-nancy-metz.fr)<\/p>\n\n\n\n<div data-wp-interactive=\"core\/file\" class=\"wp-block-file aligncenter\"><object data-wp-bind--hidden=\"!state.hasPdfPreview\" hidden class=\"wp-block-file__embed\" data=\"https:\/\/sites.ac-nancy-metz.fr\/dsden55\/wp-content\/uploads\/2025\/04\/affiche-journae-acadamique-11-juin-2025_rbnnfuper9i.pdf\" type=\"application\/pdf\" style=\"width:100%;height:600px\" aria-label=\"Contenu embarqu\u00e9 affiche-journae-acadamique-11-juin-2025_rbnnfuper9i.\"><\/object><a id=\"wp-block-file--media-55ba8d3d-b7e3-4ea6-ac22-624ce765516e\" href=\"https:\/\/sites.ac-nancy-metz.fr\/dsden55\/wp-content\/uploads\/2025\/04\/affiche-journae-acadamique-11-juin-2025_rbnnfuper9i.pdf\">affiche-journae-acadamique-11-juin-2025_rbnnfuper9i<\/a><a href=\"https:\/\/sites.ac-nancy-metz.fr\/dsden55\/wp-content\/uploads\/2025\/04\/affiche-journae-acadamique-11-juin-2025_rbnnfuper9i.pdf\" class=\"wp-block-file__button wp-element-button\" download aria-describedby=\"wp-block-file--media-55ba8d3d-b7e3-4ea6-ac22-624ce765516e\">T\u00e9l\u00e9charger<\/a><\/div>\n","protected":false},"excerpt":{"rendered":"<div class=\"mh-excerpt\"><p>A l\u2019occasion du 98\u00e8me congr\u00e8s 2025 de l\u2019AGEEM dont le th\u00e8me est \u00ab&nbsp;Aujourd\u2019hui pour demain, d\u00e8s l\u2019\u00e9cole maternelle, les premiers pas pour une \u00e9ducation au <a class=\"mh-excerpt-more\" href=\"https:\/\/sites.ac-nancy-metz.fr\/dsden55\/?p=6174\" title=\"Journ\u00e9e acad\u00e9mique de formation AGEEM\">[&#8230;]<\/a><\/p>\n<\/div>","protected":false},"author":10,"featured_media":6067,"comment_status":"closed","ping_status":"closed","sticky":false,"template":"","format":"standard","meta":{"_acf_changed":false,"_vp_format_video_url":"","_vp_image_focal_point":[],"_jetpack_memberships_contains_paid_content":false,"footnotes":""},"categories":[1,81,80],"tags":[195,196,194],"class_list":["post-6174","post","type-post","status-publish","format-standard","has-post-thumbnail","hentry","category-accueil","category-maternelle-formations","category-maternelle","tag-ageem","tag-formation","tag-maternelle"],"acf":[],"jetpack_featured_media_url":"https:\/\/sites.ac-nancy-metz.fr\/dsden55\/wp-content\/uploads\/2025\/03\/LOGO-AGEEM-SIMPLE.png","jetpack_sharing_enabled":true,"_links":{"self":[{"href":"https:\/\/sites.ac-nancy-metz.fr\/dsden55\/index.php?rest_route=\/wp\/v2\/posts\/6174","targetHints":{"allow":["GET"]}}],"collection":[{"href":"https:\/\/sites.ac-nancy-metz.fr\/dsden55\/index.php?rest_route=\/wp\/v2\/posts"}],"about":[{"href":"https:\/\/sites.ac-nancy-metz.fr\/dsden55\/index.php?rest_route=\/wp\/v2\/types\/post"}],"author":[{"embeddable":true,"href":"https:\/\/sites.ac-nancy-metz.fr\/dsden55\/index.php?rest_route=\/wp\/v2\/users\/10"}],"replies":[{"embeddable":true,"href":"https:\/\/sites.ac-nancy-metz.fr\/dsden55\/index.php?rest_route=%2Fwp%2Fv2%2Fcomments&post=6174"}],"version-history":[{"count":7,"href":"https:\/\/sites.ac-nancy-metz.fr\/dsden55\/index.php?rest_route=\/wp\/v2\/posts\/6174\/revisions"}],"predecessor-version":[{"id":6185,"href":"https:\/\/sites.ac-nancy-metz.fr\/dsden55\/index.php?rest_route=\/wp\/v2\/posts\/6174\/revisions\/6185"}],"wp:featuredmedia":[{"embeddable":true,"href":"https:\/\/sites.ac-nancy-metz.fr\/dsden55\/index.php?rest_route=\/wp\/v2\/media\/6067"}],"wp:attachment":[{"href":"https:\/\/sites.ac-nancy-metz.fr\/dsden55\/index.php?rest_route=%2Fwp%2Fv2%2Fmedia&parent=6174"}],"wp:term":[{"taxonomy":"category","embeddable":true,"href":"https:\/\/sites.ac-nancy-metz.fr\/dsden55\/index.php?rest_route=%2Fwp%2Fv2%2Fcategories&post=6174"},{"taxonomy":"post_tag","embeddable":true,"href":"https:\/\/sites.ac-nancy-metz.fr\/dsden55\/index.php?rest_route=%2Fwp%2Fv2%2Ftags&post=6174"}],"curies":[{"name":"wp","href":"https:\/\/api.w.org\/{rel}","templated":true}]}}