{"id":6764,"date":"2025-06-16T09:21:10","date_gmt":"2025-06-16T07:21:10","guid":{"rendered":"https:\/\/sites.ac-nancy-metz.fr\/dsden55\/?p=6764"},"modified":"2025-12-16T12:31:51","modified_gmt":"2025-12-16T11:31:51","slug":"livrets-daccompagnement-des-nouveaux-programmes-de-maternelle","status":"publish","type":"post","link":"https:\/\/sites.ac-nancy-metz.fr\/dsden55\/?p=6764","title":{"rendered":"Livrets d&rsquo;accompagnement des nouveaux programmes de maternelle"},"content":{"rendered":"\n<h2 class=\"wp-block-heading\">Acquisition des premiers outils math\u00e9matiques<\/h2>\n\n\n\n<div class=\"wp-block-group\"><div class=\"wp-block-group__inner-container is-layout-constrained wp-block-group-is-layout-constrained\">\n<div class=\"wp-block-columns is-layout-flex wp-container-core-columns-is-layout-9d6595d7 wp-block-columns-is-layout-flex\">\n<div class=\"wp-block-column is-vertically-aligned-center is-layout-flow wp-block-column-is-layout-flow\">\n<figure class=\"wp-block-gallery has-nested-images columns-default is-cropped wp-block-gallery-1 is-layout-flex wp-block-gallery-is-layout-flex\">\n<figure class=\"wp-block-image size-large is-resized\"><a href=\"https:\/\/sites.ac-nancy-metz.fr\/dsden55\/wp-content\/uploads\/2025\/06\/2025_livretaccompagnement_math_avant4ans.pdf\" target=\"_blank\" rel=\" noreferrer noopener\"><noscript><img loading=\"lazy\" decoding=\"async\" width=\"423\" height=\"597\" data-id=\"6754\" data-skip-lazy src=\"https:\/\/sites.ac-nancy-metz.fr\/dsden55\/wp-content\/uploads\/2025\/06\/livret-c1-maths-avant-4-ans.jpg\" alt=\"\" class=\"wp-image-6754\" style=\"width:220px;height:auto\" srcset=\"https:\/\/sites.ac-nancy-metz.fr\/dsden55\/wp-content\/uploads\/2025\/06\/livret-c1-maths-avant-4-ans.jpg 423w, https:\/\/sites.ac-nancy-metz.fr\/dsden55\/wp-content\/uploads\/2025\/06\/livret-c1-maths-avant-4-ans-213x300.jpg 213w, https:\/\/sites.ac-nancy-metz.fr\/dsden55\/wp-content\/uploads\/2025\/06\/livret-c1-maths-avant-4-ans-50x71.jpg 50w\" sizes=\"auto, (max-width: 423px) 100vw, 423px\" \/><\/noscript><img loading=\"eager\" decoding=\"async\" width=\"423\" height=\"597\" data-id=\"6754\" src=\"https:\/\/sites.ac-nancy-metz.fr\/dsden55\/wp-content\/uploads\/2025\/06\/livret-c1-maths-avant-4-ans.jpg\" alt class=\"wp-image-6754 vp-lazyload\" style=\"width:220px;height:auto\" srcset=\"data:image\/svg+xml;base64,PHN2ZyB3aWR0aD0iNDIzIiBoZWlnaHQ9IjU5NyIgdmlld0JveD0iMCAwIDQyMyA1OTciIGZpbGw9Im5vbmUiIHhtbG5zPSJodHRwOi8vd3d3LnczLm9yZy8yMDAwL3N2ZyI+PC9zdmc+\" data-src=\"https:\/\/sites.ac-nancy-metz.fr\/dsden55\/wp-content\/uploads\/2025\/06\/livret-c1-maths-avant-4-ans.jpg\" data-srcset=\"https:\/\/sites.ac-nancy-metz.fr\/dsden55\/wp-content\/uploads\/2025\/06\/livret-c1-maths-avant-4-ans.jpg 423w, https:\/\/sites.ac-nancy-metz.fr\/dsden55\/wp-content\/uploads\/2025\/06\/livret-c1-maths-avant-4-ans-213x300.jpg 213w, https:\/\/sites.ac-nancy-metz.fr\/dsden55\/wp-content\/uploads\/2025\/06\/livret-c1-maths-avant-4-ans-50x71.jpg 50w\" data-sizes=\"auto\"><\/a><\/figure>\n\n\n\n<figure class=\"wp-block-image size-full is-resized\"><a href=\"https:\/\/sites.ac-nancy-metz.fr\/dsden55\/wp-content\/uploads\/2025\/10\/Maths-a-partir-de-4-ans.pdf\"><noscript><img loading=\"lazy\" decoding=\"async\" width=\"420\" height=\"588\" data-id=\"7091\" data-skip-lazy src=\"https:\/\/sites.ac-nancy-metz.fr\/dsden55\/wp-content\/uploads\/2025\/06\/Capture-decran-Maths-a-partir-de-4-ans.gif\" alt=\"\" class=\"wp-image-7091\" style=\"width:224px;height:auto\"\/><\/noscript><img loading=\"eager\" decoding=\"async\" width=\"420\" height=\"588\" data-id=\"7091\" src=\"data:image\/svg+xml;base64,PHN2ZyB3aWR0aD0iNDIwIiBoZWlnaHQ9IjU4OCIgdmlld0JveD0iMCAwIDQyMCA1ODgiIGZpbGw9Im5vbmUiIHhtbG5zPSJodHRwOi8vd3d3LnczLm9yZy8yMDAwL3N2ZyI+PC9zdmc+\" alt class=\"wp-image-7091 vp-lazyload\" style=\"width:224px;height:auto\" data-src=\"https:\/\/sites.ac-nancy-metz.fr\/dsden55\/wp-content\/uploads\/2025\/06\/Capture-decran-Maths-a-partir-de-4-ans.gif\" data-sizes=\"auto\"><\/a><\/figure>\n<\/figure>\n<\/div>\n\n\n\n<div class=\"wp-block-column is-layout-flow wp-block-column-is-layout-flow\">\n<figure class=\"wp-block-image size-large is-resized\"><a href=\"https:\/\/sites.ac-nancy-metz.fr\/dsden55\/wp-content\/uploads\/2025\/11\/Livret-daccompagnement-Maths-a-partir-de-5-ans.pdf\" target=\"_blank\" rel=\" noreferrer noopener\"><noscript><img loading=\"lazy\" decoding=\"async\" width=\"419\" height=\"590\" data-skip-lazy src=\"https:\/\/sites.ac-nancy-metz.fr\/dsden55\/wp-content\/uploads\/2025\/11\/Livret-maths-a-partir-de-5-ans-.gif\" alt=\"\" class=\"wp-image-7186\" style=\"aspect-ratio:0.7101951847815318;width:199px;height:auto\"\/><\/noscript><img loading=\"eager\" decoding=\"async\" width=\"419\" height=\"590\" src=\"data:image\/svg+xml;base64,PHN2ZyB3aWR0aD0iNDE5IiBoZWlnaHQ9IjU5MCIgdmlld0JveD0iMCAwIDQxOSA1OTAiIGZpbGw9Im5vbmUiIHhtbG5zPSJodHRwOi8vd3d3LnczLm9yZy8yMDAwL3N2ZyI+PC9zdmc+\" alt class=\"wp-image-7186 vp-lazyload\" style=\"aspect-ratio:0.7101951847815318;width:199px;height:auto\" data-src=\"https:\/\/sites.ac-nancy-metz.fr\/dsden55\/wp-content\/uploads\/2025\/11\/Livret-maths-a-partir-de-5-ans-.gif\" data-sizes=\"auto\"><\/a><\/figure>\n<\/div>\n<\/div>\n<\/div><\/div>\n\n\n\n<p class=\"has-black-color has-text-color has-link-color wp-elements-303004893c0b54deed5bb88f2f68972b\" style=\"font-size:25px\"><strong>D\u00e9veloppement et structuration du langage oral et \u00e9crit<\/strong><\/p>\n\n\n\n<figure class=\"wp-block-gallery has-nested-images columns-3 is-cropped wp-block-gallery-3 is-layout-flex wp-block-gallery-is-layout-flex\">\n<figure class=\"wp-block-image size-large is-resized\"><a href=\"https:\/\/sites.ac-nancy-metz.fr\/dsden55\/wp-content\/uploads\/2025\/06\/2025_livretaccompagnement_francais_avant4ans_v2.pdf\" target=\"_blank\" rel=\" noreferrer noopener\"><noscript><img loading=\"lazy\" decoding=\"async\" width=\"426\" height=\"597\" data-id=\"6751\" data-skip-lazy src=\"https:\/\/sites.ac-nancy-metz.fr\/dsden55\/wp-content\/uploads\/2025\/06\/livret-c1-langage-avant-4-ans.jpg\" alt=\"\" class=\"wp-image-6751\" style=\"aspect-ratio:2\/3;width:218px;height:auto\" srcset=\"https:\/\/sites.ac-nancy-metz.fr\/dsden55\/wp-content\/uploads\/2025\/06\/livret-c1-langage-avant-4-ans.jpg 426w, https:\/\/sites.ac-nancy-metz.fr\/dsden55\/wp-content\/uploads\/2025\/06\/livret-c1-langage-avant-4-ans-214x300.jpg 214w, https:\/\/sites.ac-nancy-metz.fr\/dsden55\/wp-content\/uploads\/2025\/06\/livret-c1-langage-avant-4-ans-50x70.jpg 50w\" sizes=\"auto, (max-width: 426px) 100vw, 426px\" \/><\/noscript><img loading=\"eager\" decoding=\"async\" width=\"426\" height=\"597\" data-id=\"6751\" src=\"https:\/\/sites.ac-nancy-metz.fr\/dsden55\/wp-content\/uploads\/2025\/06\/livret-c1-langage-avant-4-ans.jpg\" alt class=\"wp-image-6751 vp-lazyload\" style=\"aspect-ratio:2\/3;width:218px;height:auto\" srcset=\"data:image\/svg+xml;base64,PHN2ZyB3aWR0aD0iNDI2IiBoZWlnaHQ9IjU5NyIgdmlld0JveD0iMCAwIDQyNiA1OTciIGZpbGw9Im5vbmUiIHhtbG5zPSJodHRwOi8vd3d3LnczLm9yZy8yMDAwL3N2ZyI+PC9zdmc+\" data-src=\"https:\/\/sites.ac-nancy-metz.fr\/dsden55\/wp-content\/uploads\/2025\/06\/livret-c1-langage-avant-4-ans.jpg\" data-srcset=\"https:\/\/sites.ac-nancy-metz.fr\/dsden55\/wp-content\/uploads\/2025\/06\/livret-c1-langage-avant-4-ans.jpg 426w, https:\/\/sites.ac-nancy-metz.fr\/dsden55\/wp-content\/uploads\/2025\/06\/livret-c1-langage-avant-4-ans-214x300.jpg 214w, https:\/\/sites.ac-nancy-metz.fr\/dsden55\/wp-content\/uploads\/2025\/06\/livret-c1-langage-avant-4-ans-50x70.jpg 50w\" data-sizes=\"auto\"><\/a><\/figure>\n\n\n\n<figure class=\"wp-block-image size-large is-style-default wp-duotone-unset-2\"><a href=\"https:\/\/sites.ac-nancy-metz.fr\/dsden55\/wp-content\/uploads\/2025\/11\/Livret-daccompagnement-Langage-a-partir-de-4-ans.pdf\" target=\"_blank\" rel=\" noreferrer noopener\"><noscript><img loading=\"lazy\" decoding=\"async\" width=\"394\" height=\"556\" data-id=\"7198\" data-skip-lazy src=\"https:\/\/sites.ac-nancy-metz.fr\/dsden55\/wp-content\/uploads\/2025\/11\/Livret-langage-a-partir-de-4-ans-.gif\" alt=\"\" class=\"wp-image-7198\" style=\"aspect-ratio:2\/3\"\/><\/noscript><img loading=\"eager\" decoding=\"async\" width=\"394\" height=\"556\" data-id=\"7198\" src=\"data:image\/svg+xml;base64,PHN2ZyB3aWR0aD0iMzk0IiBoZWlnaHQ9IjU1NiIgdmlld0JveD0iMCAwIDM5NCA1NTYiIGZpbGw9Im5vbmUiIHhtbG5zPSJodHRwOi8vd3d3LnczLm9yZy8yMDAwL3N2ZyI+PC9zdmc+\" alt class=\"wp-image-7198 vp-lazyload\" style=\"aspect-ratio:2\/3\" data-src=\"https:\/\/sites.ac-nancy-metz.fr\/dsden55\/wp-content\/uploads\/2025\/11\/Livret-langage-a-partir-de-4-ans-.gif\" data-sizes=\"auto\"><\/a><\/figure>\n\n\n\n<figure class=\"wp-block-image size-full is-style-default\"><a href=\"https:\/\/sites.ac-nancy-metz.fr\/dsden55\/wp-content\/uploads\/2025\/12\/Livret-daccompagnement-Langage-a-partir-de-5-ans.pdf\" target=\"_blank\" rel=\" noreferrer noopener\"><noscript><img loading=\"lazy\" decoding=\"async\" width=\"301\" height=\"406\" data-id=\"7252\" data-skip-lazy src=\"https:\/\/sites.ac-nancy-metz.fr\/dsden55\/wp-content\/uploads\/2025\/12\/Livret-langage-a-partir-de-5-ans-.gif\" alt=\"\" class=\"wp-image-7252\" style=\"aspect-ratio:2\/3\"\/><\/noscript><img loading=\"eager\" decoding=\"async\" width=\"301\" height=\"406\" data-id=\"7252\" src=\"data:image\/svg+xml;base64,PHN2ZyB3aWR0aD0iMzAxIiBoZWlnaHQ9IjQwNiIgdmlld0JveD0iMCAwIDMwMSA0MDYiIGZpbGw9Im5vbmUiIHhtbG5zPSJodHRwOi8vd3d3LnczLm9yZy8yMDAwL3N2ZyI+PC9zdmc+\" alt class=\"wp-image-7252 vp-lazyload\" style=\"aspect-ratio:2\/3\" data-src=\"https:\/\/sites.ac-nancy-metz.fr\/dsden55\/wp-content\/uploads\/2025\/12\/Livret-langage-a-partir-de-5-ans-.gif\" data-sizes=\"auto\"><\/a><\/figure>\n<\/figure>\n\n\n\n<h2 class=\"wp-block-heading\">EVAR &#8211; Education \u00e0 la vie affective et relationnelle<\/h2>\n\n\n\n<figure class=\"wp-block-image size-large is-resized\"><noscript><img loading=\"lazy\" decoding=\"async\" width=\"419\" height=\"586\" data-skip-lazy src=\"https:\/\/sites.ac-nancy-metz.fr\/dsden55\/wp-content\/uploads\/2025\/06\/Capture-decran-EVAR-avant-4-ans-1.png\" alt=\"\" class=\"wp-image-6930\" style=\"width:232px;height:auto\" srcset=\"https:\/\/sites.ac-nancy-metz.fr\/dsden55\/wp-content\/uploads\/2025\/06\/Capture-decran-EVAR-avant-4-ans-1.png 419w, https:\/\/sites.ac-nancy-metz.fr\/dsden55\/wp-content\/uploads\/2025\/06\/Capture-decran-EVAR-avant-4-ans-1-215x300.png 215w, https:\/\/sites.ac-nancy-metz.fr\/dsden55\/wp-content\/uploads\/2025\/06\/Capture-decran-EVAR-avant-4-ans-1-50x70.png 50w\" sizes=\"auto, (max-width: 419px) 100vw, 419px\" \/><\/noscript><img loading=\"eager\" decoding=\"async\" width=\"419\" height=\"586\" src=\"https:\/\/sites.ac-nancy-metz.fr\/dsden55\/wp-content\/uploads\/2025\/06\/Capture-decran-EVAR-avant-4-ans-1.png\" alt class=\"wp-image-6930 vp-lazyload\" style=\"width:232px;height:auto\" srcset=\"data:image\/svg+xml;base64,PHN2ZyB3aWR0aD0iNDE5IiBoZWlnaHQ9IjU4NiIgdmlld0JveD0iMCAwIDQxOSA1ODYiIGZpbGw9Im5vbmUiIHhtbG5zPSJodHRwOi8vd3d3LnczLm9yZy8yMDAwL3N2ZyI+PC9zdmc+\" data-src=\"https:\/\/sites.ac-nancy-metz.fr\/dsden55\/wp-content\/uploads\/2025\/06\/Capture-decran-EVAR-avant-4-ans-1.png\" data-srcset=\"https:\/\/sites.ac-nancy-metz.fr\/dsden55\/wp-content\/uploads\/2025\/06\/Capture-decran-EVAR-avant-4-ans-1.png 419w, https:\/\/sites.ac-nancy-metz.fr\/dsden55\/wp-content\/uploads\/2025\/06\/Capture-decran-EVAR-avant-4-ans-1-215x300.png 215w, https:\/\/sites.ac-nancy-metz.fr\/dsden55\/wp-content\/uploads\/2025\/06\/Capture-decran-EVAR-avant-4-ans-1-50x70.png 50w\" data-sizes=\"auto\"><\/figure>\n\n\n\n<h2 class=\"wp-block-heading\"><\/h2>\n","protected":false},"excerpt":{"rendered":"<div class=\"mh-excerpt\"><p>Acquisition des premiers outils math\u00e9matiques D\u00e9veloppement et structuration du langage oral et \u00e9crit EVAR &#8211; Education \u00e0 la vie affective et relationnelle<\/p>\n<\/div>","protected":false},"author":10,"featured_media":5410,"comment_status":"closed","ping_status":"closed","sticky":false,"template":"","format":"standard","meta":{"_acf_changed":false,"_vp_format_video_url":"","_vp_image_focal_point":{"x":0.5,"y":0.5},"_jetpack_memberships_contains_paid_content":false,"footnotes":""},"categories":[1],"tags":[233],"class_list":["post-6764","post","type-post","status-publish","format-standard","has-post-thumbnail","hentry","category-accueil","tag-cycle-1"],"acf":[],"jetpack_featured_media_url":"https:\/\/sites.ac-nancy-metz.fr\/dsden55\/wp-content\/uploads\/2024\/12\/Image-scolarisation-des-tout-petits-1.png","jetpack_sharing_enabled":true,"_links":{"self":[{"href":"https:\/\/sites.ac-nancy-metz.fr\/dsden55\/index.php?rest_route=\/wp\/v2\/posts\/6764","targetHints":{"allow":["GET"]}}],"collection":[{"href":"https:\/\/sites.ac-nancy-metz.fr\/dsden55\/index.php?rest_route=\/wp\/v2\/posts"}],"about":[{"href":"https:\/\/sites.ac-nancy-metz.fr\/dsden55\/index.php?rest_route=\/wp\/v2\/types\/post"}],"author":[{"embeddable":true,"href":"https:\/\/sites.ac-nancy-metz.fr\/dsden55\/index.php?rest_route=\/wp\/v2\/users\/10"}],"replies":[{"embeddable":true,"href":"https:\/\/sites.ac-nancy-metz.fr\/dsden55\/index.php?rest_route=%2Fwp%2Fv2%2Fcomments&post=6764"}],"version-history":[{"count":16,"href":"https:\/\/sites.ac-nancy-metz.fr\/dsden55\/index.php?rest_route=\/wp\/v2\/posts\/6764\/revisions"}],"predecessor-version":[{"id":7260,"href":"https:\/\/sites.ac-nancy-metz.fr\/dsden55\/index.php?rest_route=\/wp\/v2\/posts\/6764\/revisions\/7260"}],"wp:featuredmedia":[{"embeddable":true,"href":"https:\/\/sites.ac-nancy-metz.fr\/dsden55\/index.php?rest_route=\/wp\/v2\/media\/5410"}],"wp:attachment":[{"href":"https:\/\/sites.ac-nancy-metz.fr\/dsden55\/index.php?rest_route=%2Fwp%2Fv2%2Fmedia&parent=6764"}],"wp:term":[{"taxonomy":"category","embeddable":true,"href":"https:\/\/sites.ac-nancy-metz.fr\/dsden55\/index.php?rest_route=%2Fwp%2Fv2%2Fcategories&post=6764"},{"taxonomy":"post_tag","embeddable":true,"href":"https:\/\/sites.ac-nancy-metz.fr\/dsden55\/index.php?rest_route=%2Fwp%2Fv2%2Ftags&post=6764"}],"curies":[{"name":"wp","href":"https:\/\/api.w.org\/{rel}","templated":true}]}}