{"id":736,"date":"2022-03-04T15:36:28","date_gmt":"2022-03-04T14:36:28","guid":{"rendered":"https:\/\/sites.ac-nancy-metz.fr\/dsden55\/?p=736"},"modified":"2022-03-17T18:48:55","modified_gmt":"2022-03-17T17:48:55","slug":"centenaire-verdun-29-mai-2016-les-ceremonies-officielles","status":"publish","type":"post","link":"https:\/\/sites.ac-nancy-metz.fr\/dsden55\/?p=736","title":{"rendered":"Centenaire Verdun\u00a0: 29 mai 2016 les c\u00e9r\u00e9monies officielles&#8230;"},"content":{"rendered":"\n<p>Dans le cadre des manifestations de comm\u00e9moration officielles du centenaire de la bataille de Verdun le 29 mai 2016, les \u00e9l\u00e8ves de l\u2019\u00e9cole Poincar\u00e9 Galland ont accueilli la chanceli\u00e8re allemande Angela MERKEL et le pr\u00e9sident de la r\u00e9publique fran\u00e7aise Fran\u00e7ois HOLLANDE \u00e0 la mairie de Verdun. Ils les ont ensuite accompagn\u00e9 au d\u00e9p\u00f4t de gerbe au monument aux morts de Verdun.<\/p>\n\n\n\n<div style=\"position:relative;padding-bottom:56.25%;height:0;overflow:hidden;\"> <iframe loading=\"lazy\" style=\"width:100%;height:100%;position:absolute;left:0px;top:0px;overflow:hidden\" frameborder=\"0\" type=\"text\/html\" src=\"https:\/\/www.dailymotion.com\/embed\/video\/x4j9nfk\" width=\"100%\" height=\"100%\" allowfullscreen > <\/iframe> <\/div>\n","protected":false},"excerpt":{"rendered":"<div class=\"mh-excerpt\"><p>Dans le cadre des manifestations de comm\u00e9moration officielles du centenaire de la bataille de Verdun le 29 mai 2016, les \u00e9l\u00e8ves de l\u2019\u00e9cole Poincar\u00e9 Galland <a class=\"mh-excerpt-more\" href=\"https:\/\/sites.ac-nancy-metz.fr\/dsden55\/?p=736\" title=\"Centenaire Verdun\u00a0: 29 mai 2016 les c\u00e9r\u00e9monies officielles&#8230;\">[&#8230;]<\/a><\/p>\n<\/div>","protected":false},"author":1,"featured_media":0,"comment_status":"closed","ping_status":"closed","sticky":false,"template":"","format":"standard","meta":{"_acf_changed":false,"_vp_format_video_url":"","_vp_image_focal_point":[],"_jetpack_memberships_contains_paid_content":false,"footnotes":""},"categories":[75,74],"tags":[],"class_list":["post-736","post","type-post","status-publish","format-standard","hentry","category-centenaire-de-la-bataille-de-verdun","category-histoire-geo-emc"],"acf":[],"jetpack_featured_media_url":"","jetpack_sharing_enabled":true,"_links":{"self":[{"href":"https:\/\/sites.ac-nancy-metz.fr\/dsden55\/index.php?rest_route=\/wp\/v2\/posts\/736","targetHints":{"allow":["GET"]}}],"collection":[{"href":"https:\/\/sites.ac-nancy-metz.fr\/dsden55\/index.php?rest_route=\/wp\/v2\/posts"}],"about":[{"href":"https:\/\/sites.ac-nancy-metz.fr\/dsden55\/index.php?rest_route=\/wp\/v2\/types\/post"}],"author":[{"embeddable":true,"href":"https:\/\/sites.ac-nancy-metz.fr\/dsden55\/index.php?rest_route=\/wp\/v2\/users\/1"}],"replies":[{"embeddable":true,"href":"https:\/\/sites.ac-nancy-metz.fr\/dsden55\/index.php?rest_route=%2Fwp%2Fv2%2Fcomments&post=736"}],"version-history":[{"count":4,"href":"https:\/\/sites.ac-nancy-metz.fr\/dsden55\/index.php?rest_route=\/wp\/v2\/posts\/736\/revisions"}],"predecessor-version":[{"id":1479,"href":"https:\/\/sites.ac-nancy-metz.fr\/dsden55\/index.php?rest_route=\/wp\/v2\/posts\/736\/revisions\/1479"}],"wp:attachment":[{"href":"https:\/\/sites.ac-nancy-metz.fr\/dsden55\/index.php?rest_route=%2Fwp%2Fv2%2Fmedia&parent=736"}],"wp:term":[{"taxonomy":"category","embeddable":true,"href":"https:\/\/sites.ac-nancy-metz.fr\/dsden55\/index.php?rest_route=%2Fwp%2Fv2%2Fcategories&post=736"},{"taxonomy":"post_tag","embeddable":true,"href":"https:\/\/sites.ac-nancy-metz.fr\/dsden55\/index.php?rest_route=%2Fwp%2Fv2%2Ftags&post=736"}],"curies":[{"name":"wp","href":"https:\/\/api.w.org\/{rel}","templated":true}]}}