{"id":742,"date":"2022-03-04T16:29:17","date_gmt":"2022-03-04T15:29:17","guid":{"rendered":"https:\/\/sites.ac-nancy-metz.fr\/dsden55\/?p=742"},"modified":"2022-03-04T16:55:45","modified_gmt":"2022-03-04T15:55:45","slug":"projet-decriture-centenaire-2016","status":"publish","type":"post","link":"https:\/\/sites.ac-nancy-metz.fr\/dsden55\/?p=742","title":{"rendered":"Projet d&rsquo;\u00e9criture centenaire 2016"},"content":{"rendered":"\n<div class=\"wp-block-columns is-layout-flex wp-container-core-columns-is-layout-9d6595d7 wp-block-columns-is-layout-flex\">\n<div class=\"wp-block-column is-layout-flow wp-block-column-is-layout-flow\" style=\"flex-basis:66.66%\">\n<p>Durant l\u2019ann\u00e9e scolaire 2015-2016, des \u00e9l\u00e8ves des circonscriptions de Verdun et Commercy ont travaill\u00e9 dans le cadre du Centenaire de la Bataille de Verdun. Les productions ont \u00e9t\u00e9 publi\u00e9es dans un ouvrage dont vous pouvez consulter quelques pages ci-dessous.<\/p>\n<\/div>\n<\/div>\n\n\n\n<div data-wp-interactive=\"core\/file\" class=\"wp-block-file\"><object data-wp-bind--hidden=\"!state.hasPdfPreview\" hidden class=\"wp-block-file__embed\" data=\"https:\/\/sites.ac-nancy-metz.fr\/dsden55\/wp-content\/uploads\/2022\/03\/livre_centenaire-2.pdf\" type=\"application\/pdf\" style=\"width:100%;height:600px\" aria-label=\"Contenu embarqu\u00e9 Contenu embarqu\u00e9 livre_centenaire-2..\"><\/object><a id=\"wp-block-file--media-28634a9f-78e2-4fef-b224-c109311965af\" href=\"https:\/\/sites.ac-nancy-metz.fr\/dsden55\/wp-content\/uploads\/2022\/03\/livre_centenaire-2.pdf\">livre_centenaire-2<\/a><a href=\"https:\/\/sites.ac-nancy-metz.fr\/dsden55\/wp-content\/uploads\/2022\/03\/livre_centenaire-2.pdf\" class=\"wp-block-file__button\" download aria-describedby=\"wp-block-file--media-28634a9f-78e2-4fef-b224-c109311965af\">T\u00e9l\u00e9charger<\/a><\/div>\n","protected":false},"excerpt":{"rendered":"<div class=\"mh-excerpt\"><p>Durant l\u2019ann\u00e9e scolaire 2015-2016, des \u00e9l\u00e8ves des circonscriptions de Verdun et Commercy ont travaill\u00e9 dans le cadre du Centenaire de la Bataille de Verdun. Les <a class=\"mh-excerpt-more\" href=\"https:\/\/sites.ac-nancy-metz.fr\/dsden55\/?p=742\" title=\"Projet d&rsquo;\u00e9criture centenaire 2016\">[&#8230;]<\/a><\/p>\n<\/div>","protected":false},"author":1,"featured_media":0,"comment_status":"closed","ping_status":"closed","sticky":false,"template":"","format":"standard","meta":{"_acf_changed":false,"_vp_format_video_url":"","_vp_image_focal_point":[],"_jetpack_memberships_contains_paid_content":false,"footnotes":""},"categories":[75,74],"tags":[],"class_list":["post-742","post","type-post","status-publish","format-standard","hentry","category-centenaire-de-la-bataille-de-verdun","category-histoire-geo-emc"],"acf":[],"jetpack_featured_media_url":"","jetpack_sharing_enabled":true,"_links":{"self":[{"href":"https:\/\/sites.ac-nancy-metz.fr\/dsden55\/index.php?rest_route=\/wp\/v2\/posts\/742","targetHints":{"allow":["GET"]}}],"collection":[{"href":"https:\/\/sites.ac-nancy-metz.fr\/dsden55\/index.php?rest_route=\/wp\/v2\/posts"}],"about":[{"href":"https:\/\/sites.ac-nancy-metz.fr\/dsden55\/index.php?rest_route=\/wp\/v2\/types\/post"}],"author":[{"embeddable":true,"href":"https:\/\/sites.ac-nancy-metz.fr\/dsden55\/index.php?rest_route=\/wp\/v2\/users\/1"}],"replies":[{"embeddable":true,"href":"https:\/\/sites.ac-nancy-metz.fr\/dsden55\/index.php?rest_route=%2Fwp%2Fv2%2Fcomments&post=742"}],"version-history":[{"count":3,"href":"https:\/\/sites.ac-nancy-metz.fr\/dsden55\/index.php?rest_route=\/wp\/v2\/posts\/742\/revisions"}],"predecessor-version":[{"id":755,"href":"https:\/\/sites.ac-nancy-metz.fr\/dsden55\/index.php?rest_route=\/wp\/v2\/posts\/742\/revisions\/755"}],"wp:attachment":[{"href":"https:\/\/sites.ac-nancy-metz.fr\/dsden55\/index.php?rest_route=%2Fwp%2Fv2%2Fmedia&parent=742"}],"wp:term":[{"taxonomy":"category","embeddable":true,"href":"https:\/\/sites.ac-nancy-metz.fr\/dsden55\/index.php?rest_route=%2Fwp%2Fv2%2Fcategories&post=742"},{"taxonomy":"post_tag","embeddable":true,"href":"https:\/\/sites.ac-nancy-metz.fr\/dsden55\/index.php?rest_route=%2Fwp%2Fv2%2Ftags&post=742"}],"curies":[{"name":"wp","href":"https:\/\/api.w.org\/{rel}","templated":true}]}}