{"id":751,"date":"2022-03-04T16:53:49","date_gmt":"2022-03-04T15:53:49","guid":{"rendered":"https:\/\/sites.ac-nancy-metz.fr\/dsden55\/?p=751"},"modified":"2022-03-04T16:55:29","modified_gmt":"2022-03-04T15:55:29","slug":"flashmob-unss-55","status":"publish","type":"post","link":"https:\/\/sites.ac-nancy-metz.fr\/dsden55\/?p=751","title":{"rendered":"Flashmob UNSS 55"},"content":{"rendered":"\n<p>Une \u00ab\u00a0flashmob\u00a0\u00bb a \u00e9t\u00e9 organis\u00e9e par l\u2019UNSS-55 dans le cadre des manifestations organis\u00e9 pour le centenaire de la bataille de Verdun. 2000 jeunes fran\u00e7ais et allemands se sont retrouv\u00e9s le 26 mai au village d\u2019accueil au Pr\u00e9 L\u2019Ev\u00eaque \u00e0 Verdun pour participer \u00e0 des ateliers et pr\u00e9parer une \u00ab\u00a0flashmob\u00a0\u00bb. C\u2019est en fin d\u2019apr\u00e8s midi que les \u00e9l\u00e8ves se sont retrouv\u00e9 pour pr\u00e9senter cette animation.<\/p>\n\n\n\n<iframe loading=\"lazy\" width=\"560\" height=\"315\" sandbox=\"allow-same-origin allow-scripts allow-popups\" src=\"https:\/\/videos.ac-nancy-metz.fr\/videos\/embed\/287dbb3e-e25e-4a36-87b5-385afbf9a07a\" frameborder=\"0\" allowfullscreen><\/iframe>\n","protected":false},"excerpt":{"rendered":"<div class=\"mh-excerpt\"><p>Une \u00ab\u00a0flashmob\u00a0\u00bb a \u00e9t\u00e9 organis\u00e9e par l\u2019UNSS-55 dans le cadre des manifestations organis\u00e9 pour le centenaire de la bataille de Verdun. 2000 jeunes fran\u00e7ais et <a class=\"mh-excerpt-more\" href=\"https:\/\/sites.ac-nancy-metz.fr\/dsden55\/?p=751\" title=\"Flashmob UNSS 55\">[&#8230;]<\/a><\/p>\n<\/div>","protected":false},"author":1,"featured_media":0,"comment_status":"closed","ping_status":"closed","sticky":false,"template":"","format":"standard","meta":{"_acf_changed":false,"_vp_format_video_url":"","_vp_image_focal_point":[],"_jetpack_memberships_contains_paid_content":false,"footnotes":""},"categories":[75,74],"tags":[],"class_list":["post-751","post","type-post","status-publish","format-standard","hentry","category-centenaire-de-la-bataille-de-verdun","category-histoire-geo-emc"],"acf":[],"jetpack_featured_media_url":"","jetpack_sharing_enabled":true,"_links":{"self":[{"href":"https:\/\/sites.ac-nancy-metz.fr\/dsden55\/index.php?rest_route=\/wp\/v2\/posts\/751","targetHints":{"allow":["GET"]}}],"collection":[{"href":"https:\/\/sites.ac-nancy-metz.fr\/dsden55\/index.php?rest_route=\/wp\/v2\/posts"}],"about":[{"href":"https:\/\/sites.ac-nancy-metz.fr\/dsden55\/index.php?rest_route=\/wp\/v2\/types\/post"}],"author":[{"embeddable":true,"href":"https:\/\/sites.ac-nancy-metz.fr\/dsden55\/index.php?rest_route=\/wp\/v2\/users\/1"}],"replies":[{"embeddable":true,"href":"https:\/\/sites.ac-nancy-metz.fr\/dsden55\/index.php?rest_route=%2Fwp%2Fv2%2Fcomments&post=751"}],"version-history":[{"count":2,"href":"https:\/\/sites.ac-nancy-metz.fr\/dsden55\/index.php?rest_route=\/wp\/v2\/posts\/751\/revisions"}],"predecessor-version":[{"id":754,"href":"https:\/\/sites.ac-nancy-metz.fr\/dsden55\/index.php?rest_route=\/wp\/v2\/posts\/751\/revisions\/754"}],"wp:attachment":[{"href":"https:\/\/sites.ac-nancy-metz.fr\/dsden55\/index.php?rest_route=%2Fwp%2Fv2%2Fmedia&parent=751"}],"wp:term":[{"taxonomy":"category","embeddable":true,"href":"https:\/\/sites.ac-nancy-metz.fr\/dsden55\/index.php?rest_route=%2Fwp%2Fv2%2Fcategories&post=751"},{"taxonomy":"post_tag","embeddable":true,"href":"https:\/\/sites.ac-nancy-metz.fr\/dsden55\/index.php?rest_route=%2Fwp%2Fv2%2Ftags&post=751"}],"curies":[{"name":"wp","href":"https:\/\/api.w.org\/{rel}","templated":true}]}}