{"id":757,"date":"2022-03-04T16:58:37","date_gmt":"2022-03-04T15:58:37","guid":{"rendered":"https:\/\/sites.ac-nancy-metz.fr\/dsden55\/?p=757"},"modified":"2022-03-04T17:04:22","modified_gmt":"2022-03-04T16:04:22","slug":"centenaire-de-verdun-louis-nous-raconte","status":"publish","type":"post","link":"https:\/\/sites.ac-nancy-metz.fr\/dsden55\/?p=757","title":{"rendered":"Centenaire de Verdun\u00a0: \u00ab\u00a0Louis nous raconte\u00a0\u00bb"},"content":{"rendered":"\n<p>Vous trouverez ci-dessous le livre \u00ab\u00a0Louis nous raconte\u00a0\u00bb r\u00e9alis\u00e9 par les \u00e9l\u00e8ves de la classe de Madame GERVASONI \u00e0 Fresnes en Wo\u00ebvre dans le cadre des comm\u00e9morations du centenaire de la bataille de Verdun.<\/p>\n\n\n\n<div data-wp-interactive=\"core\/file\" class=\"wp-block-file\"><object data-wp-bind--hidden=\"!state.hasPdfPreview\" hidden class=\"wp-block-file__embed\" data=\"https:\/\/sites.ac-nancy-metz.fr\/dsden55\/wp-content\/uploads\/2022\/03\/louis_nous_raconte.pdf\" type=\"application\/pdf\" style=\"width:100%;height:600px\" aria-label=\"Contenu embarqu\u00e9 Contenu embarqu\u00e9 louis_nous_raconte..\"><\/object><a id=\"wp-block-file--media-f2a2fce7-f5e4-4a8c-8f05-65fd240c6307\" href=\"https:\/\/sites.ac-nancy-metz.fr\/dsden55\/wp-content\/uploads\/2022\/03\/louis_nous_raconte.pdf\">louis_nous_raconte<\/a><a href=\"https:\/\/sites.ac-nancy-metz.fr\/dsden55\/wp-content\/uploads\/2022\/03\/louis_nous_raconte.pdf\" class=\"wp-block-file__button\" download aria-describedby=\"wp-block-file--media-f2a2fce7-f5e4-4a8c-8f05-65fd240c6307\">T\u00e9l\u00e9charger<\/a><\/div>\n","protected":false},"excerpt":{"rendered":"<div class=\"mh-excerpt\"><p>Vous trouverez ci-dessous le livre \u00ab\u00a0Louis nous raconte\u00a0\u00bb r\u00e9alis\u00e9 par les \u00e9l\u00e8ves de la classe de Madame GERVASONI \u00e0 Fresnes en Wo\u00ebvre dans le cadre <a class=\"mh-excerpt-more\" href=\"https:\/\/sites.ac-nancy-metz.fr\/dsden55\/?p=757\" title=\"Centenaire de Verdun\u00a0: \u00ab\u00a0Louis nous raconte\u00a0\u00bb\">[&#8230;]<\/a><\/p>\n<\/div>","protected":false},"author":1,"featured_media":0,"comment_status":"closed","ping_status":"closed","sticky":false,"template":"","format":"standard","meta":{"_acf_changed":false,"_vp_format_video_url":"","_vp_image_focal_point":[],"_jetpack_memberships_contains_paid_content":false,"footnotes":""},"categories":[75,74],"tags":[],"class_list":["post-757","post","type-post","status-publish","format-standard","hentry","category-centenaire-de-la-bataille-de-verdun","category-histoire-geo-emc"],"acf":[],"jetpack_featured_media_url":"","jetpack_sharing_enabled":true,"_links":{"self":[{"href":"https:\/\/sites.ac-nancy-metz.fr\/dsden55\/index.php?rest_route=\/wp\/v2\/posts\/757","targetHints":{"allow":["GET"]}}],"collection":[{"href":"https:\/\/sites.ac-nancy-metz.fr\/dsden55\/index.php?rest_route=\/wp\/v2\/posts"}],"about":[{"href":"https:\/\/sites.ac-nancy-metz.fr\/dsden55\/index.php?rest_route=\/wp\/v2\/types\/post"}],"author":[{"embeddable":true,"href":"https:\/\/sites.ac-nancy-metz.fr\/dsden55\/index.php?rest_route=\/wp\/v2\/users\/1"}],"replies":[{"embeddable":true,"href":"https:\/\/sites.ac-nancy-metz.fr\/dsden55\/index.php?rest_route=%2Fwp%2Fv2%2Fcomments&post=757"}],"version-history":[{"count":2,"href":"https:\/\/sites.ac-nancy-metz.fr\/dsden55\/index.php?rest_route=\/wp\/v2\/posts\/757\/revisions"}],"predecessor-version":[{"id":761,"href":"https:\/\/sites.ac-nancy-metz.fr\/dsden55\/index.php?rest_route=\/wp\/v2\/posts\/757\/revisions\/761"}],"wp:attachment":[{"href":"https:\/\/sites.ac-nancy-metz.fr\/dsden55\/index.php?rest_route=%2Fwp%2Fv2%2Fmedia&parent=757"}],"wp:term":[{"taxonomy":"category","embeddable":true,"href":"https:\/\/sites.ac-nancy-metz.fr\/dsden55\/index.php?rest_route=%2Fwp%2Fv2%2Fcategories&post=757"},{"taxonomy":"post_tag","embeddable":true,"href":"https:\/\/sites.ac-nancy-metz.fr\/dsden55\/index.php?rest_route=%2Fwp%2Fv2%2Ftags&post=757"}],"curies":[{"name":"wp","href":"https:\/\/api.w.org\/{rel}","templated":true}]}}