{"id":764,"date":"2022-03-04T17:07:26","date_gmt":"2022-03-04T16:07:26","guid":{"rendered":"https:\/\/sites.ac-nancy-metz.fr\/dsden55\/?p=764"},"modified":"2022-03-04T17:10:57","modified_gmt":"2022-03-04T16:10:57","slug":"lodyssee-de-verdun","status":"publish","type":"post","link":"https:\/\/sites.ac-nancy-metz.fr\/dsden55\/?p=764","title":{"rendered":"l\u2019odyss\u00e9e de Verdun"},"content":{"rendered":"\n<p>Dans le cadre du Centenaire de la bataille de Verdun, 150 \u00e9l\u00e8ves des \u00e9tablissements scolaires du r\u00e9seau d\u2019\u00e9ducation prioritaire de Verdun et du R\u00e9seau des \u00e9coles ont particip\u00e9 \u00e0 un rallye intitul\u00e9 \u00ab L\u2019Odyss\u00e9e de Verdun \u00bb.<br>A cette occasion, ils ont r\u00e9alis\u00e9 un livret d\u2019anecdote et d\u2019\u00e9nigmes qui accompagnait ce rallye. Vous pouvez le d\u00e9couvrir ci dessous :<\/p>\n\n\n\n<div style=\"text-align:center;\"><div style=\"margin:8px 0px 4px;\"><a href=\"https:\/\/www.calameo.com\/books\/0011734453a467d9c04f8\" target=\"_blank\" rel=\"noopener\">Livret : \u00ab\u00a0l&rsquo;odyss\u00e9e de Verdun\u00a0\u00bb<\/a><\/div><iframe loading=\"lazy\" src=\"\/\/v.calameo.com\/?bkcode=0011734453a467d9c04f8\" scrolling=\"no\" allowtransparency=\"\" allowfullscreen=\"\" style=\"margin:0 auto;\" width=\"1024\" height=\"768\" frameborder=\"0\"><\/iframe><div style=\"margin:4px 0px 8px;\"><a href=\"http:\/\/www.calameo.com\/\">Publish at Calameo<\/a><\/div><\/div>\n","protected":false},"excerpt":{"rendered":"<div class=\"mh-excerpt\"><p>Dans le cadre du Centenaire de la bataille de Verdun, 150 \u00e9l\u00e8ves des \u00e9tablissements scolaires du r\u00e9seau d\u2019\u00e9ducation prioritaire de Verdun et du R\u00e9seau des <a class=\"mh-excerpt-more\" href=\"https:\/\/sites.ac-nancy-metz.fr\/dsden55\/?p=764\" title=\"l\u2019odyss\u00e9e de Verdun\">[&#8230;]<\/a><\/p>\n<\/div>","protected":false},"author":1,"featured_media":0,"comment_status":"closed","ping_status":"closed","sticky":false,"template":"","format":"standard","meta":{"_acf_changed":false,"_vp_format_video_url":"","_vp_image_focal_point":[],"_jetpack_memberships_contains_paid_content":false,"footnotes":""},"categories":[75,74],"tags":[],"class_list":["post-764","post","type-post","status-publish","format-standard","hentry","category-centenaire-de-la-bataille-de-verdun","category-histoire-geo-emc"],"acf":[],"jetpack_featured_media_url":"","jetpack_sharing_enabled":true,"_links":{"self":[{"href":"https:\/\/sites.ac-nancy-metz.fr\/dsden55\/index.php?rest_route=\/wp\/v2\/posts\/764","targetHints":{"allow":["GET"]}}],"collection":[{"href":"https:\/\/sites.ac-nancy-metz.fr\/dsden55\/index.php?rest_route=\/wp\/v2\/posts"}],"about":[{"href":"https:\/\/sites.ac-nancy-metz.fr\/dsden55\/index.php?rest_route=\/wp\/v2\/types\/post"}],"author":[{"embeddable":true,"href":"https:\/\/sites.ac-nancy-metz.fr\/dsden55\/index.php?rest_route=\/wp\/v2\/users\/1"}],"replies":[{"embeddable":true,"href":"https:\/\/sites.ac-nancy-metz.fr\/dsden55\/index.php?rest_route=%2Fwp%2Fv2%2Fcomments&post=764"}],"version-history":[{"count":3,"href":"https:\/\/sites.ac-nancy-metz.fr\/dsden55\/index.php?rest_route=\/wp\/v2\/posts\/764\/revisions"}],"predecessor-version":[{"id":769,"href":"https:\/\/sites.ac-nancy-metz.fr\/dsden55\/index.php?rest_route=\/wp\/v2\/posts\/764\/revisions\/769"}],"wp:attachment":[{"href":"https:\/\/sites.ac-nancy-metz.fr\/dsden55\/index.php?rest_route=%2Fwp%2Fv2%2Fmedia&parent=764"}],"wp:term":[{"taxonomy":"category","embeddable":true,"href":"https:\/\/sites.ac-nancy-metz.fr\/dsden55\/index.php?rest_route=%2Fwp%2Fv2%2Fcategories&post=764"},{"taxonomy":"post_tag","embeddable":true,"href":"https:\/\/sites.ac-nancy-metz.fr\/dsden55\/index.php?rest_route=%2Fwp%2Fv2%2Ftags&post=764"}],"curies":[{"name":"wp","href":"https:\/\/api.w.org\/{rel}","templated":true}]}}