{"id":942,"date":"2022-03-06T10:37:00","date_gmt":"2022-03-06T09:37:00","guid":{"rendered":"https:\/\/sites.ac-nancy-metz.fr\/dsden55\/?p=942"},"modified":"2022-03-09T10:37:41","modified_gmt":"2022-03-09T09:37:41","slug":"restitution-printemps-des-poetes-2020-2021","status":"publish","type":"post","link":"https:\/\/sites.ac-nancy-metz.fr\/dsden55\/?p=942","title":{"rendered":"Restitution &#8211; Printemps des po\u00e8tes 2020-2021"},"content":{"rendered":"\n<p>Plusieurs \u00e9coles du d\u00e9partement se sont engag\u00e9es cette ann\u00e9e dans le projet le printemps des po\u00e8tes.<br>Vous trouverez ci-dessous les liens vous permettant d\u2019acc\u00e9der aux r\u00e9alisations artistiques et litt\u00e9raires des \u00e9l\u00e8ves&nbsp;:<\/p>\n\n\n\n<p>Lien vid\u00e9o 1&nbsp;: <a href=\"https:\/\/videos.ac-nancy-metz.fr\/videos\/watch\/620d3f3e-66af-425a-aa44-47b2732ae334\">https:\/\/videos.ac-nancy-metz.fr\/videos\/watch\/620d3f3e-66af-425a-aa44-47b2732ae334<\/a><\/p>\n\n\n\n<p>Lien vid\u00e9o 2&nbsp;: <a href=\"https:\/\/videos.ac-nancy-metz.fr\/videos\/watch\/8a0e09ca-b811-4d96-b151-0eb6ef69fdfc\">https:\/\/videos.ac-nancy-metz.fr\/videos\/watch\/8a0e09ca-b811-4d96-b151-0eb6ef69fdfc<\/a><\/p>\n\n\n\n<p>Bravo \u00e0 tous pour votre engagement et votre cr\u00e9ativit\u00e9&nbsp;!<\/p>\n","protected":false},"excerpt":{"rendered":"<div class=\"mh-excerpt\"><p>Plusieurs \u00e9coles du d\u00e9partement se sont engag\u00e9es cette ann\u00e9e dans le projet le printemps des po\u00e8tes.Vous trouverez ci-dessous les liens vous permettant d\u2019acc\u00e9der aux r\u00e9alisations <a class=\"mh-excerpt-more\" href=\"https:\/\/sites.ac-nancy-metz.fr\/dsden55\/?p=942\" title=\"Restitution &#8211; Printemps des po\u00e8tes 2020-2021\">[&#8230;]<\/a><\/p>\n<\/div>","protected":false},"author":1,"featured_media":944,"comment_status":"closed","ping_status":"closed","sticky":false,"template":"","format":"standard","meta":{"_acf_changed":false,"_vp_format_video_url":"","_vp_image_focal_point":[],"_jetpack_memberships_contains_paid_content":false,"footnotes":""},"categories":[12,79],"tags":[],"class_list":["post-942","post","type-post","status-publish","format-standard","has-post-thumbnail","hentry","category-francais","category-scenarios-outils-veille-pedagogique-francais"],"acf":[],"jetpack_featured_media_url":"https:\/\/sites.ac-nancy-metz.fr\/dsden55\/wp-content\/uploads\/2022\/03\/arton2753-cfab0.jpg","jetpack_sharing_enabled":true,"_links":{"self":[{"href":"https:\/\/sites.ac-nancy-metz.fr\/dsden55\/index.php?rest_route=\/wp\/v2\/posts\/942","targetHints":{"allow":["GET"]}}],"collection":[{"href":"https:\/\/sites.ac-nancy-metz.fr\/dsden55\/index.php?rest_route=\/wp\/v2\/posts"}],"about":[{"href":"https:\/\/sites.ac-nancy-metz.fr\/dsden55\/index.php?rest_route=\/wp\/v2\/types\/post"}],"author":[{"embeddable":true,"href":"https:\/\/sites.ac-nancy-metz.fr\/dsden55\/index.php?rest_route=\/wp\/v2\/users\/1"}],"replies":[{"embeddable":true,"href":"https:\/\/sites.ac-nancy-metz.fr\/dsden55\/index.php?rest_route=%2Fwp%2Fv2%2Fcomments&post=942"}],"version-history":[{"count":1,"href":"https:\/\/sites.ac-nancy-metz.fr\/dsden55\/index.php?rest_route=\/wp\/v2\/posts\/942\/revisions"}],"predecessor-version":[{"id":943,"href":"https:\/\/sites.ac-nancy-metz.fr\/dsden55\/index.php?rest_route=\/wp\/v2\/posts\/942\/revisions\/943"}],"wp:featuredmedia":[{"embeddable":true,"href":"https:\/\/sites.ac-nancy-metz.fr\/dsden55\/index.php?rest_route=\/wp\/v2\/media\/944"}],"wp:attachment":[{"href":"https:\/\/sites.ac-nancy-metz.fr\/dsden55\/index.php?rest_route=%2Fwp%2Fv2%2Fmedia&parent=942"}],"wp:term":[{"taxonomy":"category","embeddable":true,"href":"https:\/\/sites.ac-nancy-metz.fr\/dsden55\/index.php?rest_route=%2Fwp%2Fv2%2Fcategories&post=942"},{"taxonomy":"post_tag","embeddable":true,"href":"https:\/\/sites.ac-nancy-metz.fr\/dsden55\/index.php?rest_route=%2Fwp%2Fv2%2Ftags&post=942"}],"curies":[{"name":"wp","href":"https:\/\/api.w.org\/{rel}","templated":true}]}}