{"id":3538,"date":"2026-01-29T08:12:13","date_gmt":"2026-01-29T07:12:13","guid":{"rendered":"https:\/\/sites.ac-nancy-metz.fr\/education-musicale\/chant-choral\/?p=3538"},"modified":"2026-04-29T08:15:37","modified_gmt":"2026-04-29T06:15:37","slug":"programme-limitatif-pour-lenseignement-de-specialite-de-musique-en-classe-terminale-pour-lannee-scolaire-2026-2027","status":"publish","type":"post","link":"https:\/\/sites.ac-nancy-metz.fr\/education-musicale\/chant-choral\/programme-limitatif-pour-lenseignement-de-specialite-de-musique-en-classe-terminale-pour-lannee-scolaire-2026-2027\/","title":{"rendered":"Programme limitatif pour l&rsquo;enseignement de sp\u00e9cialit\u00e9 de musique en classe terminale pour l\u2019ann\u00e9e scolaire 2026-2027"},"content":{"rendered":"<p>En vue de l&rsquo;\u00e9preuve terminale du baccalaur\u00e9at, un programme national est publi\u00e9 au Bulletin officiel de l&rsquo;\u00e9ducation nationale. Il est renouvelable pour partie chaque ann\u00e9e. Il est enrichi de l&rsquo;\u00e9coute et de l&rsquo;\u00e9tude de nombreuses autres pi\u00e8ces, le choix de certaines d&rsquo;entre elles tirant parti des programmations pr\u00e9vues dans les structures de diffusion de l&rsquo;environnement proche. Alli\u00e9 aux comp\u00e9tences pratiques d\u00e9velopp\u00e9es tout au long du cycle terminal, cet ensemble permet aux candidats de satisfaire les diff\u00e9rents attendus de l&rsquo;\u00e9preuve.<\/p>\n<p>Bulletin officiel n\u00b04 du 22 janvier 2026 : <a href=\"https:\/\/www.education.gouv.fr\/bo\/2026\/Hebdo4\/MENE2536492N\" target=\"_blank\" rel=\"noopener\">https:\/\/www.education.gouv.fr\/bo\/2026\/Hebdo4\/MENE2536492N<\/a><\/p>\n<p><strong>Pour l&rsquo;ann\u00e9e scolaire 2026-2027, le programme national est le suivant\u00a0:<\/strong><\/p>\n<ul>\n<li>Louis Armstrong, Ella Fitzgerald, <em>Porgy and Bess<\/em>, Verve Records, 1958\u00a0: <strong>(partie renouvel\u00e9e)<\/strong>\u00a0;<br \/>\n<em>\u2022 Ouverture<\/em>\u00a0<em>;<\/em><br \/>\n<em>\u2022 Summertime<\/em>\u00a0<em>;<\/em><br \/>\n<em>\u2022 I Got Plenty O\u2019 Nuttin\u2019<\/em>\u00a0<em>;<\/em><br \/>\n<em>\u2022 It Ain\u2019t Necessarily So<\/em>\u00a0<em>;<\/em><br \/>\n<em>\u2022 Oh Lawd, I\u2019m on My Way!<\/em>\u00a0<em>;<\/em><\/li>\n<li>Carl Philipp Emanuel Bach, \u00ab\u00a0Allegro assai\u00a0\u00bb, extrait du <em>Concerto pour violoncelle en la majeur,\u00a0<\/em>Wq 172.<\/li>\n<\/ul>\n<h3 id=\"chapitre-ancre14\" class=\"fr-mt-3w\" tabindex=\"-1\">\u00ab\u00a0\u00c9critures, formes, graphismes\u00a0\u00bb<\/h3>\n<ul>\n<li>Guillaume de Machaut, <em>Ma fin est mon commencement<\/em>\u00a0;<\/li>\n<li>Johannes Ciconia, <em>Le Ray au soleyl\u00a0;<\/em><\/li>\n<li>Jacob Senleches, <em>La Harpe de M\u00e9lodie<\/em>\u00a0;<\/li>\n<li>Baude Cordier, <em>Tout par Compas suy compos\u00e9s<\/em>.<\/li>\n<\/ul>\n<p>En vue de l\u2019\u00e9preuve terminale du baccalaur\u00e9at, le programme limitatif pr\u00e9sent\u00e9 ci-dessus vient nourrir certaines des situations d\u2019apprentissage qui organisent l\u2019ann\u00e9e scolaire. Peuvent s\u2019y adosser :<\/p>\n<ul>\n<li>l\u2019\u00e9tude et la d\u00e9couverte d\u2019autres interpr\u00e9tations ou mises en sc\u00e8ne des \u0153uvres au programme dans une approche compar\u00e9e\u00a0;<\/li>\n<li>la r\u00e9alisation de projets musicaux de cr\u00e9ation ou d\u2019interpr\u00e9tation\u00a0;<\/li>\n<li>la r\u00e9alisation de projets de m\u00e9diation issus de recherches documentaires et croisant d\u2019autres domaines de connaissance\u00a0;<\/li>\n<li>des travaux d\u2019analyse auditive concentr\u00e9s sur certains extraits particuli\u00e8rement repr\u00e9sentatifs des \u0153uvres, certains d\u2019entre eux pouvant \u00eatre accompagn\u00e9s de leurs partitions ou repr\u00e9sentations graphiques\u00a0;<\/li>\n<li>des recherches en ligne par l\u2019\u00e9coute d\u2019\u0153uvres s\u2019y r\u00e9f\u00e9rant ou d\u2019interpr\u00e9tations diff\u00e9rentes\u00a0;<\/li>\n<li>des \u00e9tudes portant sur la sociologie et l\u2019\u00e9conomie de la musique.<\/li>\n<\/ul>\n<p>En outre, les champs de questionnement et le choix appropri\u00e9 des th\u00e9matiques d\u2019\u00e9tude qui en sont issues peuvent \u00e9clairer chacune des \u0153uvres de ce programme limitatif tout en enrichissant les situations d\u2019apprentissage rappel\u00e9es ci-dessus.<\/p>\n","protected":false},"excerpt":{"rendered":"<p>En vue de l&rsquo;\u00e9preuve terminale du baccalaur\u00e9at, un programme national est publi\u00e9 au Bulletin officiel de l&rsquo;\u00e9ducation nationale. Il est renouvelable pour partie chaque ann\u00e9e. Il est enrichi de l&rsquo;\u00e9coute et de l&rsquo;\u00e9tude de nombreuses autres pi\u00e8ces, le choix de certaines d&rsquo;entre elles tirant parti des programmations pr\u00e9vues dans les structures de diffusion de l&rsquo;environnement [&hellip;]<\/p>\n","protected":false},"author":3,"featured_media":3540,"comment_status":"closed","ping_status":"open","sticky":false,"template":"","format":"standard","meta":{"footnotes":""},"categories":[6],"tags":[31,21],"class_list":["post-3538","post","type-post","status-publish","format-standard","has-post-thumbnail","hentry","category-breves","tag-baccalaureat","tag-lycee"],"yoast_head":"<!-- This site is optimized with the Yoast SEO plugin v27.5 - https:\/\/yoast.com\/product\/yoast-seo-wordpress\/ -->\n<title>Programme limitatif pour l&#039;enseignement de sp\u00e9cialit\u00e9 de musique en classe terminale pour l\u2019ann\u00e9e scolaire 2026-2027 - Education musicale et chant choral<\/title>\n<meta name=\"robots\" content=\"index, follow, max-snippet:-1, max-image-preview:large, max-video-preview:-1\" \/>\n<link rel=\"canonical\" href=\"https:\/\/sites.ac-nancy-metz.fr\/education-musicale\/chant-choral\/programme-limitatif-pour-lenseignement-de-specialite-de-musique-en-classe-terminale-pour-lannee-scolaire-2026-2027\/\" \/>\n<meta property=\"og:locale\" content=\"fr_FR\" \/>\n<meta property=\"og:type\" content=\"article\" \/>\n<meta property=\"og:title\" content=\"Programme limitatif pour l&#039;enseignement de sp\u00e9cialit\u00e9 de musique en classe terminale pour l\u2019ann\u00e9e scolaire 2026-2027 - Education musicale et chant choral\" \/>\n<meta property=\"og:description\" content=\"En vue de l&rsquo;\u00e9preuve terminale du baccalaur\u00e9at, un programme national est publi\u00e9 au Bulletin officiel de l&rsquo;\u00e9ducation nationale. Il est renouvelable pour partie chaque ann\u00e9e. Il est enrichi de l&rsquo;\u00e9coute et de l&rsquo;\u00e9tude de nombreuses autres pi\u00e8ces, le choix de certaines d&rsquo;entre elles tirant parti des programmations pr\u00e9vues dans les structures de diffusion de l&rsquo;environnement [&hellip;]\" \/>\n<meta property=\"og:url\" content=\"https:\/\/sites.ac-nancy-metz.fr\/education-musicale\/chant-choral\/programme-limitatif-pour-lenseignement-de-specialite-de-musique-en-classe-terminale-pour-lannee-scolaire-2026-2027\/\" \/>\n<meta property=\"og:site_name\" content=\"Education musicale et chant choral\" \/>\n<meta property=\"article:published_time\" content=\"2026-01-29T07:12:13+00:00\" \/>\n<meta property=\"article:modified_time\" content=\"2026-04-29T06:15:37+00:00\" \/>\n<meta property=\"og:image\" content=\"https:\/\/sites.ac-nancy-metz.fr\/education-musicale\/chant-choral\/wp-content\/uploads\/2026\/01\/Capture-decran-2026-04-29-a-08.14.31.png\" \/>\n\t<meta property=\"og:image:width\" content=\"2292\" \/>\n\t<meta property=\"og:image:height\" content=\"330\" \/>\n\t<meta property=\"og:image:type\" content=\"image\/png\" \/>\n<meta name=\"author\" content=\"Admin\" \/>\n<meta name=\"twitter:card\" content=\"summary_large_image\" \/>\n<meta name=\"twitter:label1\" content=\"\u00c9crit par\" \/>\n\t<meta name=\"twitter:data1\" content=\"Admin\" \/>\n\t<meta name=\"twitter:label2\" content=\"Dur\u00e9e de lecture estim\u00e9e\" \/>\n\t<meta name=\"twitter:data2\" content=\"2 minutes\" \/>\n<script type=\"application\/ld+json\" class=\"yoast-schema-graph\">{\"@context\":\"https:\\\/\\\/schema.org\",\"@graph\":[{\"@type\":\"Article\",\"@id\":\"https:\\\/\\\/sites.ac-nancy-metz.fr\\\/education-musicale\\\/chant-choral\\\/programme-limitatif-pour-lenseignement-de-specialite-de-musique-en-classe-terminale-pour-lannee-scolaire-2026-2027\\\/#article\",\"isPartOf\":{\"@id\":\"https:\\\/\\\/sites.ac-nancy-metz.fr\\\/education-musicale\\\/chant-choral\\\/programme-limitatif-pour-lenseignement-de-specialite-de-musique-en-classe-terminale-pour-lannee-scolaire-2026-2027\\\/\"},\"author\":{\"name\":\"Admin\",\"@id\":\"https:\\\/\\\/sites.ac-nancy-metz.fr\\\/education-musicale\\\/chant-choral\\\/#\\\/schema\\\/person\\\/4bbab081c56df056a4ef0d4841be4873\"},\"headline\":\"Programme limitatif pour l&rsquo;enseignement de sp\u00e9cialit\u00e9 de musique en classe terminale pour l\u2019ann\u00e9e scolaire 2026-2027\",\"datePublished\":\"2026-01-29T07:12:13+00:00\",\"dateModified\":\"2026-04-29T06:15:37+00:00\",\"mainEntityOfPage\":{\"@id\":\"https:\\\/\\\/sites.ac-nancy-metz.fr\\\/education-musicale\\\/chant-choral\\\/programme-limitatif-pour-lenseignement-de-specialite-de-musique-en-classe-terminale-pour-lannee-scolaire-2026-2027\\\/\"},\"wordCount\":406,\"publisher\":{\"@id\":\"https:\\\/\\\/sites.ac-nancy-metz.fr\\\/education-musicale\\\/chant-choral\\\/#organization\"},\"image\":{\"@id\":\"https:\\\/\\\/sites.ac-nancy-metz.fr\\\/education-musicale\\\/chant-choral\\\/programme-limitatif-pour-lenseignement-de-specialite-de-musique-en-classe-terminale-pour-lannee-scolaire-2026-2027\\\/#primaryimage\"},\"thumbnailUrl\":\"https:\\\/\\\/sites.ac-nancy-metz.fr\\\/education-musicale\\\/chant-choral\\\/wp-content\\\/uploads\\\/2026\\\/01\\\/Capture-decran-2026-04-29-a-08.14.31.png\",\"keywords\":[\"baccalaur\u00e9at\",\"lyc\u00e9e\"],\"articleSection\":[\"Br\u00e8ves\"],\"inLanguage\":\"fr-FR\"},{\"@type\":\"WebPage\",\"@id\":\"https:\\\/\\\/sites.ac-nancy-metz.fr\\\/education-musicale\\\/chant-choral\\\/programme-limitatif-pour-lenseignement-de-specialite-de-musique-en-classe-terminale-pour-lannee-scolaire-2026-2027\\\/\",\"url\":\"https:\\\/\\\/sites.ac-nancy-metz.fr\\\/education-musicale\\\/chant-choral\\\/programme-limitatif-pour-lenseignement-de-specialite-de-musique-en-classe-terminale-pour-lannee-scolaire-2026-2027\\\/\",\"name\":\"Programme limitatif pour l'enseignement de sp\u00e9cialit\u00e9 de musique en classe terminale pour l\u2019ann\u00e9e scolaire 2026-2027 - Education musicale et chant choral\",\"isPartOf\":{\"@id\":\"https:\\\/\\\/sites.ac-nancy-metz.fr\\\/education-musicale\\\/chant-choral\\\/#website\"},\"primaryImageOfPage\":{\"@id\":\"https:\\\/\\\/sites.ac-nancy-metz.fr\\\/education-musicale\\\/chant-choral\\\/programme-limitatif-pour-lenseignement-de-specialite-de-musique-en-classe-terminale-pour-lannee-scolaire-2026-2027\\\/#primaryimage\"},\"image\":{\"@id\":\"https:\\\/\\\/sites.ac-nancy-metz.fr\\\/education-musicale\\\/chant-choral\\\/programme-limitatif-pour-lenseignement-de-specialite-de-musique-en-classe-terminale-pour-lannee-scolaire-2026-2027\\\/#primaryimage\"},\"thumbnailUrl\":\"https:\\\/\\\/sites.ac-nancy-metz.fr\\\/education-musicale\\\/chant-choral\\\/wp-content\\\/uploads\\\/2026\\\/01\\\/Capture-decran-2026-04-29-a-08.14.31.png\",\"datePublished\":\"2026-01-29T07:12:13+00:00\",\"dateModified\":\"2026-04-29T06:15:37+00:00\",\"breadcrumb\":{\"@id\":\"https:\\\/\\\/sites.ac-nancy-metz.fr\\\/education-musicale\\\/chant-choral\\\/programme-limitatif-pour-lenseignement-de-specialite-de-musique-en-classe-terminale-pour-lannee-scolaire-2026-2027\\\/#breadcrumb\"},\"inLanguage\":\"fr-FR\",\"potentialAction\":[{\"@type\":\"ReadAction\",\"target\":[\"https:\\\/\\\/sites.ac-nancy-metz.fr\\\/education-musicale\\\/chant-choral\\\/programme-limitatif-pour-lenseignement-de-specialite-de-musique-en-classe-terminale-pour-lannee-scolaire-2026-2027\\\/\"]}]},{\"@type\":\"ImageObject\",\"inLanguage\":\"fr-FR\",\"@id\":\"https:\\\/\\\/sites.ac-nancy-metz.fr\\\/education-musicale\\\/chant-choral\\\/programme-limitatif-pour-lenseignement-de-specialite-de-musique-en-classe-terminale-pour-lannee-scolaire-2026-2027\\\/#primaryimage\",\"url\":\"https:\\\/\\\/sites.ac-nancy-metz.fr\\\/education-musicale\\\/chant-choral\\\/wp-content\\\/uploads\\\/2026\\\/01\\\/Capture-decran-2026-04-29-a-08.14.31.png\",\"contentUrl\":\"https:\\\/\\\/sites.ac-nancy-metz.fr\\\/education-musicale\\\/chant-choral\\\/wp-content\\\/uploads\\\/2026\\\/01\\\/Capture-decran-2026-04-29-a-08.14.31.png\",\"width\":2292,\"height\":330},{\"@type\":\"BreadcrumbList\",\"@id\":\"https:\\\/\\\/sites.ac-nancy-metz.fr\\\/education-musicale\\\/chant-choral\\\/programme-limitatif-pour-lenseignement-de-specialite-de-musique-en-classe-terminale-pour-lannee-scolaire-2026-2027\\\/#breadcrumb\",\"itemListElement\":[{\"@type\":\"ListItem\",\"position\":1,\"name\":\"Accueil\",\"item\":\"https:\\\/\\\/sites.ac-nancy-metz.fr\\\/education-musicale\\\/chant-choral\\\/\"},{\"@type\":\"ListItem\",\"position\":2,\"name\":\"Programme limitatif pour l&rsquo;enseignement de sp\u00e9cialit\u00e9 de musique en classe terminale pour l\u2019ann\u00e9e scolaire 2026-2027\"}]},{\"@type\":\"WebSite\",\"@id\":\"https:\\\/\\\/sites.ac-nancy-metz.fr\\\/education-musicale\\\/chant-choral\\\/#website\",\"url\":\"https:\\\/\\\/sites.ac-nancy-metz.fr\\\/education-musicale\\\/chant-choral\\\/\",\"name\":\"\u00c9ducation musicale et chant choral Acad\u00e9mie Nancy-Metz\",\"description\":\"Acad\u00e9mie de Nancy-Metz\",\"publisher\":{\"@id\":\"https:\\\/\\\/sites.ac-nancy-metz.fr\\\/education-musicale\\\/chant-choral\\\/#organization\"},\"potentialAction\":[{\"@type\":\"SearchAction\",\"target\":{\"@type\":\"EntryPoint\",\"urlTemplate\":\"https:\\\/\\\/sites.ac-nancy-metz.fr\\\/education-musicale\\\/chant-choral\\\/?s={search_term_string}\"},\"query-input\":{\"@type\":\"PropertyValueSpecification\",\"valueRequired\":true,\"valueName\":\"search_term_string\"}}],\"inLanguage\":\"fr-FR\"},{\"@type\":\"Organization\",\"@id\":\"https:\\\/\\\/sites.ac-nancy-metz.fr\\\/education-musicale\\\/chant-choral\\\/#organization\",\"name\":\"\u00c9ducation musicale et chant choral Acad\u00e9mie Nancy-Metz\",\"url\":\"https:\\\/\\\/sites.ac-nancy-metz.fr\\\/education-musicale\\\/chant-choral\\\/\",\"logo\":{\"@type\":\"ImageObject\",\"inLanguage\":\"fr-FR\",\"@id\":\"https:\\\/\\\/sites.ac-nancy-metz.fr\\\/education-musicale\\\/chant-choral\\\/#\\\/schema\\\/logo\\\/image\\\/\",\"url\":\"https:\\\/\\\/sites.ac-nancy-metz.fr\\\/education-musicale\\\/chant-choral\\\/wp-content\\\/uploads\\\/2023\\\/12\\\/cropped-cropped-Banniere-site.png\",\"contentUrl\":\"https:\\\/\\\/sites.ac-nancy-metz.fr\\\/education-musicale\\\/chant-choral\\\/wp-content\\\/uploads\\\/2023\\\/12\\\/cropped-cropped-Banniere-site.png\",\"width\":3146,\"height\":601,\"caption\":\"\u00c9ducation musicale et chant choral Acad\u00e9mie Nancy-Metz\"},\"image\":{\"@id\":\"https:\\\/\\\/sites.ac-nancy-metz.fr\\\/education-musicale\\\/chant-choral\\\/#\\\/schema\\\/logo\\\/image\\\/\"}},{\"@type\":\"Person\",\"@id\":\"https:\\\/\\\/sites.ac-nancy-metz.fr\\\/education-musicale\\\/chant-choral\\\/#\\\/schema\\\/person\\\/4bbab081c56df056a4ef0d4841be4873\",\"name\":\"Admin\",\"image\":{\"@type\":\"ImageObject\",\"inLanguage\":\"fr-FR\",\"@id\":\"https:\\\/\\\/secure.gravatar.com\\\/avatar\\\/d9bb71acd3b78f5ba9c92a3adde14f32dc1bb60ab6d061f57562e190486dac8d?s=96&d=mm&r=g\",\"url\":\"https:\\\/\\\/secure.gravatar.com\\\/avatar\\\/d9bb71acd3b78f5ba9c92a3adde14f32dc1bb60ab6d061f57562e190486dac8d?s=96&d=mm&r=g\",\"contentUrl\":\"https:\\\/\\\/secure.gravatar.com\\\/avatar\\\/d9bb71acd3b78f5ba9c92a3adde14f32dc1bb60ab6d061f57562e190486dac8d?s=96&d=mm&r=g\",\"caption\":\"Admin\"},\"url\":\"https:\\\/\\\/sites.ac-nancy-metz.fr\\\/education-musicale\\\/chant-choral\\\/author\\\/slelievre\\\/\"}]}<\/script>\n<!-- \/ Yoast SEO plugin. -->","yoast_head_json":{"title":"Programme limitatif pour l'enseignement de sp\u00e9cialit\u00e9 de musique en classe terminale pour l\u2019ann\u00e9e scolaire 2026-2027 - Education musicale et chant choral","robots":{"index":"index","follow":"follow","max-snippet":"max-snippet:-1","max-image-preview":"max-image-preview:large","max-video-preview":"max-video-preview:-1"},"canonical":"https:\/\/sites.ac-nancy-metz.fr\/education-musicale\/chant-choral\/programme-limitatif-pour-lenseignement-de-specialite-de-musique-en-classe-terminale-pour-lannee-scolaire-2026-2027\/","og_locale":"fr_FR","og_type":"article","og_title":"Programme limitatif pour l'enseignement de sp\u00e9cialit\u00e9 de musique en classe terminale pour l\u2019ann\u00e9e scolaire 2026-2027 - Education musicale et chant choral","og_description":"En vue de l&rsquo;\u00e9preuve terminale du baccalaur\u00e9at, un programme national est publi\u00e9 au Bulletin officiel de l&rsquo;\u00e9ducation nationale. Il est renouvelable pour partie chaque ann\u00e9e. Il est enrichi de l&rsquo;\u00e9coute et de l&rsquo;\u00e9tude de nombreuses autres pi\u00e8ces, le choix de certaines d&rsquo;entre elles tirant parti des programmations pr\u00e9vues dans les structures de diffusion de l&rsquo;environnement [&hellip;]","og_url":"https:\/\/sites.ac-nancy-metz.fr\/education-musicale\/chant-choral\/programme-limitatif-pour-lenseignement-de-specialite-de-musique-en-classe-terminale-pour-lannee-scolaire-2026-2027\/","og_site_name":"Education musicale et chant choral","article_published_time":"2026-01-29T07:12:13+00:00","article_modified_time":"2026-04-29T06:15:37+00:00","og_image":[{"width":2292,"height":330,"url":"https:\/\/sites.ac-nancy-metz.fr\/education-musicale\/chant-choral\/wp-content\/uploads\/2026\/01\/Capture-decran-2026-04-29-a-08.14.31.png","type":"image\/png"}],"author":"Admin","twitter_card":"summary_large_image","twitter_misc":{"\u00c9crit par":"Admin","Dur\u00e9e de lecture estim\u00e9e":"2 minutes"},"schema":{"@context":"https:\/\/schema.org","@graph":[{"@type":"Article","@id":"https:\/\/sites.ac-nancy-metz.fr\/education-musicale\/chant-choral\/programme-limitatif-pour-lenseignement-de-specialite-de-musique-en-classe-terminale-pour-lannee-scolaire-2026-2027\/#article","isPartOf":{"@id":"https:\/\/sites.ac-nancy-metz.fr\/education-musicale\/chant-choral\/programme-limitatif-pour-lenseignement-de-specialite-de-musique-en-classe-terminale-pour-lannee-scolaire-2026-2027\/"},"author":{"name":"Admin","@id":"https:\/\/sites.ac-nancy-metz.fr\/education-musicale\/chant-choral\/#\/schema\/person\/4bbab081c56df056a4ef0d4841be4873"},"headline":"Programme limitatif pour l&rsquo;enseignement de sp\u00e9cialit\u00e9 de musique en classe terminale pour l\u2019ann\u00e9e scolaire 2026-2027","datePublished":"2026-01-29T07:12:13+00:00","dateModified":"2026-04-29T06:15:37+00:00","mainEntityOfPage":{"@id":"https:\/\/sites.ac-nancy-metz.fr\/education-musicale\/chant-choral\/programme-limitatif-pour-lenseignement-de-specialite-de-musique-en-classe-terminale-pour-lannee-scolaire-2026-2027\/"},"wordCount":406,"publisher":{"@id":"https:\/\/sites.ac-nancy-metz.fr\/education-musicale\/chant-choral\/#organization"},"image":{"@id":"https:\/\/sites.ac-nancy-metz.fr\/education-musicale\/chant-choral\/programme-limitatif-pour-lenseignement-de-specialite-de-musique-en-classe-terminale-pour-lannee-scolaire-2026-2027\/#primaryimage"},"thumbnailUrl":"https:\/\/sites.ac-nancy-metz.fr\/education-musicale\/chant-choral\/wp-content\/uploads\/2026\/01\/Capture-decran-2026-04-29-a-08.14.31.png","keywords":["baccalaur\u00e9at","lyc\u00e9e"],"articleSection":["Br\u00e8ves"],"inLanguage":"fr-FR"},{"@type":"WebPage","@id":"https:\/\/sites.ac-nancy-metz.fr\/education-musicale\/chant-choral\/programme-limitatif-pour-lenseignement-de-specialite-de-musique-en-classe-terminale-pour-lannee-scolaire-2026-2027\/","url":"https:\/\/sites.ac-nancy-metz.fr\/education-musicale\/chant-choral\/programme-limitatif-pour-lenseignement-de-specialite-de-musique-en-classe-terminale-pour-lannee-scolaire-2026-2027\/","name":"Programme limitatif pour l'enseignement de sp\u00e9cialit\u00e9 de musique en classe terminale pour l\u2019ann\u00e9e scolaire 2026-2027 - Education musicale et chant choral","isPartOf":{"@id":"https:\/\/sites.ac-nancy-metz.fr\/education-musicale\/chant-choral\/#website"},"primaryImageOfPage":{"@id":"https:\/\/sites.ac-nancy-metz.fr\/education-musicale\/chant-choral\/programme-limitatif-pour-lenseignement-de-specialite-de-musique-en-classe-terminale-pour-lannee-scolaire-2026-2027\/#primaryimage"},"image":{"@id":"https:\/\/sites.ac-nancy-metz.fr\/education-musicale\/chant-choral\/programme-limitatif-pour-lenseignement-de-specialite-de-musique-en-classe-terminale-pour-lannee-scolaire-2026-2027\/#primaryimage"},"thumbnailUrl":"https:\/\/sites.ac-nancy-metz.fr\/education-musicale\/chant-choral\/wp-content\/uploads\/2026\/01\/Capture-decran-2026-04-29-a-08.14.31.png","datePublished":"2026-01-29T07:12:13+00:00","dateModified":"2026-04-29T06:15:37+00:00","breadcrumb":{"@id":"https:\/\/sites.ac-nancy-metz.fr\/education-musicale\/chant-choral\/programme-limitatif-pour-lenseignement-de-specialite-de-musique-en-classe-terminale-pour-lannee-scolaire-2026-2027\/#breadcrumb"},"inLanguage":"fr-FR","potentialAction":[{"@type":"ReadAction","target":["https:\/\/sites.ac-nancy-metz.fr\/education-musicale\/chant-choral\/programme-limitatif-pour-lenseignement-de-specialite-de-musique-en-classe-terminale-pour-lannee-scolaire-2026-2027\/"]}]},{"@type":"ImageObject","inLanguage":"fr-FR","@id":"https:\/\/sites.ac-nancy-metz.fr\/education-musicale\/chant-choral\/programme-limitatif-pour-lenseignement-de-specialite-de-musique-en-classe-terminale-pour-lannee-scolaire-2026-2027\/#primaryimage","url":"https:\/\/sites.ac-nancy-metz.fr\/education-musicale\/chant-choral\/wp-content\/uploads\/2026\/01\/Capture-decran-2026-04-29-a-08.14.31.png","contentUrl":"https:\/\/sites.ac-nancy-metz.fr\/education-musicale\/chant-choral\/wp-content\/uploads\/2026\/01\/Capture-decran-2026-04-29-a-08.14.31.png","width":2292,"height":330},{"@type":"BreadcrumbList","@id":"https:\/\/sites.ac-nancy-metz.fr\/education-musicale\/chant-choral\/programme-limitatif-pour-lenseignement-de-specialite-de-musique-en-classe-terminale-pour-lannee-scolaire-2026-2027\/#breadcrumb","itemListElement":[{"@type":"ListItem","position":1,"name":"Accueil","item":"https:\/\/sites.ac-nancy-metz.fr\/education-musicale\/chant-choral\/"},{"@type":"ListItem","position":2,"name":"Programme limitatif pour l&rsquo;enseignement de sp\u00e9cialit\u00e9 de musique en classe terminale pour l\u2019ann\u00e9e scolaire 2026-2027"}]},{"@type":"WebSite","@id":"https:\/\/sites.ac-nancy-metz.fr\/education-musicale\/chant-choral\/#website","url":"https:\/\/sites.ac-nancy-metz.fr\/education-musicale\/chant-choral\/","name":"\u00c9ducation musicale et chant choral Acad\u00e9mie Nancy-Metz","description":"Acad\u00e9mie de Nancy-Metz","publisher":{"@id":"https:\/\/sites.ac-nancy-metz.fr\/education-musicale\/chant-choral\/#organization"},"potentialAction":[{"@type":"SearchAction","target":{"@type":"EntryPoint","urlTemplate":"https:\/\/sites.ac-nancy-metz.fr\/education-musicale\/chant-choral\/?s={search_term_string}"},"query-input":{"@type":"PropertyValueSpecification","valueRequired":true,"valueName":"search_term_string"}}],"inLanguage":"fr-FR"},{"@type":"Organization","@id":"https:\/\/sites.ac-nancy-metz.fr\/education-musicale\/chant-choral\/#organization","name":"\u00c9ducation musicale et chant choral Acad\u00e9mie Nancy-Metz","url":"https:\/\/sites.ac-nancy-metz.fr\/education-musicale\/chant-choral\/","logo":{"@type":"ImageObject","inLanguage":"fr-FR","@id":"https:\/\/sites.ac-nancy-metz.fr\/education-musicale\/chant-choral\/#\/schema\/logo\/image\/","url":"https:\/\/sites.ac-nancy-metz.fr\/education-musicale\/chant-choral\/wp-content\/uploads\/2023\/12\/cropped-cropped-Banniere-site.png","contentUrl":"https:\/\/sites.ac-nancy-metz.fr\/education-musicale\/chant-choral\/wp-content\/uploads\/2023\/12\/cropped-cropped-Banniere-site.png","width":3146,"height":601,"caption":"\u00c9ducation musicale et chant choral Acad\u00e9mie Nancy-Metz"},"image":{"@id":"https:\/\/sites.ac-nancy-metz.fr\/education-musicale\/chant-choral\/#\/schema\/logo\/image\/"}},{"@type":"Person","@id":"https:\/\/sites.ac-nancy-metz.fr\/education-musicale\/chant-choral\/#\/schema\/person\/4bbab081c56df056a4ef0d4841be4873","name":"Admin","image":{"@type":"ImageObject","inLanguage":"fr-FR","@id":"https:\/\/secure.gravatar.com\/avatar\/d9bb71acd3b78f5ba9c92a3adde14f32dc1bb60ab6d061f57562e190486dac8d?s=96&d=mm&r=g","url":"https:\/\/secure.gravatar.com\/avatar\/d9bb71acd3b78f5ba9c92a3adde14f32dc1bb60ab6d061f57562e190486dac8d?s=96&d=mm&r=g","contentUrl":"https:\/\/secure.gravatar.com\/avatar\/d9bb71acd3b78f5ba9c92a3adde14f32dc1bb60ab6d061f57562e190486dac8d?s=96&d=mm&r=g","caption":"Admin"},"url":"https:\/\/sites.ac-nancy-metz.fr\/education-musicale\/chant-choral\/author\/slelievre\/"}]}},"_links":{"self":[{"href":"https:\/\/sites.ac-nancy-metz.fr\/education-musicale\/chant-choral\/wp-json\/wp\/v2\/posts\/3538","targetHints":{"allow":["GET"]}}],"collection":[{"href":"https:\/\/sites.ac-nancy-metz.fr\/education-musicale\/chant-choral\/wp-json\/wp\/v2\/posts"}],"about":[{"href":"https:\/\/sites.ac-nancy-metz.fr\/education-musicale\/chant-choral\/wp-json\/wp\/v2\/types\/post"}],"author":[{"embeddable":true,"href":"https:\/\/sites.ac-nancy-metz.fr\/education-musicale\/chant-choral\/wp-json\/wp\/v2\/users\/3"}],"replies":[{"embeddable":true,"href":"https:\/\/sites.ac-nancy-metz.fr\/education-musicale\/chant-choral\/wp-json\/wp\/v2\/comments?post=3538"}],"version-history":[{"count":1,"href":"https:\/\/sites.ac-nancy-metz.fr\/education-musicale\/chant-choral\/wp-json\/wp\/v2\/posts\/3538\/revisions"}],"predecessor-version":[{"id":3539,"href":"https:\/\/sites.ac-nancy-metz.fr\/education-musicale\/chant-choral\/wp-json\/wp\/v2\/posts\/3538\/revisions\/3539"}],"wp:featuredmedia":[{"embeddable":true,"href":"https:\/\/sites.ac-nancy-metz.fr\/education-musicale\/chant-choral\/wp-json\/wp\/v2\/media\/3540"}],"wp:attachment":[{"href":"https:\/\/sites.ac-nancy-metz.fr\/education-musicale\/chant-choral\/wp-json\/wp\/v2\/media?parent=3538"}],"wp:term":[{"taxonomy":"category","embeddable":true,"href":"https:\/\/sites.ac-nancy-metz.fr\/education-musicale\/chant-choral\/wp-json\/wp\/v2\/categories?post=3538"},{"taxonomy":"post_tag","embeddable":true,"href":"https:\/\/sites.ac-nancy-metz.fr\/education-musicale\/chant-choral\/wp-json\/wp\/v2\/tags?post=3538"}],"curies":[{"name":"wp","href":"https:\/\/api.w.org\/{rel}","templated":true}]}}