{"id":3543,"date":"2026-04-29T11:44:22","date_gmt":"2026-04-29T09:44:22","guid":{"rendered":"https:\/\/sites.ac-nancy-metz.fr\/education-musicale\/chant-choral\/?p=3543"},"modified":"2026-04-29T11:45:23","modified_gmt":"2026-04-29T09:45:23","slug":"le-festival-des-arts-a-lecole-une-aventure-collective","status":"publish","type":"post","link":"https:\/\/sites.ac-nancy-metz.fr\/education-musicale\/chant-choral\/le-festival-des-arts-a-lecole-une-aventure-collective\/","title":{"rendered":"Le Festival des Arts \u00e0 l\u2019\u00c9cole : une aventure collective"},"content":{"rendered":"<p>&nbsp;<\/p>\n<article class=\"fedae-article\">\n<h1>Le Festival des Arts \u00e0 l\u2019\u00c9cole :<br \/>\n<em>Et si chanter devenait une aventure collective ?<\/em><\/h1>\n<p class=\"intro\">Organis\u00e9 \u00e0 Poitiers et sur le site du Futuroscope, le 2\u1d49 Festival des Arts \u00e0 l\u2019\u00c9cole<br \/>\n<strong>(FeDA\u00c9)<\/strong> s\u2019envisage comme une manifestation d\u2019envergure europ\u00e9enne d\u00e9di\u00e9e<br \/>\n\u00e0 la valorisation des pratiques artistiques scolaires.<\/p>\n<p>Pour les \u00e9tablissements de notre acad\u00e9mie, il constitue une opportunit\u00e9 exceptionnelle<br \/>\nd\u2019inscrire les projets men\u00e9s au quotidien avec nos \u00e9l\u00e8ves dans une aventure collective<br \/>\nde grande ampleur, port\u00e9e par des projets f\u00e9d\u00e9rateurs.<\/p>\n<p>L\u2019ambition du festival est d\u2019offrir aux jeunes chanteurs europ\u00e9ens un cadre d\u2019excellence<br \/>\nartistique, \u00e9ducatif et humain o\u00f9 l\u2019exigence musicale se conjugue avec la rencontre,<br \/>\nle partage et la construction du collectif.<\/p>\n<p>Lors de la premi\u00e8re \u00e9dition, deux coll\u00e8ges de l\u2019acad\u00e9mie ont port\u00e9 cette dynamique en<br \/>\nparticipant au festival avec le projet f\u00e9d\u00e9rateur \u00ab Mon Cher Gustave \u00bb, ouvrant la voie<br \/>\n\u00e0 de futurs engagements.<\/p>\n<h2>Un festival pour valoriser les projets des \u00e9l\u00e8ves<\/h2>\n<p>Le FeDA\u00c9 ne se r\u00e9duit pas \u00e0 une succession de spectacles : il donne \u00e0 voir<br \/>\nl\u2019aboutissement d\u2019un parcours d\u2019\u00e9ducation artistique et culturelle construit dans les<br \/>\n\u00e9tablissements tout au long de l\u2019ann\u00e9e, notamment \u00e0 travers les chorales et les<br \/>\nclasses-orchestres.<\/p>\n<p>En permettant aux \u00e9l\u00e8ves de se produire dans des conditions professionnelles, il valorise<br \/>\nles apprentissages, d\u00e9veloppe la confiance en soi et renforce le sentiment<br \/>\nd\u2019appartenance \u00e0 un collectif.<\/p>\n<p class=\"highlight\">R\u00e9p\u00e9titions crois\u00e9es, ateliers, rencontres, concerts\u2026 et surtout des moments<br \/>\ninoubliables entre jeunes de toute l\u2019Europe.<\/p>\n<p>Pendant trois jours, le festival propose une alternance entre projets f\u00e9d\u00e9rateurs<br \/>\npr\u00e9par\u00e9s durant l\u2019ann\u00e9e, ateliers de pratique encadr\u00e9s par des professionnels, sc\u00e8nes<br \/>\nde rencontre et grands temps collectifs comme le d\u00e9fil\u00e9 des artistes ou le concert de gala.<\/p>\n<p>L\u2019aventure se joue aussi dans les coulisses : temps informels, moments de convivialit\u00e9<br \/>\nentre groupes, \u00e9changes entre \u00e9l\u00e8ves\u2026 L\u2019immersion constitue une exp\u00e9rience artistique<br \/>\net humaine forte, d\u2019autant que pour cette 2\u1d49 \u00e9dition, elle s\u2019ouvre \u00e0 des jeunes de toute<br \/>\nl\u2019Europe.<\/p>\n<h2>Une nouveaut\u00e9 : le Prix Cl\u00e9ment Janequin<\/h2>\n<p>D\u00e9di\u00e9 \u00e0 la cr\u00e9ation chorale contemporaine, il met \u00e0 l\u2019honneur l\u2019\u00e9criture pour les voix<br \/>\nscolaires et encourage le dialogue entre compositeurs, enseignants et jeunes interpr\u00e8tes.<\/p>\n<p>Cette dimension de cr\u00e9ation fait du FeDA\u00c9 non seulement un espace de diffusion des<br \/>\npratiques existantes, mais aussi un lieu d\u2019invention artistique o\u00f9 se construit le<br \/>\nr\u00e9pertoire choral de demain.<\/p>\n<h2>Participer au FeDA\u00c9 : une belle opportunit\u00e9 pour les \u00e9tablissements<\/h2>\n<p>Le festival s\u2019adresse prioritairement aux chorales, orchestres et groupes de spectacle<br \/>\nvivant du second degr\u00e9. Plusieurs modalit\u00e9s permettent aux \u00e9quipes de s\u2019engager selon<br \/>\nl\u2019ampleur de leur projet, d\u2019une participation ponctuelle sur une journ\u00e9e \u00e0 une immersion<br \/>\ncompl\u00e8te sur trois jours avec h\u00e9bergement.<\/p>\n<p>Compte tenu de la dimension m\u00e9diatique du festival, une attention particuli\u00e8re est port\u00e9e<br \/>\nau cadre r\u00e9glementaire, notamment \u00e0 la collecte des autorisations de droit \u00e0 l\u2019image.<\/p>\n<p>L\u2019exp\u00e9rience v\u00e9cue par les deux coll\u00e8ges engag\u00e9s lors de la pr\u00e9c\u00e9dente \u00e9dition montre<br \/>\ncombien ce dispositif peut devenir un levier pour mobiliser \u00e9l\u00e8ves et \u00e9quipes autour<br \/>\nd\u2019un projet ambitieux et f\u00e9d\u00e9rateur, dans un cadre d\u2019exception o\u00f9 les arts prennent<br \/>\ntoute leur place dans la formation des citoyens de demain.<\/p>\n<p><img loading=\"lazy\" decoding=\"async\" class=\"aligncenter size-medium wp-image-3544\" src=\"https:\/\/sites.ac-nancy-metz.fr\/education-musicale\/chant-choral\/wp-content\/uploads\/2026\/04\/Image-Mon-cher-gustav-600x394.png\" alt=\"Photo : projet f\u00e9d\u00e9rateur \u00ab Mon Cher Gustave \u00bb\" width=\"600\" height=\"394\" srcset=\"https:\/\/sites.ac-nancy-metz.fr\/education-musicale\/chant-choral\/wp-content\/uploads\/2026\/04\/Image-Mon-cher-gustav-600x394.png 600w, https:\/\/sites.ac-nancy-metz.fr\/education-musicale\/chant-choral\/wp-content\/uploads\/2026\/04\/Image-Mon-cher-gustav-1920x1259.png 1920w, https:\/\/sites.ac-nancy-metz.fr\/education-musicale\/chant-choral\/wp-content\/uploads\/2026\/04\/Image-Mon-cher-gustav-300x197.png 300w, https:\/\/sites.ac-nancy-metz.fr\/education-musicale\/chant-choral\/wp-content\/uploads\/2026\/04\/Image-Mon-cher-gustav-768x504.png 768w, https:\/\/sites.ac-nancy-metz.fr\/education-musicale\/chant-choral\/wp-content\/uploads\/2026\/04\/Image-Mon-cher-gustav-1536x1008.png 1536w, https:\/\/sites.ac-nancy-metz.fr\/education-musicale\/chant-choral\/wp-content\/uploads\/2026\/04\/Image-Mon-cher-gustav.png 1924w\" sizes=\"auto, (max-width: 600px) 100vw, 600px\" \/><\/p>\n<p class=\"image-note\" style=\"text-align: center;\">Photo : projet f\u00e9d\u00e9rateur \u00ab Mon Cher Gustave \u00bb.<\/p>\n<p>Pour plus de d\u00e9tails sur la prochaine \u00e9dition, rendez-vous sur le portail officiel du FeDA\u00c9 :<\/p>\n<p style=\"text-align: center;\"><a href=\"https:\/\/fe-dae.fr\/fr\/\">https:\/\/fe-dae.fr\/fr\/<\/a><\/p>\n<figure class=\"fedae-photo\"><\/figure>\n<p>&nbsp;<\/p>\n<\/article>\n","protected":false},"excerpt":{"rendered":"<p>&nbsp; Le Festival des Arts \u00e0 l\u2019\u00c9cole : Et si chanter devenait une aventure collective ? Organis\u00e9 \u00e0 Poitiers et sur le site du Futuroscope, le 2\u1d49 Festival des Arts \u00e0 l\u2019\u00c9cole (FeDA\u00c9) s\u2019envisage comme une manifestation d\u2019envergure europ\u00e9enne d\u00e9di\u00e9e \u00e0 la valorisation des pratiques artistiques scolaires. Pour les \u00e9tablissements de notre acad\u00e9mie, il constitue [&hellip;]<\/p>\n","protected":false},"author":4,"featured_media":3544,"comment_status":"closed","ping_status":"open","sticky":false,"template":"","format":"standard","meta":{"footnotes":""},"categories":[6],"tags":[29,60,61],"class_list":["post-3543","post","type-post","status-publish","format-standard","has-post-thumbnail","hentry","category-breves","tag-chant-choral","tag-fedae","tag-festival-des-arts-a-lecole"],"yoast_head":"<!-- This site is optimized with the Yoast SEO plugin v27.5 - https:\/\/yoast.com\/product\/yoast-seo-wordpress\/ -->\n<title>Le Festival des Arts \u00e0 l\u2019\u00c9cole : une aventure collective - Education musicale et chant choral<\/title>\n<meta name=\"description\" content=\"D\u00e9couvrez le Festival des Arts \u00e0 l\u2019\u00c9cole FeDA\u00c9, une aventure artistique et collective qui valorise chorales, orchestres et projets scolaires.\" \/>\n<meta name=\"robots\" content=\"index, follow, max-snippet:-1, max-image-preview:large, max-video-preview:-1\" \/>\n<link rel=\"canonical\" href=\"https:\/\/sites.ac-nancy-metz.fr\/education-musicale\/chant-choral\/le-festival-des-arts-a-lecole-une-aventure-collective\/\" \/>\n<meta property=\"og:locale\" content=\"fr_FR\" \/>\n<meta property=\"og:type\" content=\"article\" \/>\n<meta property=\"og:title\" content=\"Le Festival des Arts \u00e0 l\u2019\u00c9cole : une aventure collective - Education musicale et chant choral\" \/>\n<meta property=\"og:description\" content=\"D\u00e9couvrez le Festival des Arts \u00e0 l\u2019\u00c9cole FeDA\u00c9, une aventure artistique et collective qui valorise chorales, orchestres et projets scolaires.\" \/>\n<meta property=\"og:url\" content=\"https:\/\/sites.ac-nancy-metz.fr\/education-musicale\/chant-choral\/le-festival-des-arts-a-lecole-une-aventure-collective\/\" \/>\n<meta property=\"og:site_name\" content=\"Education musicale et chant choral\" \/>\n<meta property=\"article:published_time\" content=\"2026-04-29T09:44:22+00:00\" \/>\n<meta property=\"article:modified_time\" content=\"2026-04-29T09:45:23+00:00\" \/>\n<meta property=\"og:image\" content=\"https:\/\/sites.ac-nancy-metz.fr\/education-musicale\/chant-choral\/wp-content\/uploads\/2026\/04\/Image-Mon-cher-gustav-768x504.png\" \/>\n\t<meta property=\"og:image:width\" content=\"768\" \/>\n\t<meta property=\"og:image:height\" content=\"504\" \/>\n\t<meta property=\"og:image:type\" content=\"image\/png\" \/>\n<meta name=\"author\" content=\"Admin\" \/>\n<meta name=\"twitter:card\" content=\"summary_large_image\" \/>\n<meta name=\"twitter:label1\" content=\"\u00c9crit par\" \/>\n\t<meta name=\"twitter:data1\" content=\"Admin\" \/>\n\t<meta name=\"twitter:label2\" content=\"Dur\u00e9e de lecture estim\u00e9e\" \/>\n\t<meta name=\"twitter:data2\" content=\"4 minutes\" \/>\n<script type=\"application\/ld+json\" class=\"yoast-schema-graph\">{\"@context\":\"https:\\\/\\\/schema.org\",\"@graph\":[{\"@type\":\"Article\",\"@id\":\"https:\\\/\\\/sites.ac-nancy-metz.fr\\\/education-musicale\\\/chant-choral\\\/le-festival-des-arts-a-lecole-une-aventure-collective\\\/#article\",\"isPartOf\":{\"@id\":\"https:\\\/\\\/sites.ac-nancy-metz.fr\\\/education-musicale\\\/chant-choral\\\/le-festival-des-arts-a-lecole-une-aventure-collective\\\/\"},\"author\":{\"name\":\"Admin\",\"@id\":\"https:\\\/\\\/sites.ac-nancy-metz.fr\\\/education-musicale\\\/chant-choral\\\/#\\\/schema\\\/person\\\/378cc35a262f1159d8e778514bd90f14\"},\"headline\":\"Le Festival des Arts \u00e0 l\u2019\u00c9cole : une aventure collective\",\"datePublished\":\"2026-04-29T09:44:22+00:00\",\"dateModified\":\"2026-04-29T09:45:23+00:00\",\"mainEntityOfPage\":{\"@id\":\"https:\\\/\\\/sites.ac-nancy-metz.fr\\\/education-musicale\\\/chant-choral\\\/le-festival-des-arts-a-lecole-une-aventure-collective\\\/\"},\"wordCount\":603,\"publisher\":{\"@id\":\"https:\\\/\\\/sites.ac-nancy-metz.fr\\\/education-musicale\\\/chant-choral\\\/#organization\"},\"image\":{\"@id\":\"https:\\\/\\\/sites.ac-nancy-metz.fr\\\/education-musicale\\\/chant-choral\\\/le-festival-des-arts-a-lecole-une-aventure-collective\\\/#primaryimage\"},\"thumbnailUrl\":\"https:\\\/\\\/sites.ac-nancy-metz.fr\\\/education-musicale\\\/chant-choral\\\/wp-content\\\/uploads\\\/2026\\\/04\\\/Image-Mon-cher-gustav.png\",\"keywords\":[\"chant choral\",\"FeDA\u00c9\",\"Festival des Arts \u00e0 l\u2019\u00c9cole\"],\"articleSection\":[\"Br\u00e8ves\"],\"inLanguage\":\"fr-FR\"},{\"@type\":\"WebPage\",\"@id\":\"https:\\\/\\\/sites.ac-nancy-metz.fr\\\/education-musicale\\\/chant-choral\\\/le-festival-des-arts-a-lecole-une-aventure-collective\\\/\",\"url\":\"https:\\\/\\\/sites.ac-nancy-metz.fr\\\/education-musicale\\\/chant-choral\\\/le-festival-des-arts-a-lecole-une-aventure-collective\\\/\",\"name\":\"Le Festival des Arts \u00e0 l\u2019\u00c9cole : une aventure collective - Education musicale et chant choral\",\"isPartOf\":{\"@id\":\"https:\\\/\\\/sites.ac-nancy-metz.fr\\\/education-musicale\\\/chant-choral\\\/#website\"},\"primaryImageOfPage\":{\"@id\":\"https:\\\/\\\/sites.ac-nancy-metz.fr\\\/education-musicale\\\/chant-choral\\\/le-festival-des-arts-a-lecole-une-aventure-collective\\\/#primaryimage\"},\"image\":{\"@id\":\"https:\\\/\\\/sites.ac-nancy-metz.fr\\\/education-musicale\\\/chant-choral\\\/le-festival-des-arts-a-lecole-une-aventure-collective\\\/#primaryimage\"},\"thumbnailUrl\":\"https:\\\/\\\/sites.ac-nancy-metz.fr\\\/education-musicale\\\/chant-choral\\\/wp-content\\\/uploads\\\/2026\\\/04\\\/Image-Mon-cher-gustav.png\",\"datePublished\":\"2026-04-29T09:44:22+00:00\",\"dateModified\":\"2026-04-29T09:45:23+00:00\",\"description\":\"D\u00e9couvrez le Festival des Arts \u00e0 l\u2019\u00c9cole FeDA\u00c9, une aventure artistique et collective qui valorise chorales, orchestres et projets scolaires.\",\"breadcrumb\":{\"@id\":\"https:\\\/\\\/sites.ac-nancy-metz.fr\\\/education-musicale\\\/chant-choral\\\/le-festival-des-arts-a-lecole-une-aventure-collective\\\/#breadcrumb\"},\"inLanguage\":\"fr-FR\",\"potentialAction\":[{\"@type\":\"ReadAction\",\"target\":[\"https:\\\/\\\/sites.ac-nancy-metz.fr\\\/education-musicale\\\/chant-choral\\\/le-festival-des-arts-a-lecole-une-aventure-collective\\\/\"]}]},{\"@type\":\"ImageObject\",\"inLanguage\":\"fr-FR\",\"@id\":\"https:\\\/\\\/sites.ac-nancy-metz.fr\\\/education-musicale\\\/chant-choral\\\/le-festival-des-arts-a-lecole-une-aventure-collective\\\/#primaryimage\",\"url\":\"https:\\\/\\\/sites.ac-nancy-metz.fr\\\/education-musicale\\\/chant-choral\\\/wp-content\\\/uploads\\\/2026\\\/04\\\/Image-Mon-cher-gustav.png\",\"contentUrl\":\"https:\\\/\\\/sites.ac-nancy-metz.fr\\\/education-musicale\\\/chant-choral\\\/wp-content\\\/uploads\\\/2026\\\/04\\\/Image-Mon-cher-gustav.png\",\"width\":1924,\"height\":1262,\"caption\":\"Photo : projet f\u00e9d\u00e9rateur \u00ab Mon Cher Gustave \u00bb\"},{\"@type\":\"BreadcrumbList\",\"@id\":\"https:\\\/\\\/sites.ac-nancy-metz.fr\\\/education-musicale\\\/chant-choral\\\/le-festival-des-arts-a-lecole-une-aventure-collective\\\/#breadcrumb\",\"itemListElement\":[{\"@type\":\"ListItem\",\"position\":1,\"name\":\"Accueil\",\"item\":\"https:\\\/\\\/sites.ac-nancy-metz.fr\\\/education-musicale\\\/chant-choral\\\/\"},{\"@type\":\"ListItem\",\"position\":2,\"name\":\"Le Festival des Arts \u00e0 l\u2019\u00c9cole : une aventure collective\"}]},{\"@type\":\"WebSite\",\"@id\":\"https:\\\/\\\/sites.ac-nancy-metz.fr\\\/education-musicale\\\/chant-choral\\\/#website\",\"url\":\"https:\\\/\\\/sites.ac-nancy-metz.fr\\\/education-musicale\\\/chant-choral\\\/\",\"name\":\"\u00c9ducation musicale et chant choral Acad\u00e9mie Nancy-Metz\",\"description\":\"Acad\u00e9mie de Nancy-Metz\",\"publisher\":{\"@id\":\"https:\\\/\\\/sites.ac-nancy-metz.fr\\\/education-musicale\\\/chant-choral\\\/#organization\"},\"potentialAction\":[{\"@type\":\"SearchAction\",\"target\":{\"@type\":\"EntryPoint\",\"urlTemplate\":\"https:\\\/\\\/sites.ac-nancy-metz.fr\\\/education-musicale\\\/chant-choral\\\/?s={search_term_string}\"},\"query-input\":{\"@type\":\"PropertyValueSpecification\",\"valueRequired\":true,\"valueName\":\"search_term_string\"}}],\"inLanguage\":\"fr-FR\"},{\"@type\":\"Organization\",\"@id\":\"https:\\\/\\\/sites.ac-nancy-metz.fr\\\/education-musicale\\\/chant-choral\\\/#organization\",\"name\":\"\u00c9ducation musicale et chant choral Acad\u00e9mie Nancy-Metz\",\"url\":\"https:\\\/\\\/sites.ac-nancy-metz.fr\\\/education-musicale\\\/chant-choral\\\/\",\"logo\":{\"@type\":\"ImageObject\",\"inLanguage\":\"fr-FR\",\"@id\":\"https:\\\/\\\/sites.ac-nancy-metz.fr\\\/education-musicale\\\/chant-choral\\\/#\\\/schema\\\/logo\\\/image\\\/\",\"url\":\"https:\\\/\\\/sites.ac-nancy-metz.fr\\\/education-musicale\\\/chant-choral\\\/wp-content\\\/uploads\\\/2023\\\/12\\\/cropped-cropped-Banniere-site.png\",\"contentUrl\":\"https:\\\/\\\/sites.ac-nancy-metz.fr\\\/education-musicale\\\/chant-choral\\\/wp-content\\\/uploads\\\/2023\\\/12\\\/cropped-cropped-Banniere-site.png\",\"width\":3146,\"height\":601,\"caption\":\"\u00c9ducation musicale et chant choral Acad\u00e9mie Nancy-Metz\"},\"image\":{\"@id\":\"https:\\\/\\\/sites.ac-nancy-metz.fr\\\/education-musicale\\\/chant-choral\\\/#\\\/schema\\\/logo\\\/image\\\/\"}},{\"@type\":\"Person\",\"@id\":\"https:\\\/\\\/sites.ac-nancy-metz.fr\\\/education-musicale\\\/chant-choral\\\/#\\\/schema\\\/person\\\/378cc35a262f1159d8e778514bd90f14\",\"name\":\"Admin\",\"image\":{\"@type\":\"ImageObject\",\"inLanguage\":\"fr-FR\",\"@id\":\"https:\\\/\\\/secure.gravatar.com\\\/avatar\\\/bad66e606a2b6604d06b03ff4c715e1cb0a3aa71c482de07207e64caf8660850?s=96&d=mm&r=g\",\"url\":\"https:\\\/\\\/secure.gravatar.com\\\/avatar\\\/bad66e606a2b6604d06b03ff4c715e1cb0a3aa71c482de07207e64caf8660850?s=96&d=mm&r=g\",\"contentUrl\":\"https:\\\/\\\/secure.gravatar.com\\\/avatar\\\/bad66e606a2b6604d06b03ff4c715e1cb0a3aa71c482de07207e64caf8660850?s=96&d=mm&r=g\",\"caption\":\"Admin\"},\"url\":\"https:\\\/\\\/sites.ac-nancy-metz.fr\\\/education-musicale\\\/chant-choral\\\/author\\\/sparis\\\/\"}]}<\/script>\n<!-- \/ Yoast SEO plugin. -->","yoast_head_json":{"title":"Le Festival des Arts \u00e0 l\u2019\u00c9cole : une aventure collective - Education musicale et chant choral","description":"D\u00e9couvrez le Festival des Arts \u00e0 l\u2019\u00c9cole FeDA\u00c9, une aventure artistique et collective qui valorise chorales, orchestres et projets scolaires.","robots":{"index":"index","follow":"follow","max-snippet":"max-snippet:-1","max-image-preview":"max-image-preview:large","max-video-preview":"max-video-preview:-1"},"canonical":"https:\/\/sites.ac-nancy-metz.fr\/education-musicale\/chant-choral\/le-festival-des-arts-a-lecole-une-aventure-collective\/","og_locale":"fr_FR","og_type":"article","og_title":"Le Festival des Arts \u00e0 l\u2019\u00c9cole : une aventure collective - Education musicale et chant choral","og_description":"D\u00e9couvrez le Festival des Arts \u00e0 l\u2019\u00c9cole FeDA\u00c9, une aventure artistique et collective qui valorise chorales, orchestres et projets scolaires.","og_url":"https:\/\/sites.ac-nancy-metz.fr\/education-musicale\/chant-choral\/le-festival-des-arts-a-lecole-une-aventure-collective\/","og_site_name":"Education musicale et chant choral","article_published_time":"2026-04-29T09:44:22+00:00","article_modified_time":"2026-04-29T09:45:23+00:00","og_image":[{"width":768,"height":504,"url":"https:\/\/sites.ac-nancy-metz.fr\/education-musicale\/chant-choral\/wp-content\/uploads\/2026\/04\/Image-Mon-cher-gustav-768x504.png","type":"image\/png"}],"author":"Admin","twitter_card":"summary_large_image","twitter_misc":{"\u00c9crit par":"Admin","Dur\u00e9e de lecture estim\u00e9e":"4 minutes"},"schema":{"@context":"https:\/\/schema.org","@graph":[{"@type":"Article","@id":"https:\/\/sites.ac-nancy-metz.fr\/education-musicale\/chant-choral\/le-festival-des-arts-a-lecole-une-aventure-collective\/#article","isPartOf":{"@id":"https:\/\/sites.ac-nancy-metz.fr\/education-musicale\/chant-choral\/le-festival-des-arts-a-lecole-une-aventure-collective\/"},"author":{"name":"Admin","@id":"https:\/\/sites.ac-nancy-metz.fr\/education-musicale\/chant-choral\/#\/schema\/person\/378cc35a262f1159d8e778514bd90f14"},"headline":"Le Festival des Arts \u00e0 l\u2019\u00c9cole : une aventure collective","datePublished":"2026-04-29T09:44:22+00:00","dateModified":"2026-04-29T09:45:23+00:00","mainEntityOfPage":{"@id":"https:\/\/sites.ac-nancy-metz.fr\/education-musicale\/chant-choral\/le-festival-des-arts-a-lecole-une-aventure-collective\/"},"wordCount":603,"publisher":{"@id":"https:\/\/sites.ac-nancy-metz.fr\/education-musicale\/chant-choral\/#organization"},"image":{"@id":"https:\/\/sites.ac-nancy-metz.fr\/education-musicale\/chant-choral\/le-festival-des-arts-a-lecole-une-aventure-collective\/#primaryimage"},"thumbnailUrl":"https:\/\/sites.ac-nancy-metz.fr\/education-musicale\/chant-choral\/wp-content\/uploads\/2026\/04\/Image-Mon-cher-gustav.png","keywords":["chant choral","FeDA\u00c9","Festival des Arts \u00e0 l\u2019\u00c9cole"],"articleSection":["Br\u00e8ves"],"inLanguage":"fr-FR"},{"@type":"WebPage","@id":"https:\/\/sites.ac-nancy-metz.fr\/education-musicale\/chant-choral\/le-festival-des-arts-a-lecole-une-aventure-collective\/","url":"https:\/\/sites.ac-nancy-metz.fr\/education-musicale\/chant-choral\/le-festival-des-arts-a-lecole-une-aventure-collective\/","name":"Le Festival des Arts \u00e0 l\u2019\u00c9cole : une aventure collective - Education musicale et chant choral","isPartOf":{"@id":"https:\/\/sites.ac-nancy-metz.fr\/education-musicale\/chant-choral\/#website"},"primaryImageOfPage":{"@id":"https:\/\/sites.ac-nancy-metz.fr\/education-musicale\/chant-choral\/le-festival-des-arts-a-lecole-une-aventure-collective\/#primaryimage"},"image":{"@id":"https:\/\/sites.ac-nancy-metz.fr\/education-musicale\/chant-choral\/le-festival-des-arts-a-lecole-une-aventure-collective\/#primaryimage"},"thumbnailUrl":"https:\/\/sites.ac-nancy-metz.fr\/education-musicale\/chant-choral\/wp-content\/uploads\/2026\/04\/Image-Mon-cher-gustav.png","datePublished":"2026-04-29T09:44:22+00:00","dateModified":"2026-04-29T09:45:23+00:00","description":"D\u00e9couvrez le Festival des Arts \u00e0 l\u2019\u00c9cole FeDA\u00c9, une aventure artistique et collective qui valorise chorales, orchestres et projets scolaires.","breadcrumb":{"@id":"https:\/\/sites.ac-nancy-metz.fr\/education-musicale\/chant-choral\/le-festival-des-arts-a-lecole-une-aventure-collective\/#breadcrumb"},"inLanguage":"fr-FR","potentialAction":[{"@type":"ReadAction","target":["https:\/\/sites.ac-nancy-metz.fr\/education-musicale\/chant-choral\/le-festival-des-arts-a-lecole-une-aventure-collective\/"]}]},{"@type":"ImageObject","inLanguage":"fr-FR","@id":"https:\/\/sites.ac-nancy-metz.fr\/education-musicale\/chant-choral\/le-festival-des-arts-a-lecole-une-aventure-collective\/#primaryimage","url":"https:\/\/sites.ac-nancy-metz.fr\/education-musicale\/chant-choral\/wp-content\/uploads\/2026\/04\/Image-Mon-cher-gustav.png","contentUrl":"https:\/\/sites.ac-nancy-metz.fr\/education-musicale\/chant-choral\/wp-content\/uploads\/2026\/04\/Image-Mon-cher-gustav.png","width":1924,"height":1262,"caption":"Photo : projet f\u00e9d\u00e9rateur \u00ab Mon Cher Gustave \u00bb"},{"@type":"BreadcrumbList","@id":"https:\/\/sites.ac-nancy-metz.fr\/education-musicale\/chant-choral\/le-festival-des-arts-a-lecole-une-aventure-collective\/#breadcrumb","itemListElement":[{"@type":"ListItem","position":1,"name":"Accueil","item":"https:\/\/sites.ac-nancy-metz.fr\/education-musicale\/chant-choral\/"},{"@type":"ListItem","position":2,"name":"Le Festival des Arts \u00e0 l\u2019\u00c9cole : une aventure collective"}]},{"@type":"WebSite","@id":"https:\/\/sites.ac-nancy-metz.fr\/education-musicale\/chant-choral\/#website","url":"https:\/\/sites.ac-nancy-metz.fr\/education-musicale\/chant-choral\/","name":"\u00c9ducation musicale et chant choral Acad\u00e9mie Nancy-Metz","description":"Acad\u00e9mie de Nancy-Metz","publisher":{"@id":"https:\/\/sites.ac-nancy-metz.fr\/education-musicale\/chant-choral\/#organization"},"potentialAction":[{"@type":"SearchAction","target":{"@type":"EntryPoint","urlTemplate":"https:\/\/sites.ac-nancy-metz.fr\/education-musicale\/chant-choral\/?s={search_term_string}"},"query-input":{"@type":"PropertyValueSpecification","valueRequired":true,"valueName":"search_term_string"}}],"inLanguage":"fr-FR"},{"@type":"Organization","@id":"https:\/\/sites.ac-nancy-metz.fr\/education-musicale\/chant-choral\/#organization","name":"\u00c9ducation musicale et chant choral Acad\u00e9mie Nancy-Metz","url":"https:\/\/sites.ac-nancy-metz.fr\/education-musicale\/chant-choral\/","logo":{"@type":"ImageObject","inLanguage":"fr-FR","@id":"https:\/\/sites.ac-nancy-metz.fr\/education-musicale\/chant-choral\/#\/schema\/logo\/image\/","url":"https:\/\/sites.ac-nancy-metz.fr\/education-musicale\/chant-choral\/wp-content\/uploads\/2023\/12\/cropped-cropped-Banniere-site.png","contentUrl":"https:\/\/sites.ac-nancy-metz.fr\/education-musicale\/chant-choral\/wp-content\/uploads\/2023\/12\/cropped-cropped-Banniere-site.png","width":3146,"height":601,"caption":"\u00c9ducation musicale et chant choral Acad\u00e9mie Nancy-Metz"},"image":{"@id":"https:\/\/sites.ac-nancy-metz.fr\/education-musicale\/chant-choral\/#\/schema\/logo\/image\/"}},{"@type":"Person","@id":"https:\/\/sites.ac-nancy-metz.fr\/education-musicale\/chant-choral\/#\/schema\/person\/378cc35a262f1159d8e778514bd90f14","name":"Admin","image":{"@type":"ImageObject","inLanguage":"fr-FR","@id":"https:\/\/secure.gravatar.com\/avatar\/bad66e606a2b6604d06b03ff4c715e1cb0a3aa71c482de07207e64caf8660850?s=96&d=mm&r=g","url":"https:\/\/secure.gravatar.com\/avatar\/bad66e606a2b6604d06b03ff4c715e1cb0a3aa71c482de07207e64caf8660850?s=96&d=mm&r=g","contentUrl":"https:\/\/secure.gravatar.com\/avatar\/bad66e606a2b6604d06b03ff4c715e1cb0a3aa71c482de07207e64caf8660850?s=96&d=mm&r=g","caption":"Admin"},"url":"https:\/\/sites.ac-nancy-metz.fr\/education-musicale\/chant-choral\/author\/sparis\/"}]}},"_links":{"self":[{"href":"https:\/\/sites.ac-nancy-metz.fr\/education-musicale\/chant-choral\/wp-json\/wp\/v2\/posts\/3543","targetHints":{"allow":["GET"]}}],"collection":[{"href":"https:\/\/sites.ac-nancy-metz.fr\/education-musicale\/chant-choral\/wp-json\/wp\/v2\/posts"}],"about":[{"href":"https:\/\/sites.ac-nancy-metz.fr\/education-musicale\/chant-choral\/wp-json\/wp\/v2\/types\/post"}],"author":[{"embeddable":true,"href":"https:\/\/sites.ac-nancy-metz.fr\/education-musicale\/chant-choral\/wp-json\/wp\/v2\/users\/4"}],"replies":[{"embeddable":true,"href":"https:\/\/sites.ac-nancy-metz.fr\/education-musicale\/chant-choral\/wp-json\/wp\/v2\/comments?post=3543"}],"version-history":[{"count":6,"href":"https:\/\/sites.ac-nancy-metz.fr\/education-musicale\/chant-choral\/wp-json\/wp\/v2\/posts\/3543\/revisions"}],"predecessor-version":[{"id":3550,"href":"https:\/\/sites.ac-nancy-metz.fr\/education-musicale\/chant-choral\/wp-json\/wp\/v2\/posts\/3543\/revisions\/3550"}],"wp:featuredmedia":[{"embeddable":true,"href":"https:\/\/sites.ac-nancy-metz.fr\/education-musicale\/chant-choral\/wp-json\/wp\/v2\/media\/3544"}],"wp:attachment":[{"href":"https:\/\/sites.ac-nancy-metz.fr\/education-musicale\/chant-choral\/wp-json\/wp\/v2\/media?parent=3543"}],"wp:term":[{"taxonomy":"category","embeddable":true,"href":"https:\/\/sites.ac-nancy-metz.fr\/education-musicale\/chant-choral\/wp-json\/wp\/v2\/categories?post=3543"},{"taxonomy":"post_tag","embeddable":true,"href":"https:\/\/sites.ac-nancy-metz.fr\/education-musicale\/chant-choral\/wp-json\/wp\/v2\/tags?post=3543"}],"curies":[{"name":"wp","href":"https:\/\/api.w.org\/{rel}","templated":true}]}}