{"id":3551,"date":"2026-01-29T17:39:59","date_gmt":"2026-01-29T16:39:59","guid":{"rendered":"https:\/\/sites.ac-nancy-metz.fr\/education-musicale\/chant-choral\/?p=3551"},"modified":"2026-04-29T17:41:28","modified_gmt":"2026-04-29T15:41:28","slug":"programme-complementaire-national-pour-lenseignement-optionnel-de-musique-en-classes-de-premiere-et-terminale-des-voies-generale-et-technologique-pour-lannee-scolaire-2026-2027","status":"publish","type":"post","link":"https:\/\/sites.ac-nancy-metz.fr\/education-musicale\/chant-choral\/programme-complementaire-national-pour-lenseignement-optionnel-de-musique-en-classes-de-premiere-et-terminale-des-voies-generale-et-technologique-pour-lannee-scolaire-2026-2027\/","title":{"rendered":"Programme compl\u00e9mentaire national pour l&rsquo;enseignement optionnel de musique en classes de premi\u00e8re et terminale des voies g\u00e9n\u00e9rale et technologique pour l&rsquo;ann\u00e9e scolaire 2026-2027"},"content":{"rendered":"<p>Le programme d\u2019enseignement optionnel de musique au cycle terminal du lyc\u00e9e g\u00e9n\u00e9ral et technologique institue un programme compl\u00e9mentaire publi\u00e9 chaque ann\u00e9e au Bulletin officiel de l\u2019\u00e9ducation nationale. Ce programme compl\u00e9mentaire concerne les \u00e9l\u00e8ves des classes de premi\u00e8re et terminale. Il est constitu\u00e9 d\u2019un corpus d\u2019\u0153uvres de r\u00e9f\u00e9rence et de perspectives de travail relevant des deux champs de questionnement pr\u00e9sent\u00e9s par le programme du cycle terminal.<\/p>\n<p>Bulletin officiel n\u00b04 du 22 janvier 2026 : <a href=\"https:\/\/www.education.gouv.fr\/bo\/2026\/Hebdo4\/MENE2536492N\" target=\"_blank\" rel=\"noopener\">https:\/\/www.education.gouv.fr\/bo\/2026\/Hebdo4\/MENE2536492N<\/a><\/p>\n<p><strong>Pour l\u2019ann\u00e9e scolaire\u00a02026-2027, les perspectives de travail et le corpus d\u2019\u0153uvres de r\u00e9f\u00e9rence sont\u00a0:<\/strong><\/p>\n<h3 id=\"chapitre-ancre19\" class=\"fr-mt-3w\" tabindex=\"-1\">Perspectives de travail<\/h3>\n<p>Pour le champ de questionnement <em>La place de la musique et de ses pratiques dans la soci\u00e9t\u00e9 contemporaine\u00a0<\/em>\u2013 perspectives\u00a0: musique et mondialisation \u2013 authenticit\u00e9, identit\u00e9s, m\u00e9tissage, transformation\u00a0; culture individuelle <em>vs\u00a0<\/em>patrimoine collectif.<\/p>\n<p>Pour le champ de questionnement <em>La diversit\u00e9 des esth\u00e9tiques, des langages et des techniques de la cr\u00e9ation musicale dans le temps et l\u2019espace<\/em> \u2013 perspective : ancrage historique vs pr\u00e9sence contemporaine.<\/p>\n<p>Le corpus musical propos\u00e9, g\u00e9ographiquement dispers\u00e9 entre Cara\u00efbes et Pacifique, en passant par l\u2019oc\u00e9an indien, trouve son unit\u00e9 \u2013 outre que par les liens historiques et culturels de la France d\u2019outre-mer \u2013 par la fonction du chant\u00a0: d\u2019une part, porteur de m\u00e9moire collective et de lien avec les anc\u00eatres, leurs langues et leurs rituels\u00a0; d\u2019autre part, vecteur de tension vers des formes d\u2019expression contemporaines et globalis\u00e9es, qui r\u00e9inventent la tradition et t\u00e9moignent de sa vitalit\u00e9. En Polyn\u00e9sie, le <em>himene tarava<\/em> et le <em>haka<\/em> expriment, chacun \u00e0 sa mani\u00e8re, la puissance collective et la dimension rituelle du chant. Aux Antilles, Eug\u00e8ne Mona mobilise l\u2019identit\u00e9 martiniquaise par des marqueurs culturels comme la flute bambou, le chant cr\u00e9ole et les percussions.<em> L\u2019artiste guadeloup\u00e9en Admiral T<\/em> prolonge cet h\u00e9ritage dans le champ des musiques urbaines. \u00c0 La R\u00e9union, le\u00a0<em>maloya<\/em> devient un autre foyer de cette tension f\u00e9conde entre m\u00e9moire et transformation.<\/p>\n<p>Ce corpus, n\u00e9cessairement s\u00e9lectif, ne cherche pas l\u2019exhaustivit\u00e9 stylistique, culturelle ou g\u00e9ographique\u00a0; il propose quelques entr\u00e9es, parmi d\u2019autres possibles, dans la richesse et la diversit\u00e9 des pratiques vocales des territoires ultramarins, et constitue une invitation \u00e0 poursuivre la d\u00e9couverte au-del\u00e0 des \u0153uvres \u00e9tudi\u00e9es. Ces approches diversifi\u00e9es permettront d\u2019exp\u00e9rimenter, de cr\u00e9er, de d\u00e9velopper des pratiques musicales en tissant un lien avec d\u2019autres \u0153uvres, d\u2019\u00e9poques et d\u2019espaces g\u00e9ographiques diff\u00e9rents.<\/p>\n<h3 id=\"chapitre-ancre20\" class=\"fr-mt-3w\" tabindex=\"-1\">\u0152uvres de r\u00e9f\u00e9rence<\/h3>\n<p>Antilles<\/p>\n<ul>\n<li>Eug\u00e8ne Mona, \u00ab\u00a0Ti Milo\u00a0\u00bb, Clip original,1978\u00a0;<\/li>\n<li>Admiral T, \u00ab\u00a0Ti Milo\u00a0\u00bb, <em>L\u00e9ritaj Mona\u00a02,<\/em> Aztec Music, 2011.<\/li>\n<\/ul>\n<p>Polyn\u00e9sie<\/p>\n<ul>\n<li>\u00ab\u00a0Him\u00e9n\u00e9 tarava\u00a0\u00bb, <em>Le Juillet polyn\u00e9sien,<\/em> Arion music, 1989\u00a0;<\/li>\n<li>\u00ab\u00a0Haka Enana\u00a0\u00bb, <em>Pupu himene no Porinetia<\/em>, Manuiti Records, 2010.<\/li>\n<\/ul>\n<p>La R\u00e9union<\/p>\n<ul>\n<li>Danyel Waro, \u00ab\u00a0Laviyon\u00a0\u00bb, <em>Batarsit\u00e9<\/em>, Piros, 1994\u00a0;<\/li>\n<li>Wati Watia Zorey Band, \u00ab\u00a0Rest\u2019 l\u00e0 Maloya\u00a0\u00bb, <em>Zanz in lanf\u00e8r,<\/em> Air Rytmo, 2016.<\/li>\n<\/ul>\n","protected":false},"excerpt":{"rendered":"<p>Le programme d\u2019enseignement optionnel de musique au cycle terminal du lyc\u00e9e g\u00e9n\u00e9ral et technologique institue un programme compl\u00e9mentaire publi\u00e9 chaque ann\u00e9e au Bulletin officiel de l\u2019\u00e9ducation nationale. Ce programme compl\u00e9mentaire concerne les \u00e9l\u00e8ves des classes de premi\u00e8re et terminale. Il est constitu\u00e9 d\u2019un corpus d\u2019\u0153uvres de r\u00e9f\u00e9rence et de perspectives de travail relevant des deux [&hellip;]<\/p>\n","protected":false},"author":3,"featured_media":3540,"comment_status":"closed","ping_status":"open","sticky":false,"template":"","format":"standard","meta":{"footnotes":""},"categories":[6],"tags":[31,21],"class_list":["post-3551","post","type-post","status-publish","format-standard","has-post-thumbnail","hentry","category-breves","tag-baccalaureat","tag-lycee"],"yoast_head":"<!-- This site is optimized with the Yoast SEO plugin v27.5 - https:\/\/yoast.com\/product\/yoast-seo-wordpress\/ -->\n<title>Programme compl\u00e9mentaire national pour l&#039;enseignement optionnel de musique en classes de premi\u00e8re et terminale des voies g\u00e9n\u00e9rale et technologique pour l&#039;ann\u00e9e scolaire 2026-2027 - Education musicale et chant choral<\/title>\n<meta name=\"robots\" content=\"index, follow, max-snippet:-1, max-image-preview:large, max-video-preview:-1\" \/>\n<link rel=\"canonical\" href=\"https:\/\/sites.ac-nancy-metz.fr\/education-musicale\/chant-choral\/programme-complementaire-national-pour-lenseignement-optionnel-de-musique-en-classes-de-premiere-et-terminale-des-voies-generale-et-technologique-pour-lannee-scolaire-2026-2027\/\" \/>\n<meta property=\"og:locale\" content=\"fr_FR\" \/>\n<meta property=\"og:type\" content=\"article\" \/>\n<meta property=\"og:title\" content=\"Programme compl\u00e9mentaire national pour l&#039;enseignement optionnel de musique en classes de premi\u00e8re et terminale des voies g\u00e9n\u00e9rale et technologique pour l&#039;ann\u00e9e scolaire 2026-2027 - Education musicale et chant choral\" \/>\n<meta property=\"og:description\" content=\"Le programme d\u2019enseignement optionnel de musique au cycle terminal du lyc\u00e9e g\u00e9n\u00e9ral et technologique institue un programme compl\u00e9mentaire publi\u00e9 chaque ann\u00e9e au Bulletin officiel de l\u2019\u00e9ducation nationale. Ce programme compl\u00e9mentaire concerne les \u00e9l\u00e8ves des classes de premi\u00e8re et terminale. Il est constitu\u00e9 d\u2019un corpus d\u2019\u0153uvres de r\u00e9f\u00e9rence et de perspectives de travail relevant des deux [&hellip;]\" \/>\n<meta property=\"og:url\" content=\"https:\/\/sites.ac-nancy-metz.fr\/education-musicale\/chant-choral\/programme-complementaire-national-pour-lenseignement-optionnel-de-musique-en-classes-de-premiere-et-terminale-des-voies-generale-et-technologique-pour-lannee-scolaire-2026-2027\/\" \/>\n<meta property=\"og:site_name\" content=\"Education musicale et chant choral\" \/>\n<meta property=\"article:published_time\" content=\"2026-01-29T16:39:59+00:00\" \/>\n<meta property=\"article:modified_time\" content=\"2026-04-29T15:41:28+00:00\" \/>\n<meta property=\"og:image\" content=\"https:\/\/sites.ac-nancy-metz.fr\/education-musicale\/chant-choral\/wp-content\/uploads\/2026\/01\/Capture-decran-2026-04-29-a-08.14.31.png\" \/>\n\t<meta property=\"og:image:width\" content=\"2292\" \/>\n\t<meta property=\"og:image:height\" content=\"330\" \/>\n\t<meta property=\"og:image:type\" content=\"image\/png\" \/>\n<meta name=\"author\" content=\"Admin\" \/>\n<meta name=\"twitter:card\" content=\"summary_large_image\" \/>\n<meta name=\"twitter:label1\" content=\"\u00c9crit par\" \/>\n\t<meta name=\"twitter:data1\" content=\"Admin\" \/>\n\t<meta name=\"twitter:label2\" content=\"Dur\u00e9e de lecture estim\u00e9e\" \/>\n\t<meta name=\"twitter:data2\" content=\"3 minutes\" \/>\n<script type=\"application\/ld+json\" class=\"yoast-schema-graph\">{\"@context\":\"https:\\\/\\\/schema.org\",\"@graph\":[{\"@type\":\"Article\",\"@id\":\"https:\\\/\\\/sites.ac-nancy-metz.fr\\\/education-musicale\\\/chant-choral\\\/programme-complementaire-national-pour-lenseignement-optionnel-de-musique-en-classes-de-premiere-et-terminale-des-voies-generale-et-technologique-pour-lannee-scolaire-2026-2027\\\/#article\",\"isPartOf\":{\"@id\":\"https:\\\/\\\/sites.ac-nancy-metz.fr\\\/education-musicale\\\/chant-choral\\\/programme-complementaire-national-pour-lenseignement-optionnel-de-musique-en-classes-de-premiere-et-terminale-des-voies-generale-et-technologique-pour-lannee-scolaire-2026-2027\\\/\"},\"author\":{\"name\":\"Admin\",\"@id\":\"https:\\\/\\\/sites.ac-nancy-metz.fr\\\/education-musicale\\\/chant-choral\\\/#\\\/schema\\\/person\\\/4bbab081c56df056a4ef0d4841be4873\"},\"headline\":\"Programme compl\u00e9mentaire national pour l&rsquo;enseignement optionnel de musique en classes de premi\u00e8re et terminale des voies g\u00e9n\u00e9rale et technologique pour l&rsquo;ann\u00e9e scolaire 2026-2027\",\"datePublished\":\"2026-01-29T16:39:59+00:00\",\"dateModified\":\"2026-04-29T15:41:28+00:00\",\"mainEntityOfPage\":{\"@id\":\"https:\\\/\\\/sites.ac-nancy-metz.fr\\\/education-musicale\\\/chant-choral\\\/programme-complementaire-national-pour-lenseignement-optionnel-de-musique-en-classes-de-premiere-et-terminale-des-voies-generale-et-technologique-pour-lannee-scolaire-2026-2027\\\/\"},\"wordCount\":529,\"publisher\":{\"@id\":\"https:\\\/\\\/sites.ac-nancy-metz.fr\\\/education-musicale\\\/chant-choral\\\/#organization\"},\"image\":{\"@id\":\"https:\\\/\\\/sites.ac-nancy-metz.fr\\\/education-musicale\\\/chant-choral\\\/programme-complementaire-national-pour-lenseignement-optionnel-de-musique-en-classes-de-premiere-et-terminale-des-voies-generale-et-technologique-pour-lannee-scolaire-2026-2027\\\/#primaryimage\"},\"thumbnailUrl\":\"https:\\\/\\\/sites.ac-nancy-metz.fr\\\/education-musicale\\\/chant-choral\\\/wp-content\\\/uploads\\\/2026\\\/01\\\/Capture-decran-2026-04-29-a-08.14.31.png\",\"keywords\":[\"baccalaur\u00e9at\",\"lyc\u00e9e\"],\"articleSection\":[\"Br\u00e8ves\"],\"inLanguage\":\"fr-FR\"},{\"@type\":\"WebPage\",\"@id\":\"https:\\\/\\\/sites.ac-nancy-metz.fr\\\/education-musicale\\\/chant-choral\\\/programme-complementaire-national-pour-lenseignement-optionnel-de-musique-en-classes-de-premiere-et-terminale-des-voies-generale-et-technologique-pour-lannee-scolaire-2026-2027\\\/\",\"url\":\"https:\\\/\\\/sites.ac-nancy-metz.fr\\\/education-musicale\\\/chant-choral\\\/programme-complementaire-national-pour-lenseignement-optionnel-de-musique-en-classes-de-premiere-et-terminale-des-voies-generale-et-technologique-pour-lannee-scolaire-2026-2027\\\/\",\"name\":\"Programme compl\u00e9mentaire national pour l'enseignement optionnel de musique en classes de premi\u00e8re et terminale des voies g\u00e9n\u00e9rale et technologique pour l'ann\u00e9e scolaire 2026-2027 - Education musicale et chant choral\",\"isPartOf\":{\"@id\":\"https:\\\/\\\/sites.ac-nancy-metz.fr\\\/education-musicale\\\/chant-choral\\\/#website\"},\"primaryImageOfPage\":{\"@id\":\"https:\\\/\\\/sites.ac-nancy-metz.fr\\\/education-musicale\\\/chant-choral\\\/programme-complementaire-national-pour-lenseignement-optionnel-de-musique-en-classes-de-premiere-et-terminale-des-voies-generale-et-technologique-pour-lannee-scolaire-2026-2027\\\/#primaryimage\"},\"image\":{\"@id\":\"https:\\\/\\\/sites.ac-nancy-metz.fr\\\/education-musicale\\\/chant-choral\\\/programme-complementaire-national-pour-lenseignement-optionnel-de-musique-en-classes-de-premiere-et-terminale-des-voies-generale-et-technologique-pour-lannee-scolaire-2026-2027\\\/#primaryimage\"},\"thumbnailUrl\":\"https:\\\/\\\/sites.ac-nancy-metz.fr\\\/education-musicale\\\/chant-choral\\\/wp-content\\\/uploads\\\/2026\\\/01\\\/Capture-decran-2026-04-29-a-08.14.31.png\",\"datePublished\":\"2026-01-29T16:39:59+00:00\",\"dateModified\":\"2026-04-29T15:41:28+00:00\",\"breadcrumb\":{\"@id\":\"https:\\\/\\\/sites.ac-nancy-metz.fr\\\/education-musicale\\\/chant-choral\\\/programme-complementaire-national-pour-lenseignement-optionnel-de-musique-en-classes-de-premiere-et-terminale-des-voies-generale-et-technologique-pour-lannee-scolaire-2026-2027\\\/#breadcrumb\"},\"inLanguage\":\"fr-FR\",\"potentialAction\":[{\"@type\":\"ReadAction\",\"target\":[\"https:\\\/\\\/sites.ac-nancy-metz.fr\\\/education-musicale\\\/chant-choral\\\/programme-complementaire-national-pour-lenseignement-optionnel-de-musique-en-classes-de-premiere-et-terminale-des-voies-generale-et-technologique-pour-lannee-scolaire-2026-2027\\\/\"]}]},{\"@type\":\"ImageObject\",\"inLanguage\":\"fr-FR\",\"@id\":\"https:\\\/\\\/sites.ac-nancy-metz.fr\\\/education-musicale\\\/chant-choral\\\/programme-complementaire-national-pour-lenseignement-optionnel-de-musique-en-classes-de-premiere-et-terminale-des-voies-generale-et-technologique-pour-lannee-scolaire-2026-2027\\\/#primaryimage\",\"url\":\"https:\\\/\\\/sites.ac-nancy-metz.fr\\\/education-musicale\\\/chant-choral\\\/wp-content\\\/uploads\\\/2026\\\/01\\\/Capture-decran-2026-04-29-a-08.14.31.png\",\"contentUrl\":\"https:\\\/\\\/sites.ac-nancy-metz.fr\\\/education-musicale\\\/chant-choral\\\/wp-content\\\/uploads\\\/2026\\\/01\\\/Capture-decran-2026-04-29-a-08.14.31.png\",\"width\":2292,\"height\":330},{\"@type\":\"BreadcrumbList\",\"@id\":\"https:\\\/\\\/sites.ac-nancy-metz.fr\\\/education-musicale\\\/chant-choral\\\/programme-complementaire-national-pour-lenseignement-optionnel-de-musique-en-classes-de-premiere-et-terminale-des-voies-generale-et-technologique-pour-lannee-scolaire-2026-2027\\\/#breadcrumb\",\"itemListElement\":[{\"@type\":\"ListItem\",\"position\":1,\"name\":\"Accueil\",\"item\":\"https:\\\/\\\/sites.ac-nancy-metz.fr\\\/education-musicale\\\/chant-choral\\\/\"},{\"@type\":\"ListItem\",\"position\":2,\"name\":\"Programme compl\u00e9mentaire national pour l&rsquo;enseignement optionnel de musique en classes de premi\u00e8re et terminale des voies g\u00e9n\u00e9rale et technologique pour l&rsquo;ann\u00e9e scolaire 2026-2027\"}]},{\"@type\":\"WebSite\",\"@id\":\"https:\\\/\\\/sites.ac-nancy-metz.fr\\\/education-musicale\\\/chant-choral\\\/#website\",\"url\":\"https:\\\/\\\/sites.ac-nancy-metz.fr\\\/education-musicale\\\/chant-choral\\\/\",\"name\":\"\u00c9ducation musicale et chant choral Acad\u00e9mie Nancy-Metz\",\"description\":\"Acad\u00e9mie de Nancy-Metz\",\"publisher\":{\"@id\":\"https:\\\/\\\/sites.ac-nancy-metz.fr\\\/education-musicale\\\/chant-choral\\\/#organization\"},\"potentialAction\":[{\"@type\":\"SearchAction\",\"target\":{\"@type\":\"EntryPoint\",\"urlTemplate\":\"https:\\\/\\\/sites.ac-nancy-metz.fr\\\/education-musicale\\\/chant-choral\\\/?s={search_term_string}\"},\"query-input\":{\"@type\":\"PropertyValueSpecification\",\"valueRequired\":true,\"valueName\":\"search_term_string\"}}],\"inLanguage\":\"fr-FR\"},{\"@type\":\"Organization\",\"@id\":\"https:\\\/\\\/sites.ac-nancy-metz.fr\\\/education-musicale\\\/chant-choral\\\/#organization\",\"name\":\"\u00c9ducation musicale et chant choral Acad\u00e9mie Nancy-Metz\",\"url\":\"https:\\\/\\\/sites.ac-nancy-metz.fr\\\/education-musicale\\\/chant-choral\\\/\",\"logo\":{\"@type\":\"ImageObject\",\"inLanguage\":\"fr-FR\",\"@id\":\"https:\\\/\\\/sites.ac-nancy-metz.fr\\\/education-musicale\\\/chant-choral\\\/#\\\/schema\\\/logo\\\/image\\\/\",\"url\":\"https:\\\/\\\/sites.ac-nancy-metz.fr\\\/education-musicale\\\/chant-choral\\\/wp-content\\\/uploads\\\/2023\\\/12\\\/cropped-cropped-Banniere-site.png\",\"contentUrl\":\"https:\\\/\\\/sites.ac-nancy-metz.fr\\\/education-musicale\\\/chant-choral\\\/wp-content\\\/uploads\\\/2023\\\/12\\\/cropped-cropped-Banniere-site.png\",\"width\":3146,\"height\":601,\"caption\":\"\u00c9ducation musicale et chant choral Acad\u00e9mie Nancy-Metz\"},\"image\":{\"@id\":\"https:\\\/\\\/sites.ac-nancy-metz.fr\\\/education-musicale\\\/chant-choral\\\/#\\\/schema\\\/logo\\\/image\\\/\"}},{\"@type\":\"Person\",\"@id\":\"https:\\\/\\\/sites.ac-nancy-metz.fr\\\/education-musicale\\\/chant-choral\\\/#\\\/schema\\\/person\\\/4bbab081c56df056a4ef0d4841be4873\",\"name\":\"Admin\",\"image\":{\"@type\":\"ImageObject\",\"inLanguage\":\"fr-FR\",\"@id\":\"https:\\\/\\\/secure.gravatar.com\\\/avatar\\\/d9bb71acd3b78f5ba9c92a3adde14f32dc1bb60ab6d061f57562e190486dac8d?s=96&d=mm&r=g\",\"url\":\"https:\\\/\\\/secure.gravatar.com\\\/avatar\\\/d9bb71acd3b78f5ba9c92a3adde14f32dc1bb60ab6d061f57562e190486dac8d?s=96&d=mm&r=g\",\"contentUrl\":\"https:\\\/\\\/secure.gravatar.com\\\/avatar\\\/d9bb71acd3b78f5ba9c92a3adde14f32dc1bb60ab6d061f57562e190486dac8d?s=96&d=mm&r=g\",\"caption\":\"Admin\"},\"url\":\"https:\\\/\\\/sites.ac-nancy-metz.fr\\\/education-musicale\\\/chant-choral\\\/author\\\/slelievre\\\/\"}]}<\/script>\n<!-- \/ Yoast SEO plugin. -->","yoast_head_json":{"title":"Programme compl\u00e9mentaire national pour l'enseignement optionnel de musique en classes de premi\u00e8re et terminale des voies g\u00e9n\u00e9rale et technologique pour l'ann\u00e9e scolaire 2026-2027 - Education musicale et chant choral","robots":{"index":"index","follow":"follow","max-snippet":"max-snippet:-1","max-image-preview":"max-image-preview:large","max-video-preview":"max-video-preview:-1"},"canonical":"https:\/\/sites.ac-nancy-metz.fr\/education-musicale\/chant-choral\/programme-complementaire-national-pour-lenseignement-optionnel-de-musique-en-classes-de-premiere-et-terminale-des-voies-generale-et-technologique-pour-lannee-scolaire-2026-2027\/","og_locale":"fr_FR","og_type":"article","og_title":"Programme compl\u00e9mentaire national pour l'enseignement optionnel de musique en classes de premi\u00e8re et terminale des voies g\u00e9n\u00e9rale et technologique pour l'ann\u00e9e scolaire 2026-2027 - Education musicale et chant choral","og_description":"Le programme d\u2019enseignement optionnel de musique au cycle terminal du lyc\u00e9e g\u00e9n\u00e9ral et technologique institue un programme compl\u00e9mentaire publi\u00e9 chaque ann\u00e9e au Bulletin officiel de l\u2019\u00e9ducation nationale. Ce programme compl\u00e9mentaire concerne les \u00e9l\u00e8ves des classes de premi\u00e8re et terminale. Il est constitu\u00e9 d\u2019un corpus d\u2019\u0153uvres de r\u00e9f\u00e9rence et de perspectives de travail relevant des deux [&hellip;]","og_url":"https:\/\/sites.ac-nancy-metz.fr\/education-musicale\/chant-choral\/programme-complementaire-national-pour-lenseignement-optionnel-de-musique-en-classes-de-premiere-et-terminale-des-voies-generale-et-technologique-pour-lannee-scolaire-2026-2027\/","og_site_name":"Education musicale et chant choral","article_published_time":"2026-01-29T16:39:59+00:00","article_modified_time":"2026-04-29T15:41:28+00:00","og_image":[{"width":2292,"height":330,"url":"https:\/\/sites.ac-nancy-metz.fr\/education-musicale\/chant-choral\/wp-content\/uploads\/2026\/01\/Capture-decran-2026-04-29-a-08.14.31.png","type":"image\/png"}],"author":"Admin","twitter_card":"summary_large_image","twitter_misc":{"\u00c9crit par":"Admin","Dur\u00e9e de lecture estim\u00e9e":"3 minutes"},"schema":{"@context":"https:\/\/schema.org","@graph":[{"@type":"Article","@id":"https:\/\/sites.ac-nancy-metz.fr\/education-musicale\/chant-choral\/programme-complementaire-national-pour-lenseignement-optionnel-de-musique-en-classes-de-premiere-et-terminale-des-voies-generale-et-technologique-pour-lannee-scolaire-2026-2027\/#article","isPartOf":{"@id":"https:\/\/sites.ac-nancy-metz.fr\/education-musicale\/chant-choral\/programme-complementaire-national-pour-lenseignement-optionnel-de-musique-en-classes-de-premiere-et-terminale-des-voies-generale-et-technologique-pour-lannee-scolaire-2026-2027\/"},"author":{"name":"Admin","@id":"https:\/\/sites.ac-nancy-metz.fr\/education-musicale\/chant-choral\/#\/schema\/person\/4bbab081c56df056a4ef0d4841be4873"},"headline":"Programme compl\u00e9mentaire national pour l&rsquo;enseignement optionnel de musique en classes de premi\u00e8re et terminale des voies g\u00e9n\u00e9rale et technologique pour l&rsquo;ann\u00e9e scolaire 2026-2027","datePublished":"2026-01-29T16:39:59+00:00","dateModified":"2026-04-29T15:41:28+00:00","mainEntityOfPage":{"@id":"https:\/\/sites.ac-nancy-metz.fr\/education-musicale\/chant-choral\/programme-complementaire-national-pour-lenseignement-optionnel-de-musique-en-classes-de-premiere-et-terminale-des-voies-generale-et-technologique-pour-lannee-scolaire-2026-2027\/"},"wordCount":529,"publisher":{"@id":"https:\/\/sites.ac-nancy-metz.fr\/education-musicale\/chant-choral\/#organization"},"image":{"@id":"https:\/\/sites.ac-nancy-metz.fr\/education-musicale\/chant-choral\/programme-complementaire-national-pour-lenseignement-optionnel-de-musique-en-classes-de-premiere-et-terminale-des-voies-generale-et-technologique-pour-lannee-scolaire-2026-2027\/#primaryimage"},"thumbnailUrl":"https:\/\/sites.ac-nancy-metz.fr\/education-musicale\/chant-choral\/wp-content\/uploads\/2026\/01\/Capture-decran-2026-04-29-a-08.14.31.png","keywords":["baccalaur\u00e9at","lyc\u00e9e"],"articleSection":["Br\u00e8ves"],"inLanguage":"fr-FR"},{"@type":"WebPage","@id":"https:\/\/sites.ac-nancy-metz.fr\/education-musicale\/chant-choral\/programme-complementaire-national-pour-lenseignement-optionnel-de-musique-en-classes-de-premiere-et-terminale-des-voies-generale-et-technologique-pour-lannee-scolaire-2026-2027\/","url":"https:\/\/sites.ac-nancy-metz.fr\/education-musicale\/chant-choral\/programme-complementaire-national-pour-lenseignement-optionnel-de-musique-en-classes-de-premiere-et-terminale-des-voies-generale-et-technologique-pour-lannee-scolaire-2026-2027\/","name":"Programme compl\u00e9mentaire national pour l'enseignement optionnel de musique en classes de premi\u00e8re et terminale des voies g\u00e9n\u00e9rale et technologique pour l'ann\u00e9e scolaire 2026-2027 - Education musicale et chant choral","isPartOf":{"@id":"https:\/\/sites.ac-nancy-metz.fr\/education-musicale\/chant-choral\/#website"},"primaryImageOfPage":{"@id":"https:\/\/sites.ac-nancy-metz.fr\/education-musicale\/chant-choral\/programme-complementaire-national-pour-lenseignement-optionnel-de-musique-en-classes-de-premiere-et-terminale-des-voies-generale-et-technologique-pour-lannee-scolaire-2026-2027\/#primaryimage"},"image":{"@id":"https:\/\/sites.ac-nancy-metz.fr\/education-musicale\/chant-choral\/programme-complementaire-national-pour-lenseignement-optionnel-de-musique-en-classes-de-premiere-et-terminale-des-voies-generale-et-technologique-pour-lannee-scolaire-2026-2027\/#primaryimage"},"thumbnailUrl":"https:\/\/sites.ac-nancy-metz.fr\/education-musicale\/chant-choral\/wp-content\/uploads\/2026\/01\/Capture-decran-2026-04-29-a-08.14.31.png","datePublished":"2026-01-29T16:39:59+00:00","dateModified":"2026-04-29T15:41:28+00:00","breadcrumb":{"@id":"https:\/\/sites.ac-nancy-metz.fr\/education-musicale\/chant-choral\/programme-complementaire-national-pour-lenseignement-optionnel-de-musique-en-classes-de-premiere-et-terminale-des-voies-generale-et-technologique-pour-lannee-scolaire-2026-2027\/#breadcrumb"},"inLanguage":"fr-FR","potentialAction":[{"@type":"ReadAction","target":["https:\/\/sites.ac-nancy-metz.fr\/education-musicale\/chant-choral\/programme-complementaire-national-pour-lenseignement-optionnel-de-musique-en-classes-de-premiere-et-terminale-des-voies-generale-et-technologique-pour-lannee-scolaire-2026-2027\/"]}]},{"@type":"ImageObject","inLanguage":"fr-FR","@id":"https:\/\/sites.ac-nancy-metz.fr\/education-musicale\/chant-choral\/programme-complementaire-national-pour-lenseignement-optionnel-de-musique-en-classes-de-premiere-et-terminale-des-voies-generale-et-technologique-pour-lannee-scolaire-2026-2027\/#primaryimage","url":"https:\/\/sites.ac-nancy-metz.fr\/education-musicale\/chant-choral\/wp-content\/uploads\/2026\/01\/Capture-decran-2026-04-29-a-08.14.31.png","contentUrl":"https:\/\/sites.ac-nancy-metz.fr\/education-musicale\/chant-choral\/wp-content\/uploads\/2026\/01\/Capture-decran-2026-04-29-a-08.14.31.png","width":2292,"height":330},{"@type":"BreadcrumbList","@id":"https:\/\/sites.ac-nancy-metz.fr\/education-musicale\/chant-choral\/programme-complementaire-national-pour-lenseignement-optionnel-de-musique-en-classes-de-premiere-et-terminale-des-voies-generale-et-technologique-pour-lannee-scolaire-2026-2027\/#breadcrumb","itemListElement":[{"@type":"ListItem","position":1,"name":"Accueil","item":"https:\/\/sites.ac-nancy-metz.fr\/education-musicale\/chant-choral\/"},{"@type":"ListItem","position":2,"name":"Programme compl\u00e9mentaire national pour l&rsquo;enseignement optionnel de musique en classes de premi\u00e8re et terminale des voies g\u00e9n\u00e9rale et technologique pour l&rsquo;ann\u00e9e scolaire 2026-2027"}]},{"@type":"WebSite","@id":"https:\/\/sites.ac-nancy-metz.fr\/education-musicale\/chant-choral\/#website","url":"https:\/\/sites.ac-nancy-metz.fr\/education-musicale\/chant-choral\/","name":"\u00c9ducation musicale et chant choral Acad\u00e9mie Nancy-Metz","description":"Acad\u00e9mie de Nancy-Metz","publisher":{"@id":"https:\/\/sites.ac-nancy-metz.fr\/education-musicale\/chant-choral\/#organization"},"potentialAction":[{"@type":"SearchAction","target":{"@type":"EntryPoint","urlTemplate":"https:\/\/sites.ac-nancy-metz.fr\/education-musicale\/chant-choral\/?s={search_term_string}"},"query-input":{"@type":"PropertyValueSpecification","valueRequired":true,"valueName":"search_term_string"}}],"inLanguage":"fr-FR"},{"@type":"Organization","@id":"https:\/\/sites.ac-nancy-metz.fr\/education-musicale\/chant-choral\/#organization","name":"\u00c9ducation musicale et chant choral Acad\u00e9mie Nancy-Metz","url":"https:\/\/sites.ac-nancy-metz.fr\/education-musicale\/chant-choral\/","logo":{"@type":"ImageObject","inLanguage":"fr-FR","@id":"https:\/\/sites.ac-nancy-metz.fr\/education-musicale\/chant-choral\/#\/schema\/logo\/image\/","url":"https:\/\/sites.ac-nancy-metz.fr\/education-musicale\/chant-choral\/wp-content\/uploads\/2023\/12\/cropped-cropped-Banniere-site.png","contentUrl":"https:\/\/sites.ac-nancy-metz.fr\/education-musicale\/chant-choral\/wp-content\/uploads\/2023\/12\/cropped-cropped-Banniere-site.png","width":3146,"height":601,"caption":"\u00c9ducation musicale et chant choral Acad\u00e9mie Nancy-Metz"},"image":{"@id":"https:\/\/sites.ac-nancy-metz.fr\/education-musicale\/chant-choral\/#\/schema\/logo\/image\/"}},{"@type":"Person","@id":"https:\/\/sites.ac-nancy-metz.fr\/education-musicale\/chant-choral\/#\/schema\/person\/4bbab081c56df056a4ef0d4841be4873","name":"Admin","image":{"@type":"ImageObject","inLanguage":"fr-FR","@id":"https:\/\/secure.gravatar.com\/avatar\/d9bb71acd3b78f5ba9c92a3adde14f32dc1bb60ab6d061f57562e190486dac8d?s=96&d=mm&r=g","url":"https:\/\/secure.gravatar.com\/avatar\/d9bb71acd3b78f5ba9c92a3adde14f32dc1bb60ab6d061f57562e190486dac8d?s=96&d=mm&r=g","contentUrl":"https:\/\/secure.gravatar.com\/avatar\/d9bb71acd3b78f5ba9c92a3adde14f32dc1bb60ab6d061f57562e190486dac8d?s=96&d=mm&r=g","caption":"Admin"},"url":"https:\/\/sites.ac-nancy-metz.fr\/education-musicale\/chant-choral\/author\/slelievre\/"}]}},"_links":{"self":[{"href":"https:\/\/sites.ac-nancy-metz.fr\/education-musicale\/chant-choral\/wp-json\/wp\/v2\/posts\/3551","targetHints":{"allow":["GET"]}}],"collection":[{"href":"https:\/\/sites.ac-nancy-metz.fr\/education-musicale\/chant-choral\/wp-json\/wp\/v2\/posts"}],"about":[{"href":"https:\/\/sites.ac-nancy-metz.fr\/education-musicale\/chant-choral\/wp-json\/wp\/v2\/types\/post"}],"author":[{"embeddable":true,"href":"https:\/\/sites.ac-nancy-metz.fr\/education-musicale\/chant-choral\/wp-json\/wp\/v2\/users\/3"}],"replies":[{"embeddable":true,"href":"https:\/\/sites.ac-nancy-metz.fr\/education-musicale\/chant-choral\/wp-json\/wp\/v2\/comments?post=3551"}],"version-history":[{"count":2,"href":"https:\/\/sites.ac-nancy-metz.fr\/education-musicale\/chant-choral\/wp-json\/wp\/v2\/posts\/3551\/revisions"}],"predecessor-version":[{"id":3553,"href":"https:\/\/sites.ac-nancy-metz.fr\/education-musicale\/chant-choral\/wp-json\/wp\/v2\/posts\/3551\/revisions\/3553"}],"wp:featuredmedia":[{"embeddable":true,"href":"https:\/\/sites.ac-nancy-metz.fr\/education-musicale\/chant-choral\/wp-json\/wp\/v2\/media\/3540"}],"wp:attachment":[{"href":"https:\/\/sites.ac-nancy-metz.fr\/education-musicale\/chant-choral\/wp-json\/wp\/v2\/media?parent=3551"}],"wp:term":[{"taxonomy":"category","embeddable":true,"href":"https:\/\/sites.ac-nancy-metz.fr\/education-musicale\/chant-choral\/wp-json\/wp\/v2\/categories?post=3551"},{"taxonomy":"post_tag","embeddable":true,"href":"https:\/\/sites.ac-nancy-metz.fr\/education-musicale\/chant-choral\/wp-json\/wp\/v2\/tags?post=3551"}],"curies":[{"name":"wp","href":"https:\/\/api.w.org\/{rel}","templated":true}]}}