{"id":1017,"global_id":"sites.ac-nancy-metz.fr\/histoire-des-arts?id=1017","global_id_lineage":["sites.ac-nancy-metz.fr\/histoire-des-arts?id=1017"],"author":"2","status":"publish","date":"2026-04-29 08:08:09","date_utc":"2026-04-29 06:08:09","modified":"2026-04-29 08:10:19","modified_utc":"2026-04-29 06:10:19","url":"https:\/\/sites.ac-nancy-metz.fr\/histoire-des-arts\/event\/lancement-de-saison-2026-2027-au-centre-pompidou-metz\/","rest_url":"https:\/\/sites.ac-nancy-metz.fr\/histoire-des-arts\/wp-json\/tribe\/events\/v1\/events\/1017","title":"Lancement de saison 2026\/2027 au Centre Pompidou-Metz","description":"<p><strong>LANCEMENT DE SAISON 2026\/2027<\/strong><\/p>\n<p><strong>Mercredi 3 juin 2026 \u00e0 18h30 au Centre Pompidou-Metz<\/strong><\/p>\n<p>Tout savoir sur la programmation \u00e0 venir ! Un lancement de saison est pr\u00e9vu le mercredi 3 juin 2026 \u00e0<br \/>\n18h30 dans l\u2019Auditorium Wendel du Centre Pompidou-Metz. Ce sera l\u2019occasion de d\u00e9couvrir la<br \/>\nprogrammation 2026\/2027 et de pr\u00e9senter les projets d\u2019\u00e9ducation artistique et culturelle \u00e0 venir.<br \/>\nUne collation sera pr\u00e9vue en fin de s\u00e9ance pour \u00e9changer, discuter, faire connaissance.<br \/>\nPour s\u2019inscrire : envoyer un mail \u00e0 Anne Oster, charg\u00e9e des actions \u00e9ducatives et de m\u00e9diation en<br \/>\npr\u00e9cisant le nom de votre \u00e9tablissement et votre niveau de classe : anne.oster@centrepompidou-metz.fr<\/p>\n<p>&nbsp;<\/p>","excerpt":"","slug":"lancement-de-saison-2026-2027-au-centre-pompidou-metz","image":{"url":"https:\/\/sites.ac-nancy-metz.fr\/histoire-des-arts\/wp-content\/uploads\/2025\/05\/Pompidou22.jpg","id":380,"extension":"jpg","width":1355,"height":402,"filesize":77617,"sizes":{"medium":{"width":300,"height":89,"mime-type":"image\/jpeg","filesize":11985,"url":"https:\/\/sites.ac-nancy-metz.fr\/histoire-des-arts\/wp-content\/uploads\/2025\/05\/Pompidou22-300x89.jpg"},"large":{"width":1024,"height":304,"mime-type":"image\/jpeg","filesize":51103,"url":"https:\/\/sites.ac-nancy-metz.fr\/histoire-des-arts\/wp-content\/uploads\/2025\/05\/Pompidou22-1024x304.jpg"},"thumbnail":{"width":150,"height":150,"mime-type":"image\/jpeg","filesize":8452,"url":"https:\/\/sites.ac-nancy-metz.fr\/histoire-des-arts\/wp-content\/uploads\/2025\/05\/Pompidou22-150x150.jpg"},"medium_large":{"width":768,"height":228,"mime-type":"image\/jpeg","filesize":36138,"url":"https:\/\/sites.ac-nancy-metz.fr\/histoire-des-arts\/wp-content\/uploads\/2025\/05\/Pompidou22-768x228.jpg"}}},"all_day":false,"start_date":"2026-06-03 18:30:00","start_date_details":{"year":"2026","month":"06","day":"03","hour":"18","minutes":"30","seconds":"00"},"end_date":"2026-06-03 20:00:00","end_date_details":{"year":"2026","month":"06","day":"03","hour":"20","minutes":"00","seconds":"00"},"utc_start_date":"2026-06-03 16:30:00","utc_start_date_details":{"year":"2026","month":"06","day":"03","hour":"16","minutes":"30","seconds":"00"},"utc_end_date":"2026-06-03 18:00:00","utc_end_date_details":{"year":"2026","month":"06","day":"03","hour":"18","minutes":"00","seconds":"00"},"timezone":"Europe\/Paris","timezone_abbr":"CEST","cost":"","cost_details":{"currency_symbol":"$","currency_code":"USD","currency_position":"prefix","values":[]},"website":"","show_map":true,"show_map_link":true,"hide_from_listings":false,"sticky":false,"featured":false,"categories":[],"tags":[],"venue":{"id":912,"author":"2","status":"publish","date":"2026-02-06 09:05:28","date_utc":"2026-02-06 08:05:28","modified":"2026-02-06 09:05:28","modified_utc":"2026-02-06 08:05:28","url":"https:\/\/sites.ac-nancy-metz.fr\/histoire-des-arts\/lieu\/centre-pompidou-metz\/","venue":"centre pompidou Metz","slug":"centre-pompidou-metz","address":"1 Parvis des Droits de l'Homme","city":"METZ","country":"France","zip":"57000","json_ld":{"@type":"Place","name":"centre pompidou Metz","description":"","url":"","address":{"@type":"PostalAddress","streetAddress":"1 Parvis des Droits de l&#039;Homme","addressLocality":"METZ","postalCode":"57000","addressCountry":"France"},"telephone":"","sameAs":""},"show_map":true,"show_map_link":true,"global_id":"sites.ac-nancy-metz.fr\/histoire-des-arts?id=912","global_id_lineage":["sites.ac-nancy-metz.fr\/histoire-des-arts?id=912"]},"organizer":[],"custom_fields":[],"json_ld":{"@context":"http:\/\/schema.org","@type":"Event","name":"Lancement de saison 2026\/2027 au Centre Pompidou-Metz","description":"&lt;p&gt;LANCEMENT DE SAISON 2026\/2027 Mercredi 3 juin 2026 \u00e0 18h30 au Centre Pompidou-Metz Tout savoir sur la programmation \u00e0 venir ! Un lancement de saison est pr\u00e9vu le mercredi 3 [&hellip;]&lt;\/p&gt;\\n","image":"https:\/\/sites.ac-nancy-metz.fr\/histoire-des-arts\/wp-content\/uploads\/2025\/05\/Pompidou22.jpg","url":"https:\/\/sites.ac-nancy-metz.fr\/histoire-des-arts\/event\/lancement-de-saison-2026-2027-au-centre-pompidou-metz\/","eventAttendanceMode":"https:\/\/schema.org\/OfflineEventAttendanceMode","eventStatus":"https:\/\/schema.org\/EventScheduled","startDate":"2026-06-03T18:30:00+02:00","endDate":"2026-06-03T20:00:00+02:00","location":{"@type":"Place","name":"centre pompidou Metz","description":"","url":"","address":{"@type":"PostalAddress","streetAddress":"1 Parvis des Droits de l&#039;Homme","addressLocality":"METZ","postalCode":"57000","addressCountry":"France"},"telephone":"","sameAs":""},"performer":"Organization"}}