{"id":1010,"date":"2026-04-24T18:07:38","date_gmt":"2026-04-24T16:07:38","guid":{"rendered":"https:\/\/sites.ac-nancy-metz.fr\/histoire-des-arts\/?p=1010"},"modified":"2026-04-24T18:07:39","modified_gmt":"2026-04-24T16:07:39","slug":"dossier-thematique-sur-viollet-le-duc","status":"publish","type":"post","link":"https:\/\/sites.ac-nancy-metz.fr\/histoire-des-arts\/2026\/04\/24\/dossier-thematique-sur-viollet-le-duc\/","title":{"rendered":"DOSSIER THEMATIQUE SUR VIOLLET-LE-DUC"},"content":{"rendered":"\n<p>Le portail Histoire des arts du minist\u00e8re de la Culture propose un dossier th\u00e9matique consacr\u00e9 \u00e0 la question limitative du bac <strong>Un artiste en son temps : Eug\u00e8ne Viollet-le-Duc (1814-1879)<\/strong>, sp\u00e9cialement con\u00e7u pour les r\u00e9visions.<\/p>\n\n\n\n<p>C&rsquo;est \u00e0 d\u00e9couvrir en cliquant sur l&rsquo;image ci-dessous :<\/p>\n\n\n\n<figure class=\"wp-block-image size-full\"><a href=\"https:\/\/histoiredesarts.culture.gouv.fr\/Dossiers-thematiques\/Un-artiste-en-son-temps-Eugene-Viollet-le-Duc-1814-1879\"><img loading=\"lazy\" decoding=\"async\" width=\"761\" height=\"478\" src=\"https:\/\/sites.ac-nancy-metz.fr\/histoire-des-arts\/wp-content\/uploads\/2026\/04\/Capture-decran-2026-04-24-180058.png\" alt=\"\" class=\"wp-image-1011\" srcset=\"https:\/\/sites.ac-nancy-metz.fr\/histoire-des-arts\/wp-content\/uploads\/2026\/04\/Capture-decran-2026-04-24-180058.png 761w, https:\/\/sites.ac-nancy-metz.fr\/histoire-des-arts\/wp-content\/uploads\/2026\/04\/Capture-decran-2026-04-24-180058-300x188.png 300w\" sizes=\"auto, (max-width: 761px) 100vw, 761px\" \/><\/a><\/figure>\n\n\n\n<p><\/p>\n","protected":false},"excerpt":{"rendered":"<p>Le portail Histoire des arts du minist\u00e8re de la Culture propose un dossier th\u00e9matique consacr\u00e9 \u00e0 la question limitative du bac Un artiste en son temps : Eug\u00e8ne Viollet-le-Duc (1814-1879), [&hellip;]<\/p>\n","protected":false},"author":2,"featured_media":933,"comment_status":"closed","ping_status":"open","sticky":false,"template":"","format":"standard","meta":{"footnotes":""},"categories":[21,22],"tags":[32,33,28,31],"class_list":["post-1010","post","type-post","status-publish","format-standard","has-post-thumbnail","hentry","category-ressources","category-viollet-le-duc","tag-baccalaureat","tag-lycee","tag-ressources","tag-viollet-le-duc"],"cc_featured_image_caption":{"caption_text":"","source_text":"","source_url":""},"_links":{"self":[{"href":"https:\/\/sites.ac-nancy-metz.fr\/histoire-des-arts\/wp-json\/wp\/v2\/posts\/1010","targetHints":{"allow":["GET"]}}],"collection":[{"href":"https:\/\/sites.ac-nancy-metz.fr\/histoire-des-arts\/wp-json\/wp\/v2\/posts"}],"about":[{"href":"https:\/\/sites.ac-nancy-metz.fr\/histoire-des-arts\/wp-json\/wp\/v2\/types\/post"}],"author":[{"embeddable":true,"href":"https:\/\/sites.ac-nancy-metz.fr\/histoire-des-arts\/wp-json\/wp\/v2\/users\/2"}],"replies":[{"embeddable":true,"href":"https:\/\/sites.ac-nancy-metz.fr\/histoire-des-arts\/wp-json\/wp\/v2\/comments?post=1010"}],"version-history":[{"count":1,"href":"https:\/\/sites.ac-nancy-metz.fr\/histoire-des-arts\/wp-json\/wp\/v2\/posts\/1010\/revisions"}],"predecessor-version":[{"id":1013,"href":"https:\/\/sites.ac-nancy-metz.fr\/histoire-des-arts\/wp-json\/wp\/v2\/posts\/1010\/revisions\/1013"}],"wp:featuredmedia":[{"embeddable":true,"href":"https:\/\/sites.ac-nancy-metz.fr\/histoire-des-arts\/wp-json\/wp\/v2\/media\/933"}],"wp:attachment":[{"href":"https:\/\/sites.ac-nancy-metz.fr\/histoire-des-arts\/wp-json\/wp\/v2\/media?parent=1010"}],"wp:term":[{"taxonomy":"category","embeddable":true,"href":"https:\/\/sites.ac-nancy-metz.fr\/histoire-des-arts\/wp-json\/wp\/v2\/categories?post=1010"},{"taxonomy":"post_tag","embeddable":true,"href":"https:\/\/sites.ac-nancy-metz.fr\/histoire-des-arts\/wp-json\/wp\/v2\/tags?post=1010"}],"curies":[{"name":"wp","href":"https:\/\/api.w.org\/{rel}","templated":true}]}}