{"id":1020,"date":"2026-04-29T08:14:21","date_gmt":"2026-04-29T06:14:21","guid":{"rendered":"https:\/\/sites.ac-nancy-metz.fr\/histoire-des-arts\/?p=1020"},"modified":"2026-04-29T08:16:07","modified_gmt":"2026-04-29T06:16:07","slug":"lancement-de-saison-2026-2027-au-centre-pompidou-metz","status":"publish","type":"post","link":"https:\/\/sites.ac-nancy-metz.fr\/histoire-des-arts\/2026\/04\/29\/lancement-de-saison-2026-2027-au-centre-pompidou-metz\/","title":{"rendered":"LANCEMENT DE SAISON 2026\/2027 AU CENTRE POMPIDOU-METZ"},"content":{"rendered":"\n<p>Retenez cette date&nbsp;!<\/p>\n\n\n\n<p><strong>Mercredi 3 juin 2026 \u00e0 18h30 au Centre Pompidou-Metz<\/strong><\/p>\n\n\n\n<p>Tout savoir sur la programmation \u00e0 venir ! Un lancement de saison est pr\u00e9vu le mercredi 3 juin 2026 \u00e0 18h30 dans l\u2019Auditorium Wendel du Centre Pompidou-Metz. Ce sera l\u2019occasion de d\u00e9couvrir la programmation 2026\/2027 et de pr\u00e9senter les projets d\u2019\u00e9ducation artistique et culturelle \u00e0 venir.<br><\/p>\n\n\n\n<p>Une collation sera pr\u00e9vue en fin de s\u00e9ance pour \u00e9changer, discuter, faire connaissance.<br><\/p>\n\n\n\n<p>Pour s\u2019inscrire, envoyer un mail \u00e0 Anne Oster, charg\u00e9e des actions \u00e9ducatives et de m\u00e9diation en pr\u00e9cisant le nom de votre \u00e9tablissement et votre niveau de classe :\u00a0<a href=\"mailto:anne.oster@centrepompidou-metz.fr\">anne.oster@centrepompidou-metz.fr<\/a><\/p>\n","protected":false},"excerpt":{"rendered":"<p>Retenez cette date&nbsp;! Mercredi 3 juin 2026 \u00e0 18h30 au Centre Pompidou-Metz Tout savoir sur la programmation \u00e0 venir ! Un lancement de saison est pr\u00e9vu le mercredi 3 juin [&hellip;]<\/p>\n","protected":false},"author":2,"featured_media":380,"comment_status":"closed","ping_status":"open","sticky":false,"template":"","format":"standard","meta":{"footnotes":""},"categories":[59],"tags":[39,60,61],"class_list":["post-1020","post","type-post","status-publish","format-standard","has-post-thumbnail","hentry","category-musees","tag-actualites","tag-centre-pompidou-metz","tag-musees"],"cc_featured_image_caption":{"caption_text":"","source_text":"","source_url":""},"_links":{"self":[{"href":"https:\/\/sites.ac-nancy-metz.fr\/histoire-des-arts\/wp-json\/wp\/v2\/posts\/1020","targetHints":{"allow":["GET"]}}],"collection":[{"href":"https:\/\/sites.ac-nancy-metz.fr\/histoire-des-arts\/wp-json\/wp\/v2\/posts"}],"about":[{"href":"https:\/\/sites.ac-nancy-metz.fr\/histoire-des-arts\/wp-json\/wp\/v2\/types\/post"}],"author":[{"embeddable":true,"href":"https:\/\/sites.ac-nancy-metz.fr\/histoire-des-arts\/wp-json\/wp\/v2\/users\/2"}],"replies":[{"embeddable":true,"href":"https:\/\/sites.ac-nancy-metz.fr\/histoire-des-arts\/wp-json\/wp\/v2\/comments?post=1020"}],"version-history":[{"count":3,"href":"https:\/\/sites.ac-nancy-metz.fr\/histoire-des-arts\/wp-json\/wp\/v2\/posts\/1020\/revisions"}],"predecessor-version":[{"id":1023,"href":"https:\/\/sites.ac-nancy-metz.fr\/histoire-des-arts\/wp-json\/wp\/v2\/posts\/1020\/revisions\/1023"}],"wp:featuredmedia":[{"embeddable":true,"href":"https:\/\/sites.ac-nancy-metz.fr\/histoire-des-arts\/wp-json\/wp\/v2\/media\/380"}],"wp:attachment":[{"href":"https:\/\/sites.ac-nancy-metz.fr\/histoire-des-arts\/wp-json\/wp\/v2\/media?parent=1020"}],"wp:term":[{"taxonomy":"category","embeddable":true,"href":"https:\/\/sites.ac-nancy-metz.fr\/histoire-des-arts\/wp-json\/wp\/v2\/categories?post=1020"},{"taxonomy":"post_tag","embeddable":true,"href":"https:\/\/sites.ac-nancy-metz.fr\/histoire-des-arts\/wp-json\/wp\/v2\/tags?post=1020"}],"curies":[{"name":"wp","href":"https:\/\/api.w.org\/{rel}","templated":true}]}}