{"id":3854,"date":"2024-11-18T07:40:09","date_gmt":"2024-11-18T06:40:09","guid":{"rendered":"https:\/\/sites.ac-nancy-metz.fr\/lyc-alfred-mezieres-longwy\/?p=3854"},"modified":"2025-05-15T07:35:10","modified_gmt":"2025-05-15T05:35:10","slug":"quand-college-et-lycee-se-reunissent-pour-feter-le-jour-de-lhispanite","status":"publish","type":"post","link":"https:\/\/sites.ac-nancy-metz.fr\/lyc-alfred-mezieres-longwy\/quand-college-et-lycee-se-reunissent-pour-feter-le-jour-de-lhispanite\/","title":{"rendered":"Quand coll\u00e8ge et lyc\u00e9e se r\u00e9unissent pour f\u00eater le jour de l\u2019Hispanit\u00e9"},"content":{"rendered":"\n<p class=\"has-vivid-green-cyan-color has-text-color has-link-color wp-elements-b0fcabc9a37c17f00d36c78f547bb00d\"><strong>35 lyc\u00e9ens du lyc\u00e9e ont invit\u00e9 28 \u00e9l\u00e8ves de du coll\u00e8ge Emile Gall\u00e9 de Lexy \u00e0 la f\u00eate de l\u2019Hispanit\u00e9.<\/strong><\/p>\n\n\n\n<p>Avec Madame Firik, professeure d\u2019espagnol et les professeurs documentalistes Mesdames Kreiss et Aubry-Dupont du lyc\u00e9e Alfred M\u00e9zi\u00e8res de Longwy accompagn\u00e9es de Madame Didier professeur d\u2019espagnol \u00e0 Lexy et la professeur documentaliste Madame Moitry ont organis\u00e9 la journ\u00e9e d\u00e9di\u00e9e \u00e0 la f\u00eate de l\u2019Hispanit\u00e9. Cette c\u00e9l\u00e9bration, qui a lieu le 12 octobre, comm\u00e9more la d\u00e9couverte de l\u2019Am\u00e9rique par Christophe Colomb.<\/p>\n\n\n<div class=\"wp-block-image\">\n<figure class=\"aligncenter size-large is-resized\"><img loading=\"lazy\" decoding=\"async\" width=\"1024\" height=\"445\" src=\"http:\/\/sites.ac-nancy-metz.fr\/lyc-alfred-mezieres-longwy\/wp-content\/uploads\/2024\/11\/Journee-hispanite2-1024x445.jpg\" alt=\"\" class=\"wp-image-3850\" style=\"width:607px;height:auto\" srcset=\"https:\/\/sites.ac-nancy-metz.fr\/lyc-alfred-mezieres-longwy\/wp-content\/uploads\/2024\/11\/Journee-hispanite2-1024x445.jpg 1024w, https:\/\/sites.ac-nancy-metz.fr\/lyc-alfred-mezieres-longwy\/wp-content\/uploads\/2024\/11\/Journee-hispanite2-300x130.jpg 300w, https:\/\/sites.ac-nancy-metz.fr\/lyc-alfred-mezieres-longwy\/wp-content\/uploads\/2024\/11\/Journee-hispanite2-768x334.jpg 768w, https:\/\/sites.ac-nancy-metz.fr\/lyc-alfred-mezieres-longwy\/wp-content\/uploads\/2024\/11\/Journee-hispanite2-560x243.jpg 560w, https:\/\/sites.ac-nancy-metz.fr\/lyc-alfred-mezieres-longwy\/wp-content\/uploads\/2024\/11\/Journee-hispanite2.jpg 1360w\" sizes=\"(max-width: 1024px) 100vw, 1024px\" \/><\/figure><\/div>\n\n<div class=\"wp-block-image\">\n<figure class=\"aligncenter size-large is-resized\"><img loading=\"lazy\" decoding=\"async\" width=\"1024\" height=\"502\" src=\"http:\/\/sites.ac-nancy-metz.fr\/lyc-alfred-mezieres-longwy\/wp-content\/uploads\/2024\/11\/Journee-hispanite-3-1024x502.jpg\" alt=\"\" class=\"wp-image-3849\" style=\"width:610px;height:auto\" srcset=\"https:\/\/sites.ac-nancy-metz.fr\/lyc-alfred-mezieres-longwy\/wp-content\/uploads\/2024\/11\/Journee-hispanite-3-1024x502.jpg 1024w, https:\/\/sites.ac-nancy-metz.fr\/lyc-alfred-mezieres-longwy\/wp-content\/uploads\/2024\/11\/Journee-hispanite-3-300x147.jpg 300w, https:\/\/sites.ac-nancy-metz.fr\/lyc-alfred-mezieres-longwy\/wp-content\/uploads\/2024\/11\/Journee-hispanite-3-768x376.jpg 768w, https:\/\/sites.ac-nancy-metz.fr\/lyc-alfred-mezieres-longwy\/wp-content\/uploads\/2024\/11\/Journee-hispanite-3-560x274.jpg 560w, https:\/\/sites.ac-nancy-metz.fr\/lyc-alfred-mezieres-longwy\/wp-content\/uploads\/2024\/11\/Journee-hispanite-3.jpg 1161w\" sizes=\"(max-width: 1024px) 100vw, 1024px\" \/><\/figure><\/div>\n\n\n<p>Les \u00e9l\u00e8ves ont particip\u00e9 \u00e0 six ateliers vari\u00e9s tout au long de la journ\u00e9e&nbsp;: Quizz culturel sur le Nouveau Monde&nbsp;; R\u00e9flexion sur la colonisation et la c\u00e9l\u00e9bration de cette journ\u00e9e dans le monde hispanique&nbsp;; Reconnaissance des aliments apport\u00e9s du Nouveau Monde&nbsp;; Habillage d\u2019une danseuse de flamenco et d\u00e9couverte des styles de flamenco&nbsp;; Initiation \u00e0 la danse flamenco&nbsp;; Atelier percussions et palmas&nbsp;; Quizz de langue, concours de Macarena&nbsp;; Atelier danse, chant et musique.<\/p>\n\n\n\n<p>Pour r\u00e9compenser les \u00e9l\u00e8ves, des places de cin\u00e9ma \u00e9taient \u00e0 gagner pour les \u00e9l\u00e8ves les plus investis et les gagnants des quizz. Le lyc\u00e9e avait \u00e9galement pr\u00e9vu un repas typiquement espagnol \u00e0 la cantine.<\/p>\n\n\n\n<p>La participation d\u2019Ivette, assistante v\u00e9n\u00e9zu\u00e9lienne r\u00e9cemment arriv\u00e9e au lyc\u00e9e pour cette ann\u00e9e scolaire, a permis aux jeunes hispanophones d\u2019\u00e9changer avec elle et d\u2019enrichir leurs connaissances dans la langue de Cervantes.<\/p>\n\n\n\n<p>Cet \u00e9v\u00e9nement a contribu\u00e9 \u00e0 d\u00e9velopper l\u2019ouverture d\u2019esprit des \u00e9l\u00e8ves, favoriser l\u2019\u00e9panouissement personnel, mais aussi d\u2019insister sur la pr\u00e9sence d\u2019une communaut\u00e9 scolaire engag\u00e9e, et enfin de faciliter la transition coll\u00e8ge-lyc\u00e9e en aidant les \u00e9l\u00e8ves \u00e0 mieux s\u2019adapter et \u00e0 r\u00e9duire leur appr\u00e9hension quant \u00e0 l\u2019int\u00e9gration au lyc\u00e9e. Cette rencontre a permis de faire \u00e9changer des coll\u00e9giens et des lyc\u00e9ens au sujet de la section europ\u00e9enne espagnole qu\u2019ils auront la possibilit\u00e9 d\u2019int\u00e9grer l\u2019an prochain.<\/p>\n\n\n\n<p>La pratique de la danse, en particulier le flamenco enseign\u00e9 par une danseuse professionnelle, a jou\u00e9 un r\u00f4le important dans le d\u00e9veloppement personnel et social des \u00e9l\u00e8ves, favorisant les interactions et le travail d\u2019\u00e9quipe.<\/p>\n\n\n<div class=\"wp-block-image\">\n<figure class=\"aligncenter size-full\"><img loading=\"lazy\" decoding=\"async\" width=\"605\" height=\"507\" src=\"http:\/\/sites.ac-nancy-metz.fr\/lyc-alfred-mezieres-longwy\/wp-content\/uploads\/2024\/11\/Journee-hispanite4.png\" alt=\"\" class=\"wp-image-3851\" srcset=\"https:\/\/sites.ac-nancy-metz.fr\/lyc-alfred-mezieres-longwy\/wp-content\/uploads\/2024\/11\/Journee-hispanite4.png 605w, https:\/\/sites.ac-nancy-metz.fr\/lyc-alfred-mezieres-longwy\/wp-content\/uploads\/2024\/11\/Journee-hispanite4-300x251.png 300w, https:\/\/sites.ac-nancy-metz.fr\/lyc-alfred-mezieres-longwy\/wp-content\/uploads\/2024\/11\/Journee-hispanite4-560x469.png 560w\" sizes=\"(max-width: 605px) 100vw, 605px\" \/><\/figure><\/div>\n\n\n<p>Cette journ\u00e9e d\u2019\u00e9changes et de partage a \u00e9t\u00e9 un v\u00e9ritable succ\u00e8s, offrant aux coll\u00e9giens et aux lyc\u00e9ens l\u2019opportunit\u00e9 de partager un \u00e9v\u00e9nement culturel ensemble.<\/p>\n\n\n\n<p>Ce n\u2019est pas tout&nbsp;: deux \u00e9l\u00e8ves ainsi que Mme Firik &nbsp;ont \u00e9galement \u00e9t\u00e9 invit\u00e9es \u00e0 la radio locale de la ville&nbsp;de Longwy, Radio Aria. Elles ont \u00e9t\u00e9 interview\u00e9es en direct par un animateur \u00e0 l\u2019occasion de la Journ\u00e9e de l\u2019Hispanit\u00e9. Cette \u00e9mission a permis aux \u00e9l\u00e8ves de revenir sur cet \u00e9v\u00e9nement majeur pour le monde hispanique, mais aussi d\u2019\u00e9voquer leur parcours de lyc\u00e9ennes et les raisons qui les ont pouss\u00e9es \u00e0 choisir l\u2019espagnol dans leur cursus.<\/p>\n\n\n\n<p>Merci Radio Aria pour l\u2019invitation.<\/p>\n\n\n<div class=\"wp-block-image\">\n<figure class=\"aligncenter size-full is-resized\"><img loading=\"lazy\" decoding=\"async\" width=\"385\" height=\"391\" src=\"https:\/\/sites.ac-nancy-metz.fr\/lyc-alfred-mezieres-longwy\/wp-content\/uploads\/2025\/05\/image.png\" alt=\"\" class=\"wp-image-4134\" style=\"width:249px;height:auto\" srcset=\"https:\/\/sites.ac-nancy-metz.fr\/lyc-alfred-mezieres-longwy\/wp-content\/uploads\/2025\/05\/image.png 385w, https:\/\/sites.ac-nancy-metz.fr\/lyc-alfred-mezieres-longwy\/wp-content\/uploads\/2025\/05\/image-295x300.png 295w\" sizes=\"(max-width: 385px) 100vw, 385px\" \/><figcaption class=\"wp-element-caption\"><a href=\"https:\/\/radio-aria.fr\/\" target=\"_blank\" rel=\"noreferrer noopener\">https:\/\/radio-aria.fr\/<\/a><\/figcaption><\/figure><\/div>","protected":false},"excerpt":{"rendered":"<p>35 lyc\u00e9ens du lyc\u00e9e ont invit\u00e9 28 \u00e9l\u00e8ves de du coll\u00e8ge Emile Gall\u00e9 de Lexy \u00e0 la f\u00eate de l\u2019Hispanit\u00e9.<\/p>\n","protected":false},"author":1,"featured_media":3853,"comment_status":"closed","ping_status":"open","sticky":false,"template":"","format":"standard","meta":{"_exactmetrics_skip_tracking":false,"_exactmetrics_sitenote_active":false,"_exactmetrics_sitenote_note":"","_exactmetrics_sitenote_category":0,"footnotes":""},"categories":[43,7],"tags":[71],"_links":{"self":[{"href":"https:\/\/sites.ac-nancy-metz.fr\/lyc-alfred-mezieres-longwy\/wp-json\/wp\/v2\/posts\/3854"}],"collection":[{"href":"https:\/\/sites.ac-nancy-metz.fr\/lyc-alfred-mezieres-longwy\/wp-json\/wp\/v2\/posts"}],"about":[{"href":"https:\/\/sites.ac-nancy-metz.fr\/lyc-alfred-mezieres-longwy\/wp-json\/wp\/v2\/types\/post"}],"author":[{"embeddable":true,"href":"https:\/\/sites.ac-nancy-metz.fr\/lyc-alfred-mezieres-longwy\/wp-json\/wp\/v2\/users\/1"}],"replies":[{"embeddable":true,"href":"https:\/\/sites.ac-nancy-metz.fr\/lyc-alfred-mezieres-longwy\/wp-json\/wp\/v2\/comments?post=3854"}],"version-history":[{"count":0,"href":"https:\/\/sites.ac-nancy-metz.fr\/lyc-alfred-mezieres-longwy\/wp-json\/wp\/v2\/posts\/3854\/revisions"}],"wp:featuredmedia":[{"embeddable":true,"href":"https:\/\/sites.ac-nancy-metz.fr\/lyc-alfred-mezieres-longwy\/wp-json\/wp\/v2\/media\/3853"}],"wp:attachment":[{"href":"https:\/\/sites.ac-nancy-metz.fr\/lyc-alfred-mezieres-longwy\/wp-json\/wp\/v2\/media?parent=3854"}],"wp:term":[{"taxonomy":"category","embeddable":true,"href":"https:\/\/sites.ac-nancy-metz.fr\/lyc-alfred-mezieres-longwy\/wp-json\/wp\/v2\/categories?post=3854"},{"taxonomy":"post_tag","embeddable":true,"href":"https:\/\/sites.ac-nancy-metz.fr\/lyc-alfred-mezieres-longwy\/wp-json\/wp\/v2\/tags?post=3854"}],"curies":[{"name":"wp","href":"https:\/\/api.w.org\/{rel}","templated":true}]}}