{"id":4715,"date":"2026-04-27T12:08:23","date_gmt":"2026-04-27T10:08:23","guid":{"rendered":"https:\/\/sites.ac-nancy-metz.fr\/lyc-alfred-mezieres-longwy\/?p=4715"},"modified":"2026-04-27T13:53:08","modified_gmt":"2026-04-27T11:53:08","slug":"sortie-scolaire-gourmande-a-cologne","status":"publish","type":"post","link":"https:\/\/sites.ac-nancy-metz.fr\/lyc-alfred-mezieres-longwy\/sortie-scolaire-gourmande-a-cologne\/","title":{"rendered":"Sortie scolaire gourmande \u00e0 Cologne"},"content":{"rendered":"\n<p class=\"has-vivid-green-cyan-color has-text-color has-link-color wp-elements-848c776cd0b214031eed973b50138176\"><strong>Les \u00e9l\u00e8ves du lyc\u00e9e Alfred M\u00e9zi\u00e8res de Longwy d\u00e9couvrent Cologne entre visites culturelles ,activit\u00e9s linguistiques et moments conviviaux.<\/strong>&#8211; &#8211; &#8211;<\/p>\n\n\n\n<p>Comme chaque ann\u00e9e depuis cinq ans maintenant, quarante-six \u00e9l\u00e8ves volontaires de 1<sup>\u00e8re<\/sup> G\u00e9n\u00e9rale et Technologique participent \u00e0 une sortie d\u2019une journ\u00e9e en Allemagne dont l\u2019objectif est de leur faire d\u00e9couvrir des aspects m\u00e9connus de ce magnifique pays frontalier et ainsi de casser les aprioris totalement erron\u00e9s de notre premier partenaire \u00e9conomique europ\u00e9en.<\/p>\n\n\n\n<p>Ainsi, apr\u00e8s la d\u00e9couverte des villes de Stuttgart (X2), de Bonn, de Coblence et d\u2019Heidelberg, Messieurs Bourguillault, Dubois, G\u00e9ant, Kaiser ainsi que Mesdames No\u00ebl et Rizzo ont opt\u00e9 cette fois-ci pour une excursion \u00e0 Cologne le vendredi 27 mars 2026.<\/p>\n\n\n\n<p>Le groupe \u00e9tant arriv\u00e9 plus t\u00f4t que pr\u00e9vu et afin d\u2019optimiser au mieux le temps, Monsieur Kaizer, qui conna\u00eet la ville comme sa poche, a eu l\u2019excellente id\u00e9e de proposer un d\u00e9tour par le \u00ab&nbsp;Triangle de Cologne&nbsp;\u00bb qui permet une vue imprenable sur la ville. Autorisation obtenue de Monsieur Boucher, que nous remercions pour cela, tout le monde s\u2019est rendu sur ce gratte-ciel d\u2019o\u00f9 de nombreuses photos ont \u00e9t\u00e9 prises sous tous les angles.<\/p>\n\n\n<div class=\"wp-block-image\">\n<figure class=\"aligncenter size-large is-resized\"><img loading=\"lazy\" decoding=\"async\" width=\"1024\" height=\"769\" src=\"http:\/\/sites.ac-nancy-metz.fr\/lyc-alfred-mezieres-longwy\/wp-content\/uploads\/2026\/04\/sortie2-Cologne-1024x769.jpg\" alt=\"\" class=\"wp-image-4714\" style=\"width:480px;height:auto\" srcset=\"https:\/\/sites.ac-nancy-metz.fr\/lyc-alfred-mezieres-longwy\/wp-content\/uploads\/2026\/04\/sortie2-Cologne-1024x769.jpg 1024w, https:\/\/sites.ac-nancy-metz.fr\/lyc-alfred-mezieres-longwy\/wp-content\/uploads\/2026\/04\/sortie2-Cologne-300x225.jpg 300w, https:\/\/sites.ac-nancy-metz.fr\/lyc-alfred-mezieres-longwy\/wp-content\/uploads\/2026\/04\/sortie2-Cologne-768x576.jpg 768w, https:\/\/sites.ac-nancy-metz.fr\/lyc-alfred-mezieres-longwy\/wp-content\/uploads\/2026\/04\/sortie2-Cologne-1536x1153.jpg 1536w, https:\/\/sites.ac-nancy-metz.fr\/lyc-alfred-mezieres-longwy\/wp-content\/uploads\/2026\/04\/sortie2-Cologne-560x420.jpg 560w, https:\/\/sites.ac-nancy-metz.fr\/lyc-alfred-mezieres-longwy\/wp-content\/uploads\/2026\/04\/sortie2-Cologne.jpg 1600w\" sizes=\"(max-width: 1024px) 100vw, 1024px\" \/><\/figure><\/div>\n\n\n<p>Apr\u00e8s cette escapade, tous ont visit\u00e9 le mus\u00e9e du chocolat sur le th\u00e8me de l\u2019histoire de sa d\u00e9couverte et de sa fabrication, sans oublier une certes petite mais tr\u00e8s appr\u00e9ci\u00e9e d\u00e9gustation.<\/p>\n\n\n\n<p>L\u2019apr\u00e8s-midi fut consacr\u00e9 \u00e0 une exploration du centre-ville et c\u2019est sous un soleil et des temp\u00e9ratures printani\u00e8res que les \u00e9l\u00e8ves ont fait un rallye-photos et des interviews en allemand de passants, de commer\u00e7ants et m\u00eame de Monsieur le Maire. Les enseignants ont quant \u00e0 eux grimp\u00e9, \u00e0 pied s\u2019il vous pla\u00eet, les 577 marches de la somptueuses cath\u00e9drale.<\/p>\n\n\n<div class=\"wp-block-image\">\n<figure class=\"aligncenter size-large is-resized\"><img loading=\"lazy\" decoding=\"async\" width=\"769\" height=\"1024\" src=\"http:\/\/sites.ac-nancy-metz.fr\/lyc-alfred-mezieres-longwy\/wp-content\/uploads\/2026\/04\/Sortie-Cologne-769x1024.jpg\" alt=\"\" class=\"wp-image-4713\" style=\"width:339px;height:auto\" srcset=\"https:\/\/sites.ac-nancy-metz.fr\/lyc-alfred-mezieres-longwy\/wp-content\/uploads\/2026\/04\/Sortie-Cologne-769x1024.jpg 769w, https:\/\/sites.ac-nancy-metz.fr\/lyc-alfred-mezieres-longwy\/wp-content\/uploads\/2026\/04\/Sortie-Cologne-225x300.jpg 225w, https:\/\/sites.ac-nancy-metz.fr\/lyc-alfred-mezieres-longwy\/wp-content\/uploads\/2026\/04\/Sortie-Cologne-768x1023.jpg 768w, https:\/\/sites.ac-nancy-metz.fr\/lyc-alfred-mezieres-longwy\/wp-content\/uploads\/2026\/04\/Sortie-Cologne-1153x1536.jpg 1153w, https:\/\/sites.ac-nancy-metz.fr\/lyc-alfred-mezieres-longwy\/wp-content\/uploads\/2026\/04\/Sortie-Cologne-560x746.jpg 560w, https:\/\/sites.ac-nancy-metz.fr\/lyc-alfred-mezieres-longwy\/wp-content\/uploads\/2026\/04\/Sortie-Cologne.jpg 1201w\" sizes=\"(max-width: 769px) 100vw, 769px\" \/><\/figure><\/div>\n\n\n<p>Avant de reprendre la route, tout le monde s\u2019est retrouv\u00e9 dans un restaurant pour partager quelques anecdotes autour de plats typiques du pays. &nbsp;<\/p>\n","protected":false},"excerpt":{"rendered":"<p>Les \u00e9l\u00e8ves du lyc\u00e9e Alfred M\u00e9zi\u00e8res de Longwy d\u00e9couvrent Cologne entre visites culturelles ,activit\u00e9s linguistiques et moments conviviaux.&#8211; &#8211; &#8211;<\/p>\n","protected":false},"author":1,"featured_media":4717,"comment_status":"closed","ping_status":"open","sticky":false,"template":"","format":"standard","meta":{"_exactmetrics_skip_tracking":false,"_exactmetrics_sitenote_active":false,"_exactmetrics_sitenote_note":"","_exactmetrics_sitenote_category":0,"footnotes":""},"categories":[26,5,11],"tags":[42,34],"_links":{"self":[{"href":"https:\/\/sites.ac-nancy-metz.fr\/lyc-alfred-mezieres-longwy\/wp-json\/wp\/v2\/posts\/4715"}],"collection":[{"href":"https:\/\/sites.ac-nancy-metz.fr\/lyc-alfred-mezieres-longwy\/wp-json\/wp\/v2\/posts"}],"about":[{"href":"https:\/\/sites.ac-nancy-metz.fr\/lyc-alfred-mezieres-longwy\/wp-json\/wp\/v2\/types\/post"}],"author":[{"embeddable":true,"href":"https:\/\/sites.ac-nancy-metz.fr\/lyc-alfred-mezieres-longwy\/wp-json\/wp\/v2\/users\/1"}],"replies":[{"embeddable":true,"href":"https:\/\/sites.ac-nancy-metz.fr\/lyc-alfred-mezieres-longwy\/wp-json\/wp\/v2\/comments?post=4715"}],"version-history":[{"count":0,"href":"https:\/\/sites.ac-nancy-metz.fr\/lyc-alfred-mezieres-longwy\/wp-json\/wp\/v2\/posts\/4715\/revisions"}],"wp:featuredmedia":[{"embeddable":true,"href":"https:\/\/sites.ac-nancy-metz.fr\/lyc-alfred-mezieres-longwy\/wp-json\/wp\/v2\/media\/4717"}],"wp:attachment":[{"href":"https:\/\/sites.ac-nancy-metz.fr\/lyc-alfred-mezieres-longwy\/wp-json\/wp\/v2\/media?parent=4715"}],"wp:term":[{"taxonomy":"category","embeddable":true,"href":"https:\/\/sites.ac-nancy-metz.fr\/lyc-alfred-mezieres-longwy\/wp-json\/wp\/v2\/categories?post=4715"},{"taxonomy":"post_tag","embeddable":true,"href":"https:\/\/sites.ac-nancy-metz.fr\/lyc-alfred-mezieres-longwy\/wp-json\/wp\/v2\/tags?post=4715"}],"curies":[{"name":"wp","href":"https:\/\/api.w.org\/{rel}","templated":true}]}}