{"id":4728,"date":"2026-04-27T12:55:10","date_gmt":"2026-04-27T10:55:10","guid":{"rendered":"https:\/\/sites.ac-nancy-metz.fr\/lyc-alfred-mezieres-longwy\/?p=4728"},"modified":"2026-04-27T13:53:23","modified_gmt":"2026-04-27T11:53:23","slug":"un-echange-erasmus-entre-longwy-et-blagoevgrad","status":"publish","type":"post","link":"https:\/\/sites.ac-nancy-metz.fr\/lyc-alfred-mezieres-longwy\/un-echange-erasmus-entre-longwy-et-blagoevgrad\/","title":{"rendered":"Un \u00e9change Erasmus+ entre Longwy et Blagoevgrad"},"content":{"rendered":"\n<p class=\"has-vivid-green-cyan-color has-text-color has-link-color wp-elements-dbcb2b883bc09078fd0453e95c63eb8b\"><strong>Echanges Erasmus + entre le lyc\u00e9e Alfred M\u00e9zi\u00e8res de Longwy et le lyc\u00e9e Lyudmil de Blagoevgrad en Bulgarie.<\/strong>&#8211; &#8211; &#8211;<\/p>\n\n\n\n<p>Le projet, financ\u00e9 par le programme Erasmus+, s&#8217;est organis\u00e9 en deux temps : d&#8217;abord l&#8217;accueil des \u00e9l\u00e8ves bulgares \u00e0 Longwy en d\u00e9cembre 2025, puis le d\u00e9part des \u00e9l\u00e8ves fran\u00e7ais en Bulgarie en mars et avril 2026.<\/p>\n\n\n\n<p><strong>D\u00e9cembre 2025 : l&#8217;accueil \u00e0 Longwy<\/strong><\/p>\n\n\n\n<p>La d\u00e9l\u00e9gation bulgare est arriv\u00e9e \u00e0 Longwy d\u00e9but d\u00e9cembre. Pendant une semaine, chaque \u00e9l\u00e8ve a \u00e9t\u00e9 h\u00e9berg\u00e9 dans la famille de son correspondant fran\u00e7ais.<\/p>\n\n\n\n<p>Le programme \u00e9tait construit autour d&#8217;un projet commun sur l&#8217;identit\u00e9 (d\u2019\u00e9l\u00e8ve, de futur citoyen et de citoyen num\u00e9rique), travaill\u00e9 \u00e0 distance depuis plusieurs mois via la plateforme eTwinning. Les \u00e9l\u00e8ves ont finalis\u00e9 ensemble des questionnaires et des interviews, qu&#8217;ils ont ensuite men\u00e9s aupr\u00e8s d&#8217;\u00e9tudiants internationaux de l&#8217;IUT de Longwy, avant d&#8217;enregistrer des capsules audio en studio. Deux journ\u00e9es ont \u00e9t\u00e9 consacr\u00e9es \u00e0 la d\u00e9couverte de l&#8217;Europe institutionnelle : visite du Parlement europ\u00e9en \u00e0 Luxembourg, puis passage \u00e0 Metz avec un parcours dans la ville et des ateliers sur l\u2019identit\u00e9 europ\u00e9enne \u00e0 la Maison Robert Schuman.<\/p>\n\n\n\n<p><strong>Mars-avril 2026 : le s\u00e9jour en Bulgarie<\/strong><\/p>\n\n\n\n<p>Quelques mois plus tard, c&#8217;est au tour des \u00e9l\u00e8ves fran\u00e7ais de prendre la direction de Blagoevgrad. Le s\u00e9jour s&#8217;est d\u00e9roul\u00e9 du 30 mars au 5 avril 2026, dans les familles des correspondants bulgares rencontr\u00e9s quelques mois plus t\u00f4t \u00e0 Longwy.<\/p>\n\n\n<div class=\"wp-block-image\">\n<figure class=\"aligncenter size-full\"><img loading=\"lazy\" decoding=\"async\" width=\"665\" height=\"499\" src=\"http:\/\/sites.ac-nancy-metz.fr\/lyc-alfred-mezieres-longwy\/wp-content\/uploads\/2026\/04\/Erasmus2026-3.jpg\" alt=\"\" class=\"wp-image-4727\" srcset=\"https:\/\/sites.ac-nancy-metz.fr\/lyc-alfred-mezieres-longwy\/wp-content\/uploads\/2026\/04\/Erasmus2026-3.jpg 665w, https:\/\/sites.ac-nancy-metz.fr\/lyc-alfred-mezieres-longwy\/wp-content\/uploads\/2026\/04\/Erasmus2026-3-300x225.jpg 300w, https:\/\/sites.ac-nancy-metz.fr\/lyc-alfred-mezieres-longwy\/wp-content\/uploads\/2026\/04\/Erasmus2026-3-560x420.jpg 560w\" sizes=\"(max-width: 665px) 100vw, 665px\" \/><\/figure><\/div>\n\n\n<p>Les \u00e9l\u00e8ves ont poursuivi sur place le travail engag\u00e9 en commun : ateliers sur l&#8217;identit\u00e9 num\u00e9rique, jeux sur le d\u00e9veloppement durable, cr\u00e9ation d&#8217;un logo pour le projet, pr\u00e9paration d&#8217;interviews crois\u00e9es en fran\u00e7ais et en anglais. Le programme comprenait aussi des visites de Sofia, de Plovdiv et de l&#8217;American University in Bulgaria, ainsi qu&#8217;une journ\u00e9e d&#8217;immersion dans les familles bulgares.<\/p>\n\n\n<div class=\"wp-block-image\">\n<figure class=\"aligncenter size-full\"><img loading=\"lazy\" decoding=\"async\" width=\"454\" height=\"256\" src=\"http:\/\/sites.ac-nancy-metz.fr\/lyc-alfred-mezieres-longwy\/wp-content\/uploads\/2026\/04\/Erasmus2026-1.jpg\" alt=\"\" class=\"wp-image-4725\" srcset=\"https:\/\/sites.ac-nancy-metz.fr\/lyc-alfred-mezieres-longwy\/wp-content\/uploads\/2026\/04\/Erasmus2026-1.jpg 454w, https:\/\/sites.ac-nancy-metz.fr\/lyc-alfred-mezieres-longwy\/wp-content\/uploads\/2026\/04\/Erasmus2026-1-300x169.jpg 300w\" sizes=\"(max-width: 454px) 100vw, 454px\" \/><\/figure><\/div>\n\n\n<p><strong>Ce que retiennent les participants<\/strong><\/p>\n\n\n\n<p>Pour les \u00e9l\u00e8ves des deux \u00e9tablissements, l&#8217;\u00e9change a \u00e9t\u00e9 l&#8217;occasion de pratiquer intensivement l&#8217;anglais et le fran\u00e7ais en situation r\u00e9elle, de confronter deux syst\u00e8mes scolaires et deux cultures, et de travailler avec des camarades qu&#8217;ils n&#8217;auraient sans doute jamais rencontr\u00e9s autrement;<\/p>\n\n\n<div class=\"wp-block-image\">\n<figure class=\"aligncenter size-full is-resized\"><img loading=\"lazy\" decoding=\"async\" width=\"499\" height=\"281\" src=\"http:\/\/sites.ac-nancy-metz.fr\/lyc-alfred-mezieres-longwy\/wp-content\/uploads\/2026\/04\/Erasmus2026-2.jpg\" alt=\"\" class=\"wp-image-4726\" style=\"width:529px;height:auto\" srcset=\"https:\/\/sites.ac-nancy-metz.fr\/lyc-alfred-mezieres-longwy\/wp-content\/uploads\/2026\/04\/Erasmus2026-2.jpg 499w, https:\/\/sites.ac-nancy-metz.fr\/lyc-alfred-mezieres-longwy\/wp-content\/uploads\/2026\/04\/Erasmus2026-2-300x169.jpg 300w\" sizes=\"(max-width: 499px) 100vw, 499px\" \/><\/figure><\/div>","protected":false},"excerpt":{"rendered":"<p>Echanges Erasmus + entre le lyc\u00e9e Alfred M\u00e9zi\u00e8res de Longwy et le lyc\u00e9e Lyudmil de Blagoevgrad en Bulgarie.&#8211; &#8211; &#8211;<\/p>\n","protected":false},"author":1,"featured_media":4729,"comment_status":"closed","ping_status":"open","sticky":false,"template":"","format":"standard","meta":{"_exactmetrics_skip_tracking":false,"_exactmetrics_sitenote_active":false,"_exactmetrics_sitenote_note":"","_exactmetrics_sitenote_category":0,"footnotes":""},"categories":[26,50,16,11],"tags":[49,34],"_links":{"self":[{"href":"https:\/\/sites.ac-nancy-metz.fr\/lyc-alfred-mezieres-longwy\/wp-json\/wp\/v2\/posts\/4728"}],"collection":[{"href":"https:\/\/sites.ac-nancy-metz.fr\/lyc-alfred-mezieres-longwy\/wp-json\/wp\/v2\/posts"}],"about":[{"href":"https:\/\/sites.ac-nancy-metz.fr\/lyc-alfred-mezieres-longwy\/wp-json\/wp\/v2\/types\/post"}],"author":[{"embeddable":true,"href":"https:\/\/sites.ac-nancy-metz.fr\/lyc-alfred-mezieres-longwy\/wp-json\/wp\/v2\/users\/1"}],"replies":[{"embeddable":true,"href":"https:\/\/sites.ac-nancy-metz.fr\/lyc-alfred-mezieres-longwy\/wp-json\/wp\/v2\/comments?post=4728"}],"version-history":[{"count":0,"href":"https:\/\/sites.ac-nancy-metz.fr\/lyc-alfred-mezieres-longwy\/wp-json\/wp\/v2\/posts\/4728\/revisions"}],"wp:featuredmedia":[{"embeddable":true,"href":"https:\/\/sites.ac-nancy-metz.fr\/lyc-alfred-mezieres-longwy\/wp-json\/wp\/v2\/media\/4729"}],"wp:attachment":[{"href":"https:\/\/sites.ac-nancy-metz.fr\/lyc-alfred-mezieres-longwy\/wp-json\/wp\/v2\/media?parent=4728"}],"wp:term":[{"taxonomy":"category","embeddable":true,"href":"https:\/\/sites.ac-nancy-metz.fr\/lyc-alfred-mezieres-longwy\/wp-json\/wp\/v2\/categories?post=4728"},{"taxonomy":"post_tag","embeddable":true,"href":"https:\/\/sites.ac-nancy-metz.fr\/lyc-alfred-mezieres-longwy\/wp-json\/wp\/v2\/tags?post=4728"}],"curies":[{"name":"wp","href":"https:\/\/api.w.org\/{rel}","templated":true}]}}