{"id":4736,"date":"2026-04-27T13:17:22","date_gmt":"2026-04-27T11:17:22","guid":{"rendered":"https:\/\/sites.ac-nancy-metz.fr\/lyc-alfred-mezieres-longwy\/?p=4736"},"modified":"2026-04-27T13:18:14","modified_gmt":"2026-04-27T11:18:14","slug":"le-lycee-alfred-mezieres-a-nouveau-labellise-ecole-etwinning","status":"publish","type":"post","link":"https:\/\/sites.ac-nancy-metz.fr\/lyc-alfred-mezieres-longwy\/le-lycee-alfred-mezieres-a-nouveau-labellise-ecole-etwinning\/","title":{"rendered":"Le lyc\u00e9e Alfred M\u00e9zi\u00e8res \u00e0 nouveau labellis\u00e9 \u00c9cole eTwinning"},"content":{"rendered":"\n<p class=\"has-vivid-green-cyan-color has-text-color has-link-color wp-elements-aaf20f3c90f87b41c6dd34daa669b7f4\"><strong>Le lyc\u00e9e Alfred M\u00e9zi\u00e8res vient de se voir attribuer, pour la deuxi\u00e8me fois cons\u00e9cutive, le label \u00c9cole eTwinning &#8211; 2026-2027<\/strong><\/p>\n\n\n\n<p>D\u00e9cern\u00e9 par la Plateforme europ\u00e9enne de l&#8217;\u00e9ducation scolaire, ce label distingue les \u00e9tablissements qui s&#8217;engagent durablement dans la coop\u00e9ration europ\u00e9enne entre \u00e9coles. Il r\u00e9compense un travail collectif autour de valeurs partag\u00e9es : leadership p\u00e9dagogique, collaboration entre enseignants, implication active des \u00e9l\u00e8ves, ouverture aux autres \u00e9tablissements et innovation dans les pratiques de classe.<\/p>\n\n\n\n<p>Obtenir ce label pour la deuxi\u00e8me fois de suite t\u00e9moigne de la dynamique europ\u00e9enne du lyc\u00e9e et de l&#8217;engagement de l&#8217;\u00e9quipe enseignante comme des \u00e9l\u00e8ves dans les projets de coop\u00e9ration europ\u00e9ens.&nbsp;\u00bb<\/p>\n\n\n<div class=\"wp-block-image\">\n<figure class=\"aligncenter size-full\"><img loading=\"lazy\" decoding=\"async\" width=\"407\" height=\"525\" src=\"http:\/\/sites.ac-nancy-metz.fr\/lyc-alfred-mezieres-longwy\/wp-content\/uploads\/2026\/04\/Twinning2026-27.png\" alt=\"\" class=\"wp-image-4734\" srcset=\"https:\/\/sites.ac-nancy-metz.fr\/lyc-alfred-mezieres-longwy\/wp-content\/uploads\/2026\/04\/Twinning2026-27.png 407w, https:\/\/sites.ac-nancy-metz.fr\/lyc-alfred-mezieres-longwy\/wp-content\/uploads\/2026\/04\/Twinning2026-27-233x300.png 233w\" sizes=\"(max-width: 407px) 100vw, 407px\" \/><\/figure><\/div>","protected":false},"excerpt":{"rendered":"<p>Le lyc\u00e9e Alfred M\u00e9zi\u00e8res vient de se voir attribuer, pour la deuxi\u00e8me fois cons\u00e9cutive, le label \u00c9cole eTwinning &#8211; 2026-2027<\/p>\n","protected":false},"author":1,"featured_media":4738,"comment_status":"closed","ping_status":"open","sticky":false,"template":"","format":"standard","meta":{"_exactmetrics_skip_tracking":false,"_exactmetrics_sitenote_active":false,"_exactmetrics_sitenote_note":"","_exactmetrics_sitenote_category":0,"footnotes":""},"categories":[26,16],"tags":[18],"_links":{"self":[{"href":"https:\/\/sites.ac-nancy-metz.fr\/lyc-alfred-mezieres-longwy\/wp-json\/wp\/v2\/posts\/4736"}],"collection":[{"href":"https:\/\/sites.ac-nancy-metz.fr\/lyc-alfred-mezieres-longwy\/wp-json\/wp\/v2\/posts"}],"about":[{"href":"https:\/\/sites.ac-nancy-metz.fr\/lyc-alfred-mezieres-longwy\/wp-json\/wp\/v2\/types\/post"}],"author":[{"embeddable":true,"href":"https:\/\/sites.ac-nancy-metz.fr\/lyc-alfred-mezieres-longwy\/wp-json\/wp\/v2\/users\/1"}],"replies":[{"embeddable":true,"href":"https:\/\/sites.ac-nancy-metz.fr\/lyc-alfred-mezieres-longwy\/wp-json\/wp\/v2\/comments?post=4736"}],"version-history":[{"count":0,"href":"https:\/\/sites.ac-nancy-metz.fr\/lyc-alfred-mezieres-longwy\/wp-json\/wp\/v2\/posts\/4736\/revisions"}],"wp:featuredmedia":[{"embeddable":true,"href":"https:\/\/sites.ac-nancy-metz.fr\/lyc-alfred-mezieres-longwy\/wp-json\/wp\/v2\/media\/4738"}],"wp:attachment":[{"href":"https:\/\/sites.ac-nancy-metz.fr\/lyc-alfred-mezieres-longwy\/wp-json\/wp\/v2\/media?parent=4736"}],"wp:term":[{"taxonomy":"category","embeddable":true,"href":"https:\/\/sites.ac-nancy-metz.fr\/lyc-alfred-mezieres-longwy\/wp-json\/wp\/v2\/categories?post=4736"},{"taxonomy":"post_tag","embeddable":true,"href":"https:\/\/sites.ac-nancy-metz.fr\/lyc-alfred-mezieres-longwy\/wp-json\/wp\/v2\/tags?post=4736"}],"curies":[{"name":"wp","href":"https:\/\/api.w.org\/{rel}","templated":true}]}}