{"id":2012,"date":"2023-08-16T10:08:33","date_gmt":"2023-08-16T08:08:33","guid":{"rendered":"https:\/\/sites.ac-nancy-metz.fr\/physique\/wp_local\/?p=2012"},"modified":"2025-10-26T19:47:27","modified_gmt":"2025-10-26T18:47:27","slug":"mise-a-jour-de-programmes-physique-chimie-de-6eme-et-enseignement-scientifique-de-premiere-et-de-terminale","status":"publish","type":"post","link":"https:\/\/sites.ac-nancy-metz.fr\/physique\/wp_local\/?p=2012","title":{"rendered":"Mise \u00e0 jour de programmes : Physique-chimie de 6\u00e8me et Enseignement scientifique de premi\u00e8re et de terminale"},"content":{"rendered":"\n<strong>Bulletin officiel n\u00b0 25 du 22 juin 2023<\/strong><br>\n<div style=\"display:inline-block;vertical-align:middle;\">\n<img decoding=\"async\" src=\"images\/logo_bo.png\" alt=\"BO\" title=\"BO\" id=\"actuphoto\">\n<\/div>\n<div style=\"display:inline-block;vertical-align:middle;\">\nVous pourrez prendre connaissance des textes parus au bulletin officiel :\n<br>\n<a href=\"https:\/\/www.education.gouv.fr\/bo\/2023\/Hebdo25\" target='_blank' rel=\"noopener\">Bulletin officiel n\u00b0 25 du 22 juin 2023 | Minist\u00e8re de l&rsquo;Education Nationale et de la Jeunesse<\/a>\n<\/div>\n<br><br>\n<strong>Programme de sciences et technologie <\/strong>du&nbsp;<a href=\"IPR\/BO_ProgrammeCycle3_2023.pdf\" title=\"T\u00e9l\u00e9charger 'BO_ProgrammeCycle3_2023'\">cycle 3<\/a><br>\nA compter de la rentr\u00e9e 2023\/2024<br>\n\n<br>\n<strong>Lyc\u00e9e g\u00e9n\u00e9ral : modification du programme d&rsquo;enseignement scientifique de la classe de premi\u00e8re.<\/strong><br>\nEnseignement commun de&nbsp;premi\u00e8re :&nbsp; <a href=\"IPR\/BO_ProgrammeEnseignementScientifiquePremiereGenerale_2023.pdf\" title=\"T\u00e9l\u00e9charger 'BO_ProgrammeEnseignementScientifiquePremiereGenerale_2023\" >Enseignement scientifique&nbsp;(rentr\u00e9e 2023)<br><\/a>\nA compter de la rentr\u00e9e 2023\/2024. (Les professeurs d\u00e9cident comment satisfaire aux objectifs de formation g\u00e9n\u00e9rale en traitant les contenus d\u2019au moins trois th\u00e8mes.)\n<br>\n<br>\n<strong>Lyc\u00e9e g\u00e9n\u00e9ral : modification du programme d&rsquo;enseignement scientifique de la classe de Terminale (rentr\u00e9e 2024).<\/strong><br>\nenseignement commun :&nbsp;<a href=\"IPR\/BO_ProgrammeEnseignementScientifiqueTerminaleGenerale_2023.pdf\" title=\"T\u00e9l\u00e9charger 'BO_ProgrammeEnseignementScientifiqueTerminaleGenerale_2023\" >enseignement scientifique<\/a><br>\nA compter de la rentr\u00e9e 2024\/2025. (Les professeurs d\u00e9cident comment satisfaire aux objectifs de formation g\u00e9n\u00e9rale en traitant les contenus de chaque th\u00e8me.)<br>\n","protected":false},"excerpt":{"rendered":"<p>Bulletin officiel n\u00b0 25 du 22 juin 2023 Vous pourrez prendre connaissance des textes parus au bulletin officiel : Bulletin officiel n\u00b0 25 du 22 juin 2023 | Minist\u00e8re de l&rsquo;Education Nationale et de la Jeunesse Programme de sciences et technologie du&nbsp;cycle 3 A compter de la rentr\u00e9e 2023\/2024 Lyc\u00e9e g\u00e9n\u00e9ral : modification du programme d&rsquo;enseignement scientifique de la classe de premi\u00e8re. Enseignement commun de&nbsp;premi\u00e8re :&nbsp; Enseignement scientifique&nbsp;(rentr\u00e9e 2023) A compter de la rentr\u00e9e 2023\/2024. (Les professeurs d\u00e9cident comment satisfaire aux objectifs de formation g\u00e9n\u00e9rale en traitant les contenus d\u2019au&hellip;<\/p>\n","protected":false},"author":1,"featured_media":2021,"comment_status":"open","ping_status":"open","sticky":false,"template":"","format":"standard","meta":{"footnotes":""},"categories":[10,7,9,14],"tags":[],"class_list":["post-2012","post","type-post","status-publish","format-standard","has-post-thumbnail","hentry","category-cycle-3","category-premiere","category-terminale","category-textes-officiels"],"gutentor_comment":0,"_links":{"self":[{"href":"https:\/\/sites.ac-nancy-metz.fr\/physique\/wp_local\/index.php?rest_route=\/wp\/v2\/posts\/2012","targetHints":{"allow":["GET"]}}],"collection":[{"href":"https:\/\/sites.ac-nancy-metz.fr\/physique\/wp_local\/index.php?rest_route=\/wp\/v2\/posts"}],"about":[{"href":"https:\/\/sites.ac-nancy-metz.fr\/physique\/wp_local\/index.php?rest_route=\/wp\/v2\/types\/post"}],"author":[{"embeddable":true,"href":"https:\/\/sites.ac-nancy-metz.fr\/physique\/wp_local\/index.php?rest_route=\/wp\/v2\/users\/1"}],"replies":[{"embeddable":true,"href":"https:\/\/sites.ac-nancy-metz.fr\/physique\/wp_local\/index.php?rest_route=%2Fwp%2Fv2%2Fcomments&post=2012"}],"version-history":[{"count":1,"href":"https:\/\/sites.ac-nancy-metz.fr\/physique\/wp_local\/index.php?rest_route=\/wp\/v2\/posts\/2012\/revisions"}],"predecessor-version":[{"id":2013,"href":"https:\/\/sites.ac-nancy-metz.fr\/physique\/wp_local\/index.php?rest_route=\/wp\/v2\/posts\/2012\/revisions\/2013"}],"wp:featuredmedia":[{"embeddable":true,"href":"https:\/\/sites.ac-nancy-metz.fr\/physique\/wp_local\/index.php?rest_route=\/wp\/v2\/media\/2021"}],"wp:attachment":[{"href":"https:\/\/sites.ac-nancy-metz.fr\/physique\/wp_local\/index.php?rest_route=%2Fwp%2Fv2%2Fmedia&parent=2012"}],"wp:term":[{"taxonomy":"category","embeddable":true,"href":"https:\/\/sites.ac-nancy-metz.fr\/physique\/wp_local\/index.php?rest_route=%2Fwp%2Fv2%2Fcategories&post=2012"},{"taxonomy":"post_tag","embeddable":true,"href":"https:\/\/sites.ac-nancy-metz.fr\/physique\/wp_local\/index.php?rest_route=%2Fwp%2Fv2%2Ftags&post=2012"}],"curies":[{"name":"wp","href":"https:\/\/api.w.org\/{rel}","templated":true}]}}