{"id":2484,"date":"2022-10-12T20:56:37","date_gmt":"2022-10-12T18:56:37","guid":{"rendered":"https:\/\/sites.ac-nancy-metz.fr\/physique\/wp_local\/?p=2484"},"modified":"2023-10-22T08:03:56","modified_gmt":"2023-10-22T06:03:56","slug":"alain-aspect-prix-nobel-de-physique-2022","status":"publish","type":"post","link":"https:\/\/sites.ac-nancy-metz.fr\/physique\/wp_local\/?p=2484","title":{"rendered":"Alain Aspect, prix Nobel de physique 2022"},"content":{"rendered":"\n<h5>Le Nobel de physique r\u00e9compense le Fran\u00e7ais Alain Aspect, pionnier de la \u00ab&nbsp;seconde r\u00e9volution quantique&nbsp;\u00bb<\/h5>\n\n<p>En 2022, le prix Nobel de physique a \u00e9t\u00e9 d\u00e9cern\u00e9 conjointement \u00e0 Alain Aspect, John F. Clauser et Anton Zeilinger. \u00ab\u00a0pour des exp\u00e9riences avec des photons intriqu\u00e9s, \u00e9tablissant la violation des in\u00e9galit\u00e9s de Bell et ouvrant la voie \u00e0 la science de l&rsquo;information quantique\u00a0\u00bb.<\/p>\n\n<p><a href=\"https:\/\/www.nobelprize.org\/prizes\/physics\/2022\/press-release\/\" target=\"_blank\" rel=\"noopener\">Article sur le site de l&rsquo;acad\u00e9mie Nobel<\/a><\/p>\n\n<p><a href=\"https:\/\/www.lemonde.fr\/international\/article\/2022\/10\/04\/le-prix-nobel-de-physique-2022-attribue-au-francais-alain-aspect-a-l-americain-john-clauser-et-a-l-autrichien-anton-zeilinger-pour-leurs-travaux-sur-la-revolution-quantique_6144338_3210.html#:~:text=Le%20prix%20Nobel%20de%20physique%202022%20a%20\u00e9t\u00e9%20attribu\u00e9%20au,l'Acad\u00e9mie%20royale%20des%20sciences\" target=\"_blank\" rel=\"noopener\">Article sur le site du Monde.<\/a>\n","protected":false},"excerpt":{"rendered":"<p>Le Nobel de physique r\u00e9compense le Fran\u00e7ais Alain Aspect, pionnier de la \u00ab&nbsp;seconde r\u00e9volution quantique&nbsp;\u00bb En 2022, le prix Nobel de physique a \u00e9t\u00e9 d\u00e9cern\u00e9 conjointement \u00e0 Alain Aspect, John F. Clauser et Anton Zeilinger. \u00ab\u00a0pour des exp\u00e9riences avec des photons intriqu\u00e9s, \u00e9tablissant la violation des in\u00e9galit\u00e9s de Bell et ouvrant la voie \u00e0 la science de l&rsquo;information quantique\u00a0\u00bb. Article sur le site de l&rsquo;acad\u00e9mie Nobel Article sur le site du Monde.<\/p>\n","protected":false},"author":1,"featured_media":2488,"comment_status":"open","ping_status":"open","sticky":false,"template":"","format":"standard","meta":{"footnotes":""},"categories":[12,6,19,17,15],"tags":[],"class_list":["post-2484","post","type-post","status-publish","format-standard","has-post-thumbnail","hentry","category-actualites-scientifiques","category-lycee","category-nobel","category-personnage-celebre","category-physique"],"gutentor_comment":0,"_links":{"self":[{"href":"https:\/\/sites.ac-nancy-metz.fr\/physique\/wp_local\/index.php?rest_route=\/wp\/v2\/posts\/2484","targetHints":{"allow":["GET"]}}],"collection":[{"href":"https:\/\/sites.ac-nancy-metz.fr\/physique\/wp_local\/index.php?rest_route=\/wp\/v2\/posts"}],"about":[{"href":"https:\/\/sites.ac-nancy-metz.fr\/physique\/wp_local\/index.php?rest_route=\/wp\/v2\/types\/post"}],"author":[{"embeddable":true,"href":"https:\/\/sites.ac-nancy-metz.fr\/physique\/wp_local\/index.php?rest_route=\/wp\/v2\/users\/1"}],"replies":[{"embeddable":true,"href":"https:\/\/sites.ac-nancy-metz.fr\/physique\/wp_local\/index.php?rest_route=%2Fwp%2Fv2%2Fcomments&post=2484"}],"version-history":[{"count":3,"href":"https:\/\/sites.ac-nancy-metz.fr\/physique\/wp_local\/index.php?rest_route=\/wp\/v2\/posts\/2484\/revisions"}],"predecessor-version":[{"id":2541,"href":"https:\/\/sites.ac-nancy-metz.fr\/physique\/wp_local\/index.php?rest_route=\/wp\/v2\/posts\/2484\/revisions\/2541"}],"wp:featuredmedia":[{"embeddable":true,"href":"https:\/\/sites.ac-nancy-metz.fr\/physique\/wp_local\/index.php?rest_route=\/wp\/v2\/media\/2488"}],"wp:attachment":[{"href":"https:\/\/sites.ac-nancy-metz.fr\/physique\/wp_local\/index.php?rest_route=%2Fwp%2Fv2%2Fmedia&parent=2484"}],"wp:term":[{"taxonomy":"category","embeddable":true,"href":"https:\/\/sites.ac-nancy-metz.fr\/physique\/wp_local\/index.php?rest_route=%2Fwp%2Fv2%2Fcategories&post=2484"},{"taxonomy":"post_tag","embeddable":true,"href":"https:\/\/sites.ac-nancy-metz.fr\/physique\/wp_local\/index.php?rest_route=%2Fwp%2Fv2%2Ftags&post=2484"}],"curies":[{"name":"wp","href":"https:\/\/api.w.org\/{rel}","templated":true}]}}