{"id":3733,"date":"2023-12-21T20:34:03","date_gmt":"2023-12-21T19:34:03","guid":{"rendered":"https:\/\/sites.ac-nancy-metz.fr\/physique\/wp_local\/?p=3733"},"modified":"2025-01-25T17:15:53","modified_gmt":"2025-01-25T16:15:53","slug":"la-connexion-reussie-au-reseau-du-reacteur-epr-de-flamanville","status":"publish","type":"post","link":"https:\/\/sites.ac-nancy-metz.fr\/physique\/wp_local\/?p=3733","title":{"rendered":"La Connexion R\u00e9ussie au R\u00e9seau du R\u00e9acteur EPR de Flamanville"},"content":{"rendered":"\n<span>L\u2019EPR (European Pressurized Reactor) de Flamanville repr\u00e9sente l\u2019une des initiatives les plus ambitieuses dans le domaine de l\u2019\u00e9nergie nucl\u00e9aire en Europe. Con\u00e7u pour illustrer les progr\u00e8s technologiques, les am\u00e9liorations en mati\u00e8re de s\u00fbret\u00e9 et l\u2019efficacit\u00e9 \u00e9nerg\u00e9tique, ce projet incarne les aspirations de la France \u00e0 maintenir son leadership dans le secteur \u00e9nerg\u00e9tique. Situ\u00e9 dans la commune de Flamanville, dans la Manche, ce r\u00e9acteur de troisi\u00e8me g\u00e9n\u00e9ration est \u00e0 la fois un d\u00e9fi technique et un projet controvers\u00e9.<\/span>\n<\/p><h2>\t<span>Contexte et Objectifs<\/span><\/h2>\n<p><span>Le projet EPR de Flamanville a \u00e9t\u00e9 initi\u00e9 dans les ann\u00e9es 2000 avec pour objectif de remplacer les r\u00e9acteurs nucl\u00e9aires plus anciens et de r\u00e9pondre aux besoins croissants en \u00e9nergie tout en r\u00e9duisant les \u00e9missions de gaz \u00e0 effet de serre. Cette technologie, d\u00e9velopp\u00e9e par le groupe EDF (Electricit\u00e9 de France) et Framatome, promet des performances accrues gr\u00e2ce \u00e0 une puissance install\u00e9e de 1650 MWe et une meilleure efficacit\u00e9 thermodynamique.<\/span><\/p>\n<p><span>L\u2019EPR vise \u00e9galement \u00e0 r\u00e9pondre aux normes de s\u00fbret\u00e9 post-Fukushima, avec des syst\u00e8mes de protection redondants et une r\u00e9duction significative des risques li\u00e9s \u00e0 des accidents graves.<\/span><\/p>\n<h2><span>Description Technique<\/span><\/h2>\n<h3><span>Conception et Fonctionnement<\/span><\/h3>\n<p><span>L\u2019EPR est un r\u00e9acteur \u00e0 eau pressuris\u00e9e (PWR) qui repose sur des technologies \u00e9prouv\u00e9es, mais avec des innovations cl\u00e9s :<\/span><\/p>\n<ul data-spread=\"false\"> <p><span><strong>Augmentation de la puissance thermique<\/strong><\/span>\n<span> : Avec une puissance brute de 4500 MWth, l\u2019EPR exploite au maximum la fission nucl\u00e9aire pour g\u00e9n\u00e9rer de l\u2019\u00e9lectricit\u00e9.<\/span><\/p> \n <p><span><strong>Confinement renforc\u00e9<\/strong><\/span><span> : Une double enceinte de confinement capable de r\u00e9sister \u00e0 des chocs extr\u00eames (comme un crash d\u2019avion).<\/span><\/p>  <p><span><strong>Syst\u00e8me de refroidissement<\/strong><\/span><span> : Une redondance \u00e0 plusieurs niveaux pour \u00e9viter tout risque de surchauffe.<\/span><\/p>  <p><span><strong>Combustible optimis\u00e9<\/strong><\/span><span> : Utilisation de combustibles plus efficaces permettant une dur\u00e9e de cycle prolong\u00e9e.<\/span><\/p> <\/ul><h3><span>Innovations en Mati\u00e8re de S\u00fbret\u00e9<\/span><\/h3><p><span>L\u2019EPR int\u00e8gre des syst\u00e8mes de s\u00fbret\u00e9 passive et active, tels que le r\u00e9cup\u00e9rateur de corium, con\u00e7u pour contenir le combustible fondu en cas de fusion du c\u0153ur. Les contr\u00f4les num\u00e9riques avanc\u00e9s assurent une surveillance constante des param\u00e8tres critiques.<\/span><\/p><h2><span>D\u00e9fis et Retards<\/span><\/h2><p><span>Depuis son lancement, le chantier de l\u2019EPR de Flamanville a \u00e9t\u00e9 marqu\u00e9 par des retards consid\u00e9rables et des co\u00fbts en augmentation. Initialement pr\u00e9vu pour une mise en service en 2012, le projet a connu des difficult\u00e9s :<\/span><\/p><ul data-spread=\"false\"> <p><span><strong>Probl\u00e8mes de construction<\/strong><\/span><span> : Non-conformit\u00e9s d\u00e9tect\u00e9es sur des composants critiques comme la cuve du r\u00e9acteur.<\/span><\/p>  <p><span><strong>R\u00e9\u00e9valuations des normes<\/strong><\/span><span> : Int\u00e9gration des nouvelles exigences de s\u00fbret\u00e9 post-Fukushima.<\/span><\/p>  <p><span><strong>Co\u00fbts \u00e9lev\u00e9s<\/strong><\/span><span> : Le budget initial de 3,3 milliards d\u2019euros a d\u00e9pass\u00e9 les 13 milliards d\u2019euros en 2023.<\/span><\/p> <\/ul><p><span>Ces d\u00e9fis ont aliment\u00e9 des critiques sur la faisabilit\u00e9 \u00e9conomique et la gestion du projet.<\/span><\/p><h2><span>Perspectives et Impacts<\/span><\/h2><p><span>Malgr\u00e9 les retards, l\u2019EPR de Flamanville reste un projet embl\u00e9matique. Il permettra \u00e0 la France de :<\/span><\/p><ul data-spread=\"false\"> <p><span><strong>Renforcer son ind\u00e9pendance \u00e9nerg\u00e9tique<\/strong><\/span><span> : Une source stable d\u2019\u00e9nergie \u00e9lectrique bas-carbone.<\/span><\/p>  <p><span><strong>Contribuer \u00e0 la lutte contre le changement climatique<\/strong><\/span><span> : Remplacement des \u00e9nergies fossiles par une \u00e9nergie alternative.<\/span><\/p>  <p><span><strong>Exporter son savoir-faire<\/strong><\/span><span> : Mod\u00e8le pour d\u2019autres projets EPR dans le monde (Chine, Finlande).<\/span><\/p> <\/ul><p><span>Cependant, l\u2019EPR soul\u00e8ve des questions sur la place du nucl\u00e9aire dans la transition \u00e9nerg\u00e9tique et l\u2019adoption des \u00e9nergies renouvelables.<\/span><\/p>\n\n\n\n<p><\/p>\n","protected":false},"excerpt":{"rendered":"<p>L\u2019EPR (European Pressurized Reactor) de Flamanville repr\u00e9sente l\u2019une des initiatives les plus ambitieuses dans le domaine de l\u2019\u00e9nergie nucl\u00e9aire en Europe. Con\u00e7u pour illustrer les progr\u00e8s technologiques, les am\u00e9liorations en mati\u00e8re de s\u00fbret\u00e9 et l\u2019efficacit\u00e9 \u00e9nerg\u00e9tique, ce projet incarne les aspirations de la France \u00e0 maintenir son leadership dans le secteur \u00e9nerg\u00e9tique. Situ\u00e9 dans la commune de Flamanville, dans la Manche, ce r\u00e9acteur de troisi\u00e8me g\u00e9n\u00e9ration est \u00e0 la fois un d\u00e9fi technique et un projet controvers\u00e9. Contexte et Objectifs Le projet EPR de Flamanville a \u00e9t\u00e9 initi\u00e9 dans les&hellip;<\/p>\n","protected":false},"author":1,"featured_media":3744,"comment_status":"closed","ping_status":"open","sticky":false,"template":"","format":"standard","meta":{"footnotes":""},"categories":[1],"tags":[],"class_list":["post-3733","post","type-post","status-publish","format-standard","has-post-thumbnail","hentry","category-seconde"],"gutentor_comment":0,"_links":{"self":[{"href":"https:\/\/sites.ac-nancy-metz.fr\/physique\/wp_local\/index.php?rest_route=\/wp\/v2\/posts\/3733","targetHints":{"allow":["GET"]}}],"collection":[{"href":"https:\/\/sites.ac-nancy-metz.fr\/physique\/wp_local\/index.php?rest_route=\/wp\/v2\/posts"}],"about":[{"href":"https:\/\/sites.ac-nancy-metz.fr\/physique\/wp_local\/index.php?rest_route=\/wp\/v2\/types\/post"}],"author":[{"embeddable":true,"href":"https:\/\/sites.ac-nancy-metz.fr\/physique\/wp_local\/index.php?rest_route=\/wp\/v2\/users\/1"}],"replies":[{"embeddable":true,"href":"https:\/\/sites.ac-nancy-metz.fr\/physique\/wp_local\/index.php?rest_route=%2Fwp%2Fv2%2Fcomments&post=3733"}],"version-history":[{"count":6,"href":"https:\/\/sites.ac-nancy-metz.fr\/physique\/wp_local\/index.php?rest_route=\/wp\/v2\/posts\/3733\/revisions"}],"predecessor-version":[{"id":3743,"href":"https:\/\/sites.ac-nancy-metz.fr\/physique\/wp_local\/index.php?rest_route=\/wp\/v2\/posts\/3733\/revisions\/3743"}],"wp:featuredmedia":[{"embeddable":true,"href":"https:\/\/sites.ac-nancy-metz.fr\/physique\/wp_local\/index.php?rest_route=\/wp\/v2\/media\/3744"}],"wp:attachment":[{"href":"https:\/\/sites.ac-nancy-metz.fr\/physique\/wp_local\/index.php?rest_route=%2Fwp%2Fv2%2Fmedia&parent=3733"}],"wp:term":[{"taxonomy":"category","embeddable":true,"href":"https:\/\/sites.ac-nancy-metz.fr\/physique\/wp_local\/index.php?rest_route=%2Fwp%2Fv2%2Fcategories&post=3733"},{"taxonomy":"post_tag","embeddable":true,"href":"https:\/\/sites.ac-nancy-metz.fr\/physique\/wp_local\/index.php?rest_route=%2Fwp%2Fv2%2Ftags&post=3733"}],"curies":[{"name":"wp","href":"https:\/\/api.w.org\/{rel}","templated":true}]}}