{"id":3923,"date":"2025-01-25T13:58:40","date_gmt":"2025-01-25T12:58:40","guid":{"rendered":"https:\/\/sites.ac-nancy-metz.fr\/physique\/wp_local\/?p=3923"},"modified":"2025-01-25T13:58:41","modified_gmt":"2025-01-25T12:58:41","slug":"alignement-celeste-spectaculaire","status":"publish","type":"post","link":"https:\/\/sites.ac-nancy-metz.fr\/physique\/wp_local\/?p=3923","title":{"rendered":"Alignement C\u00e9leste Spectaculaire"},"content":{"rendered":"\n<p>Le 28 f\u00e9vrier 2025, un \u00e9v\u00e9nement astronomique exceptionnel se produira : les sept autres plan\u00e8tes principales de notre syst\u00e8me solaire, Mercure, V\u00e9nus, Mars, Jupiter, Saturne, Uranus et Neptune, s&rsquo;aligneront dans le ciel, offrant un spectacle rare aux observateurs terrestres.<\/p>\n\n\n\n<p>Bien que ces alignements soient principalement des effets visuels dus \u00e0 la perspective terrestre, ils n&rsquo;en demeurent pas moins impressionnants. Les plan\u00e8tes suivent des orbites situ\u00e9es approximativement sur le m\u00eame plan, appel\u00e9 plan de l&rsquo;\u00e9cliptique, ce qui permet, \u00e0 certains moments, de les voir align\u00e9es depuis notre point de vue.<\/p>\n\n\n\n<p>Pour observer cet alignement, il est recommand\u00e9 de choisir un lieu offrant une vue d\u00e9gag\u00e9e de l&rsquo;horizon et \u00e9loign\u00e9 de la pollution lumineuse. Les meilleures conditions d&rsquo;observation se situeront peu apr\u00e8s le coucher du soleil. Parmi les sept plan\u00e8tes align\u00e9es, cinq seront visibles \u00e0 l&rsquo;\u0153il nu : Mercure, V\u00e9nus, Mars, Jupiter et Saturne. Pour Uranus et Neptune, l&rsquo;utilisation de jumelles ou d&rsquo;un t\u00e9lescope sera n\u00e9cessaire.<\/p>\n\n\n\n<p>Un alignement de cette ampleur est rare et constitue une occasion unique pour les passionn\u00e9s d&rsquo;astronomie et les curieux d&rsquo;observer une telle configuration c\u00e9leste. Le dernier \u00e9v\u00e9nement similaire remonte \u00e0 plusieurs ann\u00e9es, et le prochain n&rsquo;est pas attendu avant une d\u00e9cennie.<\/p>\n\n\n\n<p>En cas de conditions m\u00e9t\u00e9orologiques d\u00e9favorables le 28 f\u00e9vrier, il est conseill\u00e9 de tenter des observations les jours pr\u00e9c\u00e9dant ou suivant cette date, car les plan\u00e8tes resteront proches les unes des autres pendant une courte p\u00e9riode. N&rsquo;oubliez pas de v\u00e9rifier les pr\u00e9visions m\u00e9t\u00e9orologiques locales et de vous munir de v\u00eatements chauds si les temp\u00e9ratures sont basses.<\/p>\n\n\n\n<p>Ne manquez pas cette opportunit\u00e9 rare d&rsquo;admirer un alignement plan\u00e9taire spectaculaire et de contempler la majest\u00e9 de notre syst\u00e8me solaire.<\/p>\n","protected":false},"excerpt":{"rendered":"<p>Le 28 f\u00e9vrier 2025, un \u00e9v\u00e9nement astronomique exceptionnel se produira : les sept autres plan\u00e8tes principales de notre syst\u00e8me solaire, Mercure, V\u00e9nus, Mars, Jupiter, Saturne, Uranus et Neptune, s&rsquo;aligneront dans le ciel, offrant un spectacle rare aux observateurs terrestres. Bien que ces alignements soient principalement des effets visuels dus \u00e0 la perspective terrestre, ils n&rsquo;en demeurent pas moins impressionnants. Les plan\u00e8tes suivent des orbites situ\u00e9es approximativement sur le m\u00eame plan, appel\u00e9 plan de l&rsquo;\u00e9cliptique, ce qui permet, \u00e0 certains moments, de les voir align\u00e9es depuis notre point de vue. Pour&hellip;<\/p>\n","protected":false},"author":1,"featured_media":3924,"comment_status":"closed","ping_status":"open","sticky":false,"template":"","format":"standard","meta":{"footnotes":""},"categories":[1],"tags":[],"class_list":["post-3923","post","type-post","status-publish","format-standard","has-post-thumbnail","hentry","category-seconde"],"gutentor_comment":0,"_links":{"self":[{"href":"https:\/\/sites.ac-nancy-metz.fr\/physique\/wp_local\/index.php?rest_route=\/wp\/v2\/posts\/3923","targetHints":{"allow":["GET"]}}],"collection":[{"href":"https:\/\/sites.ac-nancy-metz.fr\/physique\/wp_local\/index.php?rest_route=\/wp\/v2\/posts"}],"about":[{"href":"https:\/\/sites.ac-nancy-metz.fr\/physique\/wp_local\/index.php?rest_route=\/wp\/v2\/types\/post"}],"author":[{"embeddable":true,"href":"https:\/\/sites.ac-nancy-metz.fr\/physique\/wp_local\/index.php?rest_route=\/wp\/v2\/users\/1"}],"replies":[{"embeddable":true,"href":"https:\/\/sites.ac-nancy-metz.fr\/physique\/wp_local\/index.php?rest_route=%2Fwp%2Fv2%2Fcomments&post=3923"}],"version-history":[{"count":1,"href":"https:\/\/sites.ac-nancy-metz.fr\/physique\/wp_local\/index.php?rest_route=\/wp\/v2\/posts\/3923\/revisions"}],"predecessor-version":[{"id":3925,"href":"https:\/\/sites.ac-nancy-metz.fr\/physique\/wp_local\/index.php?rest_route=\/wp\/v2\/posts\/3923\/revisions\/3925"}],"wp:featuredmedia":[{"embeddable":true,"href":"https:\/\/sites.ac-nancy-metz.fr\/physique\/wp_local\/index.php?rest_route=\/wp\/v2\/media\/3924"}],"wp:attachment":[{"href":"https:\/\/sites.ac-nancy-metz.fr\/physique\/wp_local\/index.php?rest_route=%2Fwp%2Fv2%2Fmedia&parent=3923"}],"wp:term":[{"taxonomy":"category","embeddable":true,"href":"https:\/\/sites.ac-nancy-metz.fr\/physique\/wp_local\/index.php?rest_route=%2Fwp%2Fv2%2Fcategories&post=3923"},{"taxonomy":"post_tag","embeddable":true,"href":"https:\/\/sites.ac-nancy-metz.fr\/physique\/wp_local\/index.php?rest_route=%2Fwp%2Fv2%2Ftags&post=3923"}],"curies":[{"name":"wp","href":"https:\/\/api.w.org\/{rel}","templated":true}]}}