{"id":4314,"date":"2026-01-01T10:14:21","date_gmt":"2026-01-01T09:14:21","guid":{"rendered":"https:\/\/sites.ac-nancy-metz.fr\/physique\/wp_local\/?p=4314"},"modified":"2026-02-26T07:12:44","modified_gmt":"2026-02-26T06:12:44","slug":"leclipse-solaire-totale-du-12-aout-2026","status":"publish","type":"post","link":"https:\/\/sites.ac-nancy-metz.fr\/physique\/wp_local\/?p=4314","title":{"rendered":"L\u2019\u00e9clipse Solaire du 12 ao\u00fbt 2026"},"content":{"rendered":"\n<p>Le <strong>mercredi 12 ao\u00fbt 2026<\/strong>, le ciel europ\u00e9en s&rsquo;assombrira en plein apr\u00e8s-midi pour offrir l&rsquo;un des spectacles astronomiques les plus impressionnants qui soient : une \u00e9clipse totale de Soleil .La premi\u00e8re \u00e9clipse totale traversant une partie de l&rsquo;Europe occidentale depuis celle du 11 ao\u00fbt 1999 . Si la France m\u00e9tropolitaine ne se trouvera pas sur le chemin de la totalit\u00e9, elle vivra tout de m\u00eame une \u00e9clipse partielle d&rsquo;une ampleur remarquable, avec un Soleil en fin de journ\u00e9e .<\/p>\n\n\n\n<h2 class=\"wp-block-heading\">Qu&rsquo;est-ce qu&rsquo;une \u00e9clipse solaire totale ?<\/h2>\n\n\n\n<p>Une \u00e9clipse solaire se produit lorsque la Lune s&rsquo;interpose exactement entre la Terre et le Soleil, projetant son ombre sur notre plan\u00e8te. Dans le cas d&rsquo;une \u00e9clipse totale, le disque lunaire masque enti\u00e8rement la lumi\u00e8re du Soleil. Pendant quelques pr\u00e9cieuses minutes, le jour se transforme en une br\u00e8ve nuit, la temp\u00e9rature chute, et la <strong>couronne solaire<\/strong> (l&rsquo;atmosph\u00e8re ext\u00e9rieure du Soleil), habituellement invisible, appara\u00eet dans toute sa splendeur .<\/p>\n\n\n\n<h2 class=\"wp-block-heading\">O\u00f9 et quand observer la totalit\u00e9 ?<\/h2>\n\n\n\n<p>Le ph\u00e9nom\u00e8ne de totalit\u00e9 ne sera visible que depuis une bande de territoire relativement \u00e9troite, appel\u00e9e <strong>bande de centralit\u00e9<\/strong>, d&rsquo;environ 200 \u00e0 300 km de large .<\/p>\n\n\n\n<h3 class=\"wp-block-heading\">Le trajet de l&rsquo;ombre<\/h3>\n\n\n\n<p>Le c\u00f4ne d&rsquo;ombre de la Lune d\u00e9butera sa course dans le nord de la Russie (p\u00e9ninsule de Ta\u00efmyr), traversera l&rsquo;oc\u00e9an Arctique, effleurera le Groenland et l&rsquo;ouest de l&rsquo;Islande, avant de plonger vers le sud en direction de l&rsquo;Europe.<\/p>\n\n\n\n<h3 class=\"wp-block-heading\">Les meilleurs spots en Europe<\/h3>\n\n\n\n<p>Bien que de faible couverture g\u00e9ographique \u00e0 l&rsquo;\u00e9chelle du continent, il s&rsquo;agit bel et bien d&rsquo;une \u00e9clipse solaire totale \u00ab&nbsp;europ\u00e9enne&nbsp;\u00bb, suivant celles du 11 ao\u00fbt 1999.<\/p>\n\n\n\n<p>Le c\u00f4ne d&rsquo;ombre de la Lune traversera l&rsquo;Islande, l&rsquo;Espagne, et mordant une infime extr\u00e9mit\u00e9 de 5 km au nord-est du Portugal.<\/p>\n\n\n\n<h2 class=\"wp-block-heading\">Que verra-t-on en France ?<\/h2>\n\n\n\n<p>Bien que la France m\u00e9tropolitaine ne soit pas sur le chemin de la totalit\u00e9, elle ne sera pas en reste. L&rsquo;ensemble du pays assistera \u00e0 une <strong>\u00e9clipse solaire partielle de tr\u00e8s forte magnitude<\/strong> .<\/p>\n\n\n\n<h3 class=\"wp-block-heading\">Horaires \u00e0 retenir<\/h3>\n\n\n\n<p>L&rsquo;\u00e9clipse se d\u00e9roulera en fin d&rsquo;apr\u00e8s-midi et se poursuivra jusqu&rsquo;au coucher du Soleil. Les horaires (en heure l\u00e9gale fran\u00e7aise, UTC+2) varient l\u00e9g\u00e8rement selon la position g\u00e9ographique :<\/p>\n\n\n\n<ul class=\"wp-block-list\">\n<li><strong>D\u00e9but de l&rsquo;\u00e9clipse partielle<\/strong> : vers <strong>19h20<\/strong> (dans l&rsquo;ouest) \u00e0 <strong>19h35<\/strong> (dans l&rsquo;est).<\/li>\n\n\n\n<li><strong>Maximum de l&rsquo;\u00e9clipse<\/strong> : entre <strong>20h15 et 20h30<\/strong>.<\/li>\n\n\n\n<li><strong>Fin de l&rsquo;\u00e9clipse<\/strong> : le Soleil se couchera alors qu&rsquo;il sera encore \u00e9clips\u00e9. \u00c0 Toulouse par exemple, l&rsquo;\u00e9clipse se terminera apr\u00e8s le coucher du soleil .<\/li>\n<\/ul>\n\n\n\n<p>Comme en Espagne, le Soleil sera tr\u00e8s bas sur l&rsquo;horizon ouest au moment du maximum (par exemple, seulement 5\u00b0 de hauteur \u00e0 Toulouse, 7\u00b0 \u00e0 Paris, 11\u00b0 \u00e0 Brest) . Un horizon d\u00e9gag\u00e9 vers l&rsquo;ouest sera donc la cl\u00e9 pour profiter pleinement du spectacle.<\/p>\n\n\n\n<h2 class=\"wp-block-heading\">S\u00e9curit\u00e9 : une r\u00e8gle imp\u00e9rative<\/h2>\n\n\n\n<p>Il est crucial de ne jamais regarder le Soleil directement sans protection, que ce soit \u00e0 l&rsquo;\u0153il nu, avec des lunettes de soleil ou des instruments d&rsquo;optique, <strong>m\u00eame \u00e0 99% de son diam\u00e8tre<\/strong> . Les rayons infrarouges et ultraviolets, invisibles, causent des br\u00fblures r\u00e9tiniennes graves, indolores et irr\u00e9versibles .<\/p>\n\n\n\n<ul class=\"wp-block-list\">\n<li><strong>Pendant la phase partielle (c&rsquo;est-\u00e0-dire partout en France et avant\/apr\u00e8s la totalit\u00e9)<\/strong> : il est imp\u00e9ratif d&rsquo;utiliser des <strong>lunettes sp\u00e9ciales \u00ab\u00a0\u00e9clipse\u00a0\u00bb<\/strong> portant la certification <strong>ISO 12312-2<\/strong> . V\u00e9rifiez qu&rsquo;elles sont en parfait \u00e9tat, sans rayure.<\/li>\n\n\n\n<li><strong>Pendant la totalit\u00e9 (uniquement si vous \u00eates dans la bande de centralit\u00e9 en Espagne)<\/strong> : vous pouvez retirer vos lunettes pour admirer la couronne solaire pendant les pr\u00e9cieuses secondes o\u00f9 le Soleil est enti\u00e8rement masqu\u00e9. D\u00e8s que le premier rayon de soleil r\u00e9appara\u00eet, il faut remettre la protection .<\/li>\n\n\n\n<li><strong>Autres m\u00e9thodes<\/strong> : L&rsquo;observation par projection (avec un carton trou\u00e9 ou une \u00ab\u00a0chambre noire\u00a0\u00bb) est une alternative s\u00fbre et ludique, ne n\u00e9cessitant pas de regarder le Soleil directement .<\/li>\n<\/ul>\n","protected":false},"excerpt":{"rendered":"<p>Le mercredi 12 ao\u00fbt 2026, le ciel europ\u00e9en s&rsquo;assombrira en plein apr\u00e8s-midi pour offrir l&rsquo;un des spectacles astronomiques les plus impressionnants qui soient : une \u00e9clipse totale de Soleil .La premi\u00e8re \u00e9clipse totale traversant une partie de l&rsquo;Europe occidentale depuis celle du 11 ao\u00fbt 1999 . Si la France m\u00e9tropolitaine ne se trouvera pas sur le chemin de la totalit\u00e9, elle vivra tout de m\u00eame une \u00e9clipse partielle d&rsquo;une ampleur remarquable, avec un Soleil en fin de journ\u00e9e . Qu&rsquo;est-ce qu&rsquo;une \u00e9clipse solaire totale ? Une \u00e9clipse solaire se produit&hellip;<\/p>\n","protected":false},"author":1,"featured_media":4320,"comment_status":"closed","ping_status":"open","sticky":false,"template":"","format":"standard","meta":{"footnotes":""},"categories":[1],"tags":[],"class_list":["post-4314","post","type-post","status-publish","format-standard","has-post-thumbnail","hentry","category-seconde"],"gutentor_comment":0,"_links":{"self":[{"href":"https:\/\/sites.ac-nancy-metz.fr\/physique\/wp_local\/index.php?rest_route=\/wp\/v2\/posts\/4314","targetHints":{"allow":["GET"]}}],"collection":[{"href":"https:\/\/sites.ac-nancy-metz.fr\/physique\/wp_local\/index.php?rest_route=\/wp\/v2\/posts"}],"about":[{"href":"https:\/\/sites.ac-nancy-metz.fr\/physique\/wp_local\/index.php?rest_route=\/wp\/v2\/types\/post"}],"author":[{"embeddable":true,"href":"https:\/\/sites.ac-nancy-metz.fr\/physique\/wp_local\/index.php?rest_route=\/wp\/v2\/users\/1"}],"replies":[{"embeddable":true,"href":"https:\/\/sites.ac-nancy-metz.fr\/physique\/wp_local\/index.php?rest_route=%2Fwp%2Fv2%2Fcomments&post=4314"}],"version-history":[{"count":9,"href":"https:\/\/sites.ac-nancy-metz.fr\/physique\/wp_local\/index.php?rest_route=\/wp\/v2\/posts\/4314\/revisions"}],"predecessor-version":[{"id":4514,"href":"https:\/\/sites.ac-nancy-metz.fr\/physique\/wp_local\/index.php?rest_route=\/wp\/v2\/posts\/4314\/revisions\/4514"}],"wp:featuredmedia":[{"embeddable":true,"href":"https:\/\/sites.ac-nancy-metz.fr\/physique\/wp_local\/index.php?rest_route=\/wp\/v2\/media\/4320"}],"wp:attachment":[{"href":"https:\/\/sites.ac-nancy-metz.fr\/physique\/wp_local\/index.php?rest_route=%2Fwp%2Fv2%2Fmedia&parent=4314"}],"wp:term":[{"taxonomy":"category","embeddable":true,"href":"https:\/\/sites.ac-nancy-metz.fr\/physique\/wp_local\/index.php?rest_route=%2Fwp%2Fv2%2Fcategories&post=4314"},{"taxonomy":"post_tag","embeddable":true,"href":"https:\/\/sites.ac-nancy-metz.fr\/physique\/wp_local\/index.php?rest_route=%2Fwp%2Fv2%2Ftags&post=4314"}],"curies":[{"name":"wp","href":"https:\/\/api.w.org\/{rel}","templated":true}]}}